{"id":80074,"date":"2020-02-05T19:59:10","date_gmt":"2020-02-06T01:59:10","guid":{"rendered":"https:\/\/www.uv.mx\/prensa\/?p=80074"},"modified":"2020-02-07T11:44:43","modified_gmt":"2020-02-07T17:44:43","slug":"uv-y-u-anahuac-se-enfrentaran-en-el-campeonato-telmex-telcel","status":"publish","type":"post","link":"https:\/\/www.uv.mx\/prensa\/deportes\/uv-y-u-anahuac-se-enfrentaran-en-el-campeonato-telmex-telcel\/","title":{"rendered":"UV y U. An\u00e1huac se enfrentar\u00e1n en el Campeonato <em>Telmex-Telcel<\/em>"},"content":{"rendered":"<ul>\n<li data-leveltext=\"\uf0b7\" data-font=\"Symbol\" data-listid=\"1\" data-aria-posinset=\"1\" data-aria-level=\"1\"><i><span data-contrast=\"none\">El viernes 7 de febrero a las 15:00 hora<\/span><\/i><i><span data-contrast=\"none\">s, en la cancha uno de la Unidad Deportiva Universitaria de la UV<\/span><\/i><span data-ccp-props=\"{&quot;201341983&quot;:0,&quot;335559739&quot;:160,&quot;335559740&quot;:240}\">\u00a0<\/span><\/li>\n<\/ul>\n<div id=\"attachment_80075\" style=\"width: 732px\" class=\"wp-caption aligncenter\"><a href=\"https:\/\/www.uv.mx\/prensa\/files\/2020\/02\/050220-CUTelmex.jpg\"><img loading=\"lazy\" decoding=\"async\" aria-describedby=\"caption-attachment-80075\" class=\"size-full wp-image-80075\" src=\"https:\/\/www.uv.mx\/prensa\/files\/2020\/02\/050220-CUTelmex.jpg\" alt=\"\" width=\"722\" height=\"481\" srcset=\"https:\/\/www.uv.mx\/prensa\/files\/2020\/02\/050220-CUTelmex.jpg 722w, https:\/\/www.uv.mx\/prensa\/files\/2020\/02\/050220-CUTelmex-300x200.jpg 300w\" sizes=\"auto, (max-width: 722px) 100vw, 722px\" \/><\/a><p id=\"caption-attachment-80075\" class=\"wp-caption-text\">La escuadra femenil de la UV marcha en tercer lugar del Grupo IV<\/p><\/div>\n<p><b><i><span data-contrast=\"none\">05\/02\/2020, <\/span><\/i><\/b><b><i><span data-contrast=\"none\">Xalapa, <\/span><\/i><\/b><b><i><span data-contrast=\"none\">Ver<\/span><\/i><\/b><b><i><span data-contrast=\"none\">.-<\/span><\/i><\/b><span data-contrast=\"none\"> Tras<\/span><span data-contrast=\"none\"> un par de concentraciones, la S<\/span><span data-contrast=\"none\">elecci\u00f3n <\/span><span data-contrast=\"none\">F<\/span><span data-contrast=\"none\">emenil<\/span><span data-contrast=\"none\"> d<\/span><span data-contrast=\"none\">e <\/span><span data-contrast=\"none\">F<\/span><span data-contrast=\"none\">utbol de la <a href=\"https:\/\/www.uv.mx\/\" target=\"_blank\" rel=\"noopener noreferrer\">Universidad Veracruzana<\/a> <\/span><span data-contrast=\"none\">(UV) <\/span><span data-contrast=\"none\">se declar<\/span><span data-contrast=\"none\">\u00f3 lista<\/span><span data-contrast=\"none\"> para recib<\/span><span data-contrast=\"none\">ir <\/span><span data-contrast=\"none\">el<\/span><span data-contrast=\"none\"> viernes 7 de febrero a <\/span><span data-contrast=\"none\">las <\/span><span data-contrast=\"none\">Leonas de la Universidad An\u00e1huac M\u00e9xico Sur<\/span><span data-contrast=\"none\"> (UAMS)<\/span><span data-contrast=\"none\">, duelo de la sexta fecha del Campeonato Universitario <\/span><i><span data-contrast=\"none\">Telmex<\/span><\/i><span data-contrast=\"none\">&#8211;<\/span><i><span data-contrast=\"none\">Telcel<\/span><\/i><span data-contrast=\"none\">, T<\/span><span data-contrast=\"none\">emporada 2019-2020.<\/span><span data-ccp-props=\"{&quot;201341983&quot;:0,&quot;335559739&quot;:160,&quot;335559740&quot;:240}\">\u00a0<\/span><\/p>\n<p><span data-contrast=\"none\">El encuentro est\u00e1 programado <\/span><span data-contrast=\"none\">a las 15:00 horas, en la cancha uno de la Unidad Deportiva Universitaria <\/span><span data-contrast=\"none\">de la UV.<\/span><span data-ccp-props=\"{&quot;201341983&quot;:0,&quot;335559731&quot;:708,&quot;335559739&quot;:160,&quot;335559740&quot;:240}\">\u00a0<\/span><\/p>\n<p><i><span data-contrast=\"none\">Halcones<\/span><\/i> <span data-contrast=\"none\">despidi\u00f3<\/span><span data-contrast=\"none\"> la primera parte de la campa\u00f1a<\/span><span data-contrast=\"none\"> con una resonante victoria <\/span><span data-contrast=\"none\">por <\/span><span data-contrast=\"none\">3-2 frente a Pumas de la Universidad Nacional Aut\u00f3noma de M\u00e9xico<\/span> <span data-contrast=\"none\">(UNAM), <\/span><span data-contrast=\"none\">lo <\/span><span data-contrast=\"none\">que le permiti\u00f3 arribar a nueve puntos, ubic\u00e1ndose en el lugar<\/span><span data-contrast=\"none\"> 11 de la clasificaci\u00f3n general; en tanto<\/span><span data-contrast=\"none\"> que la UNAM<\/span><span data-contrast=\"none\">,<\/span><span data-contrast=\"none\"> con 12<\/span><span data-contrast=\"none\">,<\/span><span data-contrast=\"none\"> es tercero en la tabla<\/span><span data-contrast=\"none\"> general<\/span><span data-contrast=\"none\">.<\/span><span data-ccp-props=\"{&quot;201341983&quot;:0,&quot;335559731&quot;:708,&quot;335559739&quot;:160,&quot;335559740&quot;:240}\">\u00a0<\/span><\/p>\n<p><span data-contrast=\"none\">Cabe destacar que el<\/span><span data-contrast=\"none\"> torneo <\/span><span data-contrast=\"none\">lo <\/span><span data-contrast=\"none\">encabeza el Instituto Tecnol\u00f3gico <\/span><span data-contrast=\"none\">y <\/span><span data-contrast=\"none\">de Estudios Superiores de Monterrey, Campus Guadalajara<\/span><span data-contrast=\"none\">,<\/span> <span data-contrast=\"none\">con 15<\/span><span data-contrast=\"none\"> unidades<\/span><span data-contrast=\"none\">.<\/span><span data-ccp-props=\"{&quot;201341983&quot;:0,&quot;335559731&quot;:708,&quot;335559739&quot;:160,&quot;335559740&quot;:240}\">\u00a0<\/span><\/p>\n<p><span data-contrast=\"none\">El juego <\/span><span data-contrast=\"none\">contra las Leonas <\/span><span data-contrast=\"none\">es<\/span><span data-contrast=\"none\"> de los llamados de seis puntos; ambas escuadras se ubican en el G<\/span><span data-contrast=\"none\">rupo <\/span><span data-contrast=\"none\">IV, y la representaci\u00f3n de <\/span><i><span data-contrast=\"none\">Halcones<\/span><\/i><span data-contrast=\"none\">, comanda la dupla de Ra\u00fal Humberto Fern\u00e1ndez Hern\u00e1ndez y Elsa D\u00edaz Cruz, <\/span><span data-contrast=\"none\">es <\/span><span data-contrast=\"none\">tercer lugar en el sector; <\/span><span data-contrast=\"none\">el equipo de la UAMS<\/span><span data-contrast=\"none\">, en tanto,<\/span><span data-contrast=\"none\"> se u<\/span><span data-contrast=\"none\">bica en el cuarto escal\u00f3n con seis unidades<\/span><span data-contrast=\"none\">. Aqu\u00ed el l\u00edder es Pumas de la UNAM, con 12.<\/span><span data-ccp-props=\"{&quot;201341983&quot;:0,&quot;335559731&quot;:708,&quot;335559739&quot;:160,&quot;335559740&quot;:240}\">\u00a0<\/span><\/p>\n<p><span data-contrast=\"none\">En juego de la jornada inicial del torneo, UAMS derrot<\/span><span data-contrast=\"none\">\u00f3 <\/span><span data-contrast=\"none\">3-2 a <\/span><i><span data-contrast=\"none\">Halcones<\/span><\/i><span data-contrast=\"none\">, por lo que estar\u00e1n ante la revancha.<\/span><span data-ccp-props=\"{&quot;201341983&quot;:0,&quot;335559731&quot;:708,&quot;335559739&quot;:160,&quot;335559740&quot;:240}\">\u00a0<\/span><\/p>\n<p><span data-contrast=\"none\">Respecto al equipo varonil<\/span><span data-contrast=\"none\"> de <\/span><i><span data-contrast=\"none\">Halcones<\/span><\/i><span data-contrast=\"none\"> de la U<\/span><span data-contrast=\"none\">V, <\/span><span data-contrast=\"none\">que fueron goleados en su \u00faltima salida por la Universidad Panamericana-<\/span><span data-contrast=\"none\">Bonaterra<\/span><span data-contrast=\"none\"> de Aguasc<\/span><span data-contrast=\"none\">alientes, sigue su preparaci\u00f3n<\/span><span data-contrast=\"none\"> p<\/span><span data-contrast=\"none\">ues <\/span><span data-contrast=\"none\">dentro la fecha 11 este viernes visita<\/span><span data-contrast=\"none\">n a la Universidad Panamericana, <\/span><span data-contrast=\"none\">Campus Ciudad de M\u00e9xico, en busca de retornar a la senda de la victoria.<\/span><span data-ccp-props=\"{&quot;201341983&quot;:0,&quot;335559731&quot;:708,&quot;335559739&quot;:160,&quot;335559740&quot;:240}\">\u00a0<\/span><\/p>\n","protected":false},"excerpt":{"rendered":"<p>El encuentro est\u00e1 programado para el 7 de febrero a las 15:00 horas, en la cancha uno de la Unidad Deportiva Universitaria de la UV<\/p>\n","protected":false},"author":1508,"featured_media":80075,"comment_status":"closed","ping_status":"closed","sticky":false,"template":"","format":"standard","meta":{"footnotes":""},"categories":[12],"tags":[],"class_list":["post-80074","post","type-post","status-publish","format-standard","has-post-thumbnail","hentry","category-deportes"],"_links":{"self":[{"href":"https:\/\/www.uv.mx\/prensa\/wp-json\/wp\/v2\/posts\/80074","targetHints":{"allow":["GET"]}}],"collection":[{"href":"https:\/\/www.uv.mx\/prensa\/wp-json\/wp\/v2\/posts"}],"about":[{"href":"https:\/\/www.uv.mx\/prensa\/wp-json\/wp\/v2\/types\/post"}],"author":[{"embeddable":true,"href":"https:\/\/www.uv.mx\/prensa\/wp-json\/wp\/v2\/users\/1508"}],"replies":[{"embeddable":true,"href":"https:\/\/www.uv.mx\/prensa\/wp-json\/wp\/v2\/comments?post=80074"}],"version-history":[{"count":0,"href":"https:\/\/www.uv.mx\/prensa\/wp-json\/wp\/v2\/posts\/80074\/revisions"}],"wp:featuredmedia":[{"embeddable":true,"href":"https:\/\/www.uv.mx\/prensa\/wp-json\/wp\/v2\/media\/80075"}],"wp:attachment":[{"href":"https:\/\/www.uv.mx\/prensa\/wp-json\/wp\/v2\/media?parent=80074"}],"wp:term":[{"taxonomy":"category","embeddable":true,"href":"https:\/\/www.uv.mx\/prensa\/wp-json\/wp\/v2\/categories?post=80074"},{"taxonomy":"post_tag","embeddable":true,"href":"https:\/\/www.uv.mx\/prensa\/wp-json\/wp\/v2\/tags?post=80074"}],"curies":[{"name":"wp","href":"https:\/\/api.w.org\/{rel}","templated":true}]}}