{"id":79924,"date":"2020-02-04T15:57:19","date_gmt":"2020-02-04T21:57:19","guid":{"rendered":"https:\/\/www.uv.mx\/prensa\/?p=79924"},"modified":"2020-02-05T12:53:08","modified_gmt":"2020-02-05T18:53:08","slug":"maestria-en-estudios-de-genero-el-mayor-logro-del-ceguv","status":"publish","type":"post","link":"https:\/\/www.uv.mx\/prensa\/general\/maestria-en-estudios-de-genero-el-mayor-logro-del-ceguv\/","title":{"rendered":"Maestr\u00eda en Estudios de G\u00e9nero, el mayor logro del CEGUV"},"content":{"rendered":"<ul>\n<li data-leveltext=\"\uf0b7\" data-font=\"Symbol\" data-listid=\"1\" data-aria-posinset=\"1\" data-aria-level=\"1\"><i><span data-contrast=\"auto\">La<\/span><\/i><i><span data-contrast=\"auto\"> cursa<\/span><\/i><i><span data-contrast=\"auto\">n personas <\/span><\/i><i><span data-contrast=\"auto\">interesadas en formarse en perspectiva de g\u00e9nero y metodolog\u00eda feminista para incidir en diversos \u00e1mbitos sociales<\/span><\/i><span data-ccp-props=\"{&quot;134233279&quot;:true,&quot;201341983&quot;:0,&quot;335559739&quot;:160,&quot;335559740&quot;:240}\">\u00a0<\/span><\/li>\n<\/ul>\n<div id=\"attachment_79940\" style=\"width: 732px\" class=\"wp-caption aligncenter\"><a href=\"https:\/\/www.uv.mx\/prensa\/files\/2020\/02\/040220-MEG-1-1.jpg\"><img loading=\"lazy\" decoding=\"async\" aria-describedby=\"caption-attachment-79940\" class=\"size-full wp-image-79940\" src=\"https:\/\/www.uv.mx\/prensa\/files\/2020\/02\/040220-MEG-1-1.jpg\" alt=\"\" width=\"722\" height=\"481\" srcset=\"https:\/\/www.uv.mx\/prensa\/files\/2020\/02\/040220-MEG-1-1.jpg 722w, https:\/\/www.uv.mx\/prensa\/files\/2020\/02\/040220-MEG-1-1-300x200.jpg 300w\" sizes=\"auto, (max-width: 722px) 100vw, 722px\" \/><\/a><p id=\"caption-attachment-79940\" class=\"wp-caption-text\">Miguel \u00c1ngel Hidalgo Gonz\u00e1lez<\/p><\/div>\n<p><strong><em>04<\/em><\/strong><em><strong><span class=\"TextRun SCXW25981420 BCX2\" lang=\"ES-MX\" xml:lang=\"ES-MX\" data-contrast=\"auto\"><span class=\"NormalTextRun SCXW25981420 BCX2\">\/02\/2020, Xalapa, Ver.- <\/span><\/span><\/strong><\/em><span data-contrast=\"auto\">A siete a\u00f1os de fundaci\u00f3n del <\/span><span data-contrast=\"auto\"><a href=\"https:\/\/www.uv.mx\/ceguv\/\" target=\"_blank\" rel=\"noopener noreferrer\">Centro de Estudios de G\u00e9nero<\/a> de la Universidad Veracruzana (CEGUV),<\/span> <span data-contrast=\"auto\">uno de sus mayores logros<\/span><span data-contrast=\"auto\"> es la m<\/span><span data-contrast=\"auto\">aestr\u00eda con el <\/span><span data-contrast=\"auto\">mismo nombre, <\/span><span data-contrast=\"auto\">que est\u00e1 reconocida<\/span> <span data-contrast=\"auto\">por el <\/span><span data-contrast=\"auto\">Programa Naciona<\/span><span data-contrast=\"auto\">l de Posgrados de Calidad <\/span><span data-contrast=\"auto\">(PNPC) <\/span><span data-contrast=\"auto\">del Consejo Na<\/span><span data-contrast=\"auto\">cional de Ciencia y T<\/span><span data-contrast=\"auto\">ecnolog\u00eda<\/span><span data-contrast=\"auto\"> (<\/span><i><span data-contrast=\"auto\">Conacyt<\/span><\/i><span data-contrast=\"auto\">)<\/span><span data-contrast=\"auto\"> y es pionera en la regi\u00f3n sur-sureste del pa\u00eds, destac\u00f3 su coordinadora <\/span><span data-contrast=\"auto\">Mar\u00eda Eugenia Guadarrama Olivera<\/span><span data-contrast=\"auto\">.<\/span><span data-ccp-props=\"{&quot;134233279&quot;:true,&quot;201341983&quot;:0,&quot;335559739&quot;:160,&quot;335559740&quot;:240}\">\u00a0<\/span><\/p>\n<p><span data-contrast=\"auto\">La misi\u00f3n de la Maestr\u00eda en Estudios de G\u00e9nero <\/span><span data-contrast=\"auto\">(MEG) <\/span><span data-contrast=\"auto\">es f<\/span><span data-contrast=\"auto\">ormar profesionales en procesos de intervenci\u00f3n que<\/span><span data-contrast=\"auto\">, desde una perspectiva feminista,<\/span><span data-contrast=\"auto\"> impulsen acciones a favor de la igualdad de oportunidades y derechos de las mujeres, la <\/span><span data-contrast=\"auto\">transversalizaci\u00f3n<\/span><span data-contrast=\"auto\"> de la per<\/span><span data-contrast=\"auto\">spectiva de g\u00e9nero<\/span><span data-contrast=\"auto\">,<\/span><span data-contrast=\"auto\"> el <\/span><span data-contrast=\"auto\">respeto a la diversidad sexual y a la reflexi\u00f3n cr\u00edtica <\/span><span data-contrast=\"auto\">de <\/span><span data-contrast=\"auto\">las masculinidades.<\/span><span data-ccp-props=\"{&quot;134233279&quot;:true,&quot;201341983&quot;:0,&quot;335559731&quot;:708,&quot;335559739&quot;:160,&quot;335559740&quot;:240}\">\u00a0<\/span><\/p>\n<p><span data-contrast=\"auto\">Guadarrama Olivera precis\u00f3 que el CEGUV <\/span><span data-contrast=\"auto\">fue constitui<\/span><span data-contrast=\"auto\">do<\/span><span data-contrast=\"auto\"> como entidad acad\u00e9mica en junio de 2013<\/span><span data-contrast=\"auto\"> y surgi\u00f3 a partir de las actividades desarrolladas por <\/span><span data-contrast=\"auto\">el entonces<\/span> <span data-contrast=\"auto\">Programa de <\/span><span data-contrast=\"auto\">Equidad y <\/span><span data-contrast=\"auto\">Estudios de G\u00e9nero de la U<\/span><span data-contrast=\"auto\">V <\/span><span data-contrast=\"auto\">(PE<\/span><span data-contrast=\"auto\">E<\/span><span data-contrast=\"auto\">GUV)<\/span><span data-contrast=\"auto\">, que <\/span><span data-contrast=\"auto\">pudo desarrollar sus actividades <\/span><span data-contrast=\"auto\">gracias al apoyo del <\/span><span data-contrast=\"auto\">Programa Integral de<\/span><span data-contrast=\"auto\"> Fortalecimiento Institucional (PIFI).<\/span><span data-ccp-props=\"{&quot;134233279&quot;:true,&quot;201341983&quot;:0,&quot;335559739&quot;:160,&quot;335559740&quot;:240}\">\u00a0<\/span><\/p>\n<p><span data-contrast=\"auto\">\u201cEn 2010 <\/span><span data-contrast=\"auto\">por primera vez<\/span><span data-contrast=\"auto\"> se entrega<\/span><span data-contrast=\"auto\">ro<\/span><span data-contrast=\"auto\">n recursos federales<\/span><span data-contrast=\"auto\">,<\/span><span data-contrast=\"auto\"> a trav\u00e9s del PIFI<\/span><span data-contrast=\"auto\">,<\/span><span data-contrast=\"auto\"> para <\/span><span data-contrast=\"auto\">impulsar <\/span><span data-contrast=\"auto\">la <\/span><span data-contrast=\"auto\">transversalizaci\u00f3n<\/span><span data-contrast=\"auto\"> de la perspectiva<\/span><span data-contrast=\"auto\"> de g\u00e9nero en las universidades<\/span><span data-contrast=\"auto\">, y en el caso de la UV<\/span><span data-contrast=\"auto\"> estuvieron a cargo del PEEGUV. G<\/span><span data-contrast=\"auto\">racias a los resultados <\/span><span data-contrast=\"auto\">obtenidos por este <\/span><span data-contrast=\"auto\">p<\/span><span data-contrast=\"auto\">rograma<\/span><span data-contrast=\"auto\"> es que se cre\u00f3 el CEGUV.<\/span><span data-contrast=\"auto\">\u201d<\/span><span data-ccp-props=\"{&quot;134233279&quot;:true,&quot;201341983&quot;:0,&quot;335559739&quot;:160,&quot;335559740&quot;:240}\">\u00a0<\/span><\/p>\n<p><span data-contrast=\"auto\">En este c<\/span><span data-contrast=\"auto\">entro <\/span><span data-contrast=\"auto\">ha confluido<\/span><span data-contrast=\"auto\"> personal acad\u00e9mico con diferente formaci\u00f3n disciplinar <\/span><span data-contrast=\"auto\">y <\/span><span data-contrast=\"auto\">diversa <\/span><span data-contrast=\"auto\">experiencia de investigaci\u00f3n en el campo de los estudios de g\u00e9nero<\/span><span data-contrast=\"auto\">, lo que ha marcado <\/span><span data-contrast=\"auto\">su quehacer acad\u00e9mico.<\/span><span data-ccp-props=\"{&quot;134233279&quot;:true,&quot;201341983&quot;:0,&quot;335559739&quot;:160,&quot;335559740&quot;:240}\">\u00a0<\/span><\/p>\n<div id=\"attachment_79939\" style=\"width: 732px\" class=\"wp-caption aligncenter\"><a href=\"https:\/\/www.uv.mx\/prensa\/files\/2020\/02\/040220-MEG-2-1.jpg\"><img loading=\"lazy\" decoding=\"async\" aria-describedby=\"caption-attachment-79939\" class=\"size-full wp-image-79939\" src=\"https:\/\/www.uv.mx\/prensa\/files\/2020\/02\/040220-MEG-2-1.jpg\" alt=\"\" width=\"722\" height=\"481\" srcset=\"https:\/\/www.uv.mx\/prensa\/files\/2020\/02\/040220-MEG-2-1.jpg 722w, https:\/\/www.uv.mx\/prensa\/files\/2020\/02\/040220-MEG-2-1-300x200.jpg 300w\" sizes=\"auto, (max-width: 722px) 100vw, 722px\" \/><\/a><p id=\"caption-attachment-79939\" class=\"wp-caption-text\">Jonathan Escobedo Gamas<\/p><\/div>\n<p><b><span data-contrast=\"auto\">L<\/span><\/b><b><span data-contrast=\"auto\">a MEG, espacio multidisciplinar<\/span><\/b><span data-ccp-props=\"{&quot;134233279&quot;:true,&quot;201341983&quot;:0,&quot;335559739&quot;:160,&quot;335559740&quot;:240}\">\u00a0<\/span><\/p>\n<p><span data-contrast=\"auto\">Aunado al trabajo de investigaci\u00f3n e impartir experiencias educativas <\/span><span data-contrast=\"auto\">en el nivel licenciatura, el c<\/span><span data-contrast=\"auto\">entro<\/span><span data-contrast=\"auto\"> cre\u00f3 la MEG<\/span><span data-contrast=\"auto\"> \u2013de <\/span><span data-contrast=\"auto\">car\u00e1cter<\/span> <span data-contrast=\"auto\">profesionalizante<\/span><span data-contrast=\"auto\"> e interdisciplinar<\/span><span data-contrast=\"auto\">\u2013<\/span><span data-contrast=\"auto\">, cuya primera generaci\u00f3n inici\u00f3 en 2017 y egres\u00f3 en 2019. <\/span><span data-contrast=\"auto\">Estuvo conformada por seis personas<\/span><span data-contrast=\"auto\">, de las cuales<\/span><span data-contrast=\"auto\"> tres de ellas <\/span><span data-contrast=\"auto\">se titularon<\/span><span data-contrast=\"auto\"> recientemente<\/span><span data-contrast=\"auto\">:<\/span><span data-ccp-props=\"{&quot;134233279&quot;:true,&quot;201341983&quot;:0,&quot;335559739&quot;:160,&quot;335559740&quot;:240}\">\u00a0<\/span><\/p>\n<p><span data-contrast=\"auto\">Nierika<\/span><span data-contrast=\"auto\"> Manzano Hern\u00e1ndez<\/span><span data-contrast=\"auto\">, con la tesis<\/span><span data-contrast=\"auto\"> \u201c<\/span><span data-contrast=\"auto\">Intervenci\u00f3n feminista sobre violencia de <\/span><span data-contrast=\"auto\">g\u00e9nero con j\u00f3venes estudiantes<\/span><span data-contrast=\"auto\">\u201d<\/span><span data-contrast=\"auto\">; J<\/span><span data-contrast=\"auto\">onathan Escobedo Gamas<\/span><span data-contrast=\"auto\">,<\/span><span data-contrast=\"auto\"> con <\/span><span data-contrast=\"auto\">\u201c<\/span><span data-contrast=\"auto\">Arte contempor\u00e1neo: herramienta de ref<\/span><span data-contrast=\"auto\">lexi\u00f3n en torno a la homofobia<\/span><span data-contrast=\"auto\">\u201d<\/span><span data-contrast=\"auto\">, y <\/span><span data-contrast=\"auto\">Miguel \u00c1ngel Hidalgo Gonz\u00e1lez<\/span><span data-contrast=\"auto\">,<\/span> <span data-contrast=\"auto\">con <\/span><span data-contrast=\"auto\">\u201c<\/span><span data-contrast=\"auto\">Exploraci\u00f3n del sistema sexo-g\u00e9nero en poblaci\u00f3n adulta joven con <\/span><span data-contrast=\"auto\">trisonom\u00eda<\/span><span data-contrast=\"auto\"> 21: el caso del taller de artes pl\u00e1sticas del<\/span><span data-contrast=\"auto\"> Instituto Down de Xalapa, A.C.\u201d<\/span><span data-contrast=\"auto\">.<\/span><span data-ccp-props=\"{&quot;134233279&quot;:true,&quot;201341983&quot;:0,&quot;335559739&quot;:160,&quot;335559740&quot;:240}\">\u00a0<\/span><\/p>\n<p><span data-contrast=\"auto\">En el <\/span><span data-contrast=\"auto\">segundo a\u00f1o escolar<\/span> <span data-contrast=\"auto\">de la primera generaci\u00f3n, la<\/span><span data-contrast=\"auto\"> MEG ingres\u00f3 al PNPC del <\/span><i><span data-contrast=\"auto\">Conacyt<\/span><\/i> <span data-contrast=\"auto\">y algunas de sus integra<\/span><span data-contrast=\"auto\">ntes pudieron gozar de la beca<\/span><span data-contrast=\"auto\"> que otorga dicho organismo<\/span><span data-contrast=\"auto\">.<\/span><span data-ccp-props=\"{&quot;134233279&quot;:true,&quot;201341983&quot;:0,&quot;335559739&quot;:160,&quot;335559740&quot;:240}\">\u00a0<\/span><\/p>\n<p><span data-contrast=\"auto\">La segunda<\/span><span data-contrast=\"auto\"> generaci\u00f3n<\/span><span data-contrast=\"auto\">, que comprende de<\/span><span data-contrast=\"auto\"> 2019 a 202<\/span><span data-contrast=\"auto\">1<\/span><span data-contrast=\"auto\"> y est\u00e1<\/span><span data-contrast=\"auto\"> conformada por <\/span><span data-contrast=\"auto\">nueve<\/span><span data-contrast=\"auto\"> personas \u2013de 63 aspirantes provenientes de toda la Rep\u00fablica\u2013, goza <\/span><span data-contrast=\"auto\">en su totalidad de<\/span><span data-contrast=\"auto\">l beneficio<\/span><span data-contrast=\"auto\"> de las becas <\/span><i><span data-contrast=\"auto\">Conacyt<\/span><\/i><span data-contrast=\"auto\">, lo cual<\/span><span data-contrast=\"auto\"> les permite dedicarse de tiempo completo <\/span><span data-contrast=\"auto\">a sus clases e investigaciones,<\/span> <span data-contrast=\"auto\">que<\/span><span data-contrast=\"auto\"> versan sobre<\/span> <span data-contrast=\"auto\">literatu<\/span><span data-contrast=\"auto\">ra<\/span><span data-contrast=\"auto\">, <\/span><span data-contrast=\"auto\">educaci\u00f3n<\/span><span data-contrast=\"auto\">, participaci\u00f3n ciudadana<\/span><span data-contrast=\"auto\">, <\/span><span data-contrast=\"auto\">arte, acoso laboral <\/span><span data-contrast=\"auto\">y diversidad sexual,<\/span> <span data-contrast=\"auto\">por citar alguno<\/span><span data-contrast=\"auto\">s temas.<\/span><span data-ccp-props=\"{&quot;134233279&quot;:true,&quot;201341983&quot;:0,&quot;335559739&quot;:160,&quot;335559740&quot;:240}\">\u00a0<\/span><\/p>\n<p><span data-contrast=\"auto\">\u201cLa <\/span><span data-contrast=\"auto\">m<\/span><span data-contrast=\"auto\">aestr\u00eda es el resultado de todas las acciones y <\/span><span data-contrast=\"auto\">el <\/span><span data-contrast=\"auto\">trabajo que se ha realizado<\/span><span data-contrast=\"auto\"> durante todos estos a\u00f1os<\/span> <span data-contrast=\"auto\">desde el<\/span><span data-contrast=\"auto\"> grupo de trabajo inicial<\/span><span data-contrast=\"auto\">,<\/span><span data-contrast=\"auto\"> mismo que se ha ampliado con personal acad\u00e9mico de otras entidades acad\u00e9micas de la UV<\/span><span data-contrast=\"auto\"> y que ha fortalecido el n<\/span><span data-contrast=\"auto\">\u00fac<\/span><span data-contrast=\"auto\">leo <\/span><span data-contrast=\"auto\">a<\/span><span data-contrast=\"auto\">cad\u00e9mico <\/span><span data-contrast=\"auto\">b<\/span><span data-contrast=\"auto\">\u00e1sico de la MEG<\/span><span data-contrast=\"auto\">\u201d, remarc\u00f3 la funcionaria universitaria.<\/span><span data-ccp-props=\"{&quot;134233279&quot;:true,&quot;201341983&quot;:0,&quot;335559739&quot;:160,&quot;335559740&quot;:240}\">\u00a0<\/span><\/p>\n<div id=\"attachment_79938\" style=\"width: 732px\" class=\"wp-caption aligncenter\"><a href=\"https:\/\/www.uv.mx\/prensa\/files\/2020\/02\/040220-MEG-3-1.jpg\"><img loading=\"lazy\" decoding=\"async\" aria-describedby=\"caption-attachment-79938\" class=\"size-full wp-image-79938\" src=\"https:\/\/www.uv.mx\/prensa\/files\/2020\/02\/040220-MEG-3-1.jpg\" alt=\"\" width=\"722\" height=\"481\" srcset=\"https:\/\/www.uv.mx\/prensa\/files\/2020\/02\/040220-MEG-3-1.jpg 722w, https:\/\/www.uv.mx\/prensa\/files\/2020\/02\/040220-MEG-3-1-300x200.jpg 300w\" sizes=\"auto, (max-width: 722px) 100vw, 722px\" \/><\/a><p id=\"caption-attachment-79938\" class=\"wp-caption-text\">Nierika Manzano Hern\u00e1ndez<\/p><\/div>\n<p><b><span data-contrast=\"auto\">Es necesario el apoyo institucional<\/span><\/b><span data-ccp-props=\"{&quot;134233279&quot;:true,&quot;201341983&quot;:0,&quot;335559739&quot;:160,&quot;335559740&quot;:240}\">\u00a0<\/span><\/p>\n<p><span data-contrast=\"auto\">Mar\u00eda Eugenia Guadarrama<\/span><span data-contrast=\"auto\"> p<\/span><span data-contrast=\"auto\">recis\u00f3 que en la regi\u00f3n sur-sureste <\/span><span data-contrast=\"auto\">del pa\u00eds <\/span><span data-contrast=\"auto\">s\u00f3lo la UV y<\/span> <span data-contrast=\"auto\">una universidad de Chiapas ofrecen posg<\/span><span data-contrast=\"auto\">rados sobre estudios de g\u00e9nero.<\/span><span data-ccp-props=\"{&quot;134233279&quot;:true,&quot;201341983&quot;:0,&quot;335559739&quot;:160,&quot;335559740&quot;:240}\">\u00a0<\/span><\/p>\n<p><span data-contrast=\"auto\">Esto<\/span><span data-contrast=\"auto\"> pese a la <\/span><span data-contrast=\"auto\">creciente <\/span><span data-contrast=\"auto\">demanda <\/span><span data-contrast=\"auto\">de quienes laboran en<\/span><span data-contrast=\"auto\"> instancias gubernamentales por<\/span> <span data-contrast=\"auto\">profesionalizarse para <\/span><span data-contrast=\"auto\">promover y difundir la<\/span><span data-contrast=\"auto\"> perspectiva de g\u00e9nero<\/span><span data-contrast=\"auto\">; <\/span><span data-contrast=\"auto\">y del<\/span> <span data-contrast=\"auto\">progresivo <\/span><span data-contrast=\"auto\">inter\u00e9s <\/span><span data-contrast=\"auto\">en<\/span><span data-contrast=\"auto\"> el tema <\/span><span data-contrast=\"auto\">entre la poblaci\u00f3n reci\u00e9n egresada de<\/span><span data-contrast=\"auto\"> licenciaturas<\/span><span data-contrast=\"auto\">,<\/span><span data-contrast=\"auto\"> que busca consolidar su formaci\u00f3n con la integraci\u00f3n de la perspectiva de g\u00e9nero<\/span><span data-contrast=\"auto\">.<\/span><span data-ccp-props=\"{&quot;134233279&quot;:true,&quot;201341983&quot;:0,&quot;335559739&quot;:160,&quot;335559740&quot;:240}\">\u00a0<\/span><\/p>\n<p><span data-contrast=\"auto\">La<\/span><span data-contrast=\"auto\"> situaci\u00f3n<\/span><span data-contrast=\"auto\"> de la falta de impulso por el desarrollo de los temas de g\u00e9nero, pese a su obvia necesidad,<\/span><span data-contrast=\"auto\"> se ve tambi\u00e9n reflejad<\/span><span data-contrast=\"auto\">a en el <\/span><span data-contrast=\"auto\">hecho de que de las seis<\/span> <span data-contrast=\"auto\">regiones d<\/span><span data-contrast=\"auto\">e la <\/span><span data-contrast=\"auto\">Asociaci\u00f3n Nacional de Universidades e Instituciones de Educaci\u00f3n Superior (<\/span><span data-contrast=\"auto\">ANUIES<\/span><span data-contrast=\"auto\">)<\/span><span data-contrast=\"auto\">, s\u00f3lo en dos <\/span><span data-contrast=\"auto\">de ellas <\/span><span data-contrast=\"auto\">est\u00e1 activa <\/span><span data-contrast=\"auto\">una Re<\/span><span data-contrast=\"auto\">d<\/span><span data-contrast=\"auto\"> de Colaboraci\u00f3n para Estudios de G\u00e9nero<\/span><span data-contrast=\"auto\">.<\/span><span data-ccp-props=\"{&quot;134233279&quot;:true,&quot;201341983&quot;:0,&quot;335559739&quot;:160,&quot;335559740&quot;:240}\">\u00a0<\/span><\/p>\n<p><span data-contrast=\"auto\">\u201cLo que quiero decir con todo esto, es que <\/span><span data-contrast=\"auto\">ha costado mucho trabajo in<\/span><span data-contrast=\"auto\">troducir el tema de g\u00e9nero en las universidades, <\/span><span data-contrast=\"auto\">lograr <\/span><span data-contrast=\"auto\">su aceptaci\u00f3n y <\/span><span data-contrast=\"auto\">conseguir <\/span><span data-contrast=\"auto\">el apoyo institucional \u2013co<\/span><span data-contrast=\"auto\">mo una<\/span><span data-contrast=\"auto\"> infraestructura adecuada<\/span><span data-contrast=\"auto\">, por ejemplo<\/span><span data-contrast=\"auto\">\u2013<\/span><span data-contrast=\"auto\">\u201d, destac\u00f3 la fundadora del CEGUV.<\/span><span data-ccp-props=\"{&quot;134233279&quot;:true,&quot;201341983&quot;:0,&quot;335559739&quot;:160,&quot;335559740&quot;:240}\">\u00a0<\/span><\/p>\n<p><span data-contrast=\"auto\">Poco a poco se va reconociendo la importancia de la <\/span><span data-contrast=\"auto\">perspectiva de g\u00e9nero para las i<\/span><span data-contrast=\"auto\">nstituciones de <\/span><span data-contrast=\"auto\">e<\/span><span data-contrast=\"auto\">ducaci\u00f3n <\/span><span data-contrast=\"auto\">s<\/span><span data-contrast=\"auto\">uperior<\/span><span data-contrast=\"auto\"> (IES)<\/span><span data-contrast=\"auto\">, <\/span><span data-contrast=\"auto\">tanto <\/span><span data-contrast=\"auto\">en<\/span><span data-contrast=\"auto\"> su <\/span><span data-contrast=\"auto\">quehacer acad\u00e9mico como en la atenci\u00f3n de problem\u00e1ticas ligadas a<\/span><span data-contrast=\"auto\"> las relaciones de g<\/span><span data-contrast=\"auto\">\u00e9nero<\/span><span data-contrast=\"auto\"> en las comunidades universitarias<\/span><span data-contrast=\"auto\">, <\/span><span data-contrast=\"auto\">remarc\u00f3<\/span> <span data-contrast=\"auto\">la entrevistada<\/span><span data-contrast=\"auto\">.<\/span><span data-ccp-props=\"{&quot;134233279&quot;:true,&quot;201341983&quot;:0,&quot;335559739&quot;:160,&quot;335559740&quot;:240}\">\u00a0<\/span><\/p>\n<p><span data-contrast=\"auto\">A <\/span><span data-contrast=\"auto\">manera de ejemplo<\/span><span data-contrast=\"auto\">,<\/span><span data-contrast=\"auto\"> cit\u00f3<\/span><span data-contrast=\"auto\"> el caso del hostigamiento y acoso sexual que existe en los espacios universitarios, fen\u00f3meno que apenas se empieza a atender porque antes era visto como algo natural y una problem\u00e1tica que no le concern\u00eda atender<\/span><span data-contrast=\"auto\"> a las IES<\/span><span data-contrast=\"auto\">.<\/span><span data-ccp-props=\"{&quot;134233279&quot;:true,&quot;201341983&quot;:0,&quot;335559731&quot;:708,&quot;335559739&quot;:160,&quot;335559740&quot;:240}\">\u00a0<\/span><\/p>\n","protected":false},"excerpt":{"rendered":"<p>El posgrado es reconocido por el Programa Nacional de Posgrados de Calidad del Consejo Nacional de Ciencia y Tecnolog\u00eda, y es pionero en la regi\u00f3n sur-sureste del pa\u00eds<\/p>\n","protected":false},"author":1508,"featured_media":79940,"comment_status":"closed","ping_status":"closed","sticky":false,"template":"","format":"standard","meta":{"footnotes":""},"categories":[1],"tags":[],"class_list":["post-79924","post","type-post","status-publish","format-standard","has-post-thumbnail","hentry","category-general"],"_links":{"self":[{"href":"https:\/\/www.uv.mx\/prensa\/wp-json\/wp\/v2\/posts\/79924","targetHints":{"allow":["GET"]}}],"collection":[{"href":"https:\/\/www.uv.mx\/prensa\/wp-json\/wp\/v2\/posts"}],"about":[{"href":"https:\/\/www.uv.mx\/prensa\/wp-json\/wp\/v2\/types\/post"}],"author":[{"embeddable":true,"href":"https:\/\/www.uv.mx\/prensa\/wp-json\/wp\/v2\/users\/1508"}],"replies":[{"embeddable":true,"href":"https:\/\/www.uv.mx\/prensa\/wp-json\/wp\/v2\/comments?post=79924"}],"version-history":[{"count":0,"href":"https:\/\/www.uv.mx\/prensa\/wp-json\/wp\/v2\/posts\/79924\/revisions"}],"wp:featuredmedia":[{"embeddable":true,"href":"https:\/\/www.uv.mx\/prensa\/wp-json\/wp\/v2\/media\/79940"}],"wp:attachment":[{"href":"https:\/\/www.uv.mx\/prensa\/wp-json\/wp\/v2\/media?parent=79924"}],"wp:term":[{"taxonomy":"category","embeddable":true,"href":"https:\/\/www.uv.mx\/prensa\/wp-json\/wp\/v2\/categories?post=79924"},{"taxonomy":"post_tag","embeddable":true,"href":"https:\/\/www.uv.mx\/prensa\/wp-json\/wp\/v2\/tags?post=79924"}],"curies":[{"name":"wp","href":"https:\/\/api.w.org\/{rel}","templated":true}]}}