{"id":79898,"date":"2020-02-01T18:40:27","date_gmt":"2020-02-02T00:40:27","guid":{"rendered":"https:\/\/www.uv.mx\/prensa\/?p=79898"},"modified":"2020-02-04T10:34:35","modified_gmt":"2020-02-04T16:34:35","slug":"universitarios-reflexionan-en-torno-a-las-masculinidades","status":"publish","type":"post","link":"https:\/\/www.uv.mx\/prensa\/regiones\/orizaba\/universitarios-reflexionan-en-torno-a-las-masculinidades\/","title":{"rendered":"Universitarios reflexionan en torno a las masculinidades"},"content":{"rendered":"<p>&nbsp;<\/p>\n<div id=\"attachment_79900\" style=\"width: 732px\" class=\"wp-caption aligncenter\"><a href=\"https:\/\/www.uv.mx\/prensa\/files\/2020\/02\/010220-Masculinidades-1.jpg\"><img loading=\"lazy\" decoding=\"async\" aria-describedby=\"caption-attachment-79900\" class=\"size-full wp-image-79900\" src=\"https:\/\/www.uv.mx\/prensa\/files\/2020\/02\/010220-Masculinidades-1.jpg\" alt=\"\" width=\"722\" height=\"481\" srcset=\"https:\/\/www.uv.mx\/prensa\/files\/2020\/02\/010220-Masculinidades-1.jpg 722w, https:\/\/www.uv.mx\/prensa\/files\/2020\/02\/010220-Masculinidades-1-300x200.jpg 300w\" sizes=\"auto, (max-width: 722px) 100vw, 722px\" \/><\/a><p id=\"caption-attachment-79900\" class=\"wp-caption-text\">Acudieron directivos y coordinadores regionales<\/p><\/div>\n<p><b><i><span data-contrast=\"none\">E<\/span><\/i><\/b><b><i><span data-contrast=\"none\">duardo Ca\u00f1edo Lom\u00e1n<\/span><\/i><\/b><span data-ccp-props=\"{&quot;201341983&quot;:0,&quot;335559739&quot;:160,&quot;335559740&quot;:240}\">\u00a0<\/span><\/p>\n<p><b><i><span data-contrast=\"none\">01\/02\/2020, <\/span><\/i><\/b><b><i><span data-contrast=\"none\">Ixtaczoquitl\u00e1n<\/span><\/i><\/b><b><i><span data-contrast=\"none\">, Ver.-<\/span><\/i><\/b><span data-contrast=\"none\"> En el marco de las acciones emprendidas por la <a href=\"https:\/\/www.uv.mx\/uge\/\" target=\"_blank\" rel=\"noopener noreferrer\">Coordina<\/a><\/span><span data-contrast=\"none\">ci\u00f3n de la Unidad de G\u00e9nero<\/span> <span data-contrast=\"auto\">de la Universidad Veracruzana (UV)<\/span><span data-contrast=\"none\">, contempladas en el Programa de Trabajo Estrat\u00e9gico 2017-2021, directores y coordinadores regionales se dieron cita <\/span><span data-contrast=\"none\">el<\/span> <span data-contrast=\"none\">pasado <\/span><span data-contrast=\"none\">29 de enero <\/span><span data-contrast=\"none\">en el taller <\/span><span data-contrast=\"none\">Masculinidad-es<\/span><span data-contrast=\"none\">,<\/span><span data-contrast=\"none\"> que tuvo como sede la Unidad de Servicios Bibliotecari<\/span><span data-contrast=\"none\">os y de Informaci\u00f3n (USBI) de <\/span><span data-contrast=\"none\">Ixtac<\/span><span data-contrast=\"none\">.<\/span><span data-ccp-props=\"{&quot;201341983&quot;:0,&quot;335559739&quot;:160,&quot;335559740&quot;:240}\">\u00a0<\/span><\/p>\n<p><span data-contrast=\"auto\">Los encargados de <\/span><span data-contrast=\"auto\">impartir el<\/span><span data-contrast=\"auto\"> taller fueron: <\/span><span data-contrast=\"auto\">Benno<\/span><span data-contrast=\"auto\"> George \u00c1lvaro de <\/span><span data-contrast=\"auto\">Keijzer<\/span> <span data-contrast=\"auto\">Fokker<\/span><span data-contrast=\"auto\">, investigador del Instituto en Salud P\u00fablica<\/span><span data-contrast=\"auto\">,<\/span><span data-contrast=\"auto\"> Fernando Mendoza y Mario Torres<\/span><span data-contrast=\"auto\">, <\/span><span data-contrast=\"auto\">integrantes del colectivo \u201cHombres responsabiliz\u00e1ndose de su vida\u201d<\/span><span data-contrast=\"auto\">.<\/span><span data-ccp-props=\"{&quot;201341983&quot;:0,&quot;335559731&quot;:708,&quot;335559739&quot;:160,&quot;335559740&quot;:240}\">\u00a0<\/span><\/p>\n<p><span data-contrast=\"auto\">\u201c<\/span><span data-contrast=\"auto\">Es in\u00e9dito en la historia de la UV que se genere <\/span><span data-contrast=\"auto\">un espacio s\u00f3lo para hombres<\/span><span data-contrast=\"auto\">,<\/span><span data-contrast=\"auto\"> pues<\/span><span data-contrast=\"auto\"> en este tipo de temas es m\u00e1s habitual que se <\/span><span data-contrast=\"auto\">convoque a las mujeres\u201d<\/span><span data-contrast=\"auto\">,<\/span><span data-contrast=\"auto\"> destac\u00f3 <\/span><span data-contrast=\"auto\">Benno<\/span><span data-contrast=\"auto\"> de <\/span><span data-contrast=\"auto\">Keijzer<\/span> <span data-contrast=\"auto\">y<\/span><span data-contrast=\"auto\"> adem\u00e1s explic\u00f3 que este taller <\/span><span data-contrast=\"auto\">nace <\/span><span data-contrast=\"auto\">d<\/span><span data-contrast=\"auto\">el<\/span><span data-contrast=\"auto\"> programa <\/span><span data-contrast=\"auto\">Hombres Responsabiliz\u00e1ndose <\/span><span data-contrast=\"auto\">d<\/span><span data-contrast=\"auto\">e <\/span><span data-contrast=\"auto\">s<\/span><span data-contrast=\"auto\">u Vida<\/span><span data-contrast=\"auto\">,<\/span> <span data-contrast=\"auto\">en coordinaci\u00f3n con la Unidad de G<\/span><span data-contrast=\"auto\">\u00e9nero<\/span><span data-contrast=\"auto\">.<\/span><span data-ccp-props=\"{&quot;201341983&quot;:0,&quot;335559731&quot;:708,&quot;335559739&quot;:160,&quot;335559740&quot;:240}\">\u00a0<\/span><\/p>\n<p><span data-contrast=\"auto\">\u201c<\/span><span data-contrast=\"auto\">Estamos muy emocionados<\/span><span data-contrast=\"auto\">, es el primer taller en las regiones y pensamos desarrolla<\/span><span data-contrast=\"auto\">r m\u00e1s;<\/span> <span data-contrast=\"auto\">tenemos<\/span><span data-contrast=\"auto\"> mucha<\/span><span data-contrast=\"auto\">s<\/span><span data-contrast=\"auto\"> expectativa<\/span><span data-contrast=\"auto\">s<\/span><span data-contrast=\"auto\">, la idea es que podamos aprovechar este espacio para hablar de nuestra experiencia y los aprendizajes que como hombres <\/span><span data-contrast=\"auto\">hemos tenido <\/span><span data-contrast=\"auto\">en diferentes espacios<\/span><span data-contrast=\"auto\">, de esta<\/span> <span data-contrast=\"auto\">forma <\/span><span data-contrast=\"auto\">podemos <\/span><span data-contrast=\"auto\">r<\/span><span data-contrast=\"auto\">eflexionar en torno a la constru<\/span><span data-contrast=\"auto\">cci\u00f3n de las masculinidades y c\u00f3<\/span><span data-contrast=\"auto\">mo se manifies<\/span><span data-contrast=\"auto\">t<\/span><span data-contrast=\"auto\">an en el espacio universitario.\u201d<\/span><span data-ccp-props=\"{&quot;201341983&quot;:0,&quot;335559731&quot;:708,&quot;335559739&quot;:160,&quot;335559740&quot;:240}\">\u00a0<\/span><\/p>\n<p><span data-contrast=\"auto\">En <\/span><span data-contrast=\"auto\">la jornada se abo<\/span><span data-contrast=\"auto\">rdaron din\u00e1micas detonadoras <\/span><span data-contrast=\"auto\">en donde los participantes recordar<\/span><span data-contrast=\"auto\">on<\/span><span data-contrast=\"auto\"> los cambios significativos con los que<\/span><span data-contrast=\"auto\"> sus<\/span><span data-contrast=\"auto\"> padres <\/span><span data-contrast=\"auto\">los <\/span><span data-contrast=\"auto\">educaron<\/span><span data-contrast=\"auto\">,<\/span> <span data-contrast=\"auto\">cuando el <\/span><span data-contrast=\"auto\">hombre <\/span><span data-contrast=\"auto\">era <\/span><span data-contrast=\"auto\">figura de protecci\u00f3n y en la mayor\u00eda de los casos de hegemon\u00eda familiar y social.<\/span><span data-ccp-props=\"{&quot;201341983&quot;:0,&quot;335559731&quot;:708,&quot;335559739&quot;:160,&quot;335559740&quot;:240}\">\u00a0<\/span><\/p>\n<p><span data-contrast=\"auto\">Asi<\/span><span data-contrast=\"auto\">mismo, se refiri\u00f3 <\/span><span data-contrast=\"auto\">a<\/span><span data-contrast=\"auto\"> la denominada \u201cCaja de la <\/span><span data-contrast=\"auto\">m<\/span><span data-contrast=\"auto\">asculinidad\u201d<\/span><span data-contrast=\"auto\">,<\/span><span data-contrast=\"auto\"> en donde a trav\u00e9s de un estudio realizado a hombres de pa\u00edses <\/span><span data-contrast=\"auto\">de<\/span><span data-contrast=\"auto\"> Estados Unidos, Inglaterra y M\u00e9xico se pudo conocer qu\u00e9 tan autosuficientes, fuertes, <\/span><span data-contrast=\"auto\">hipersexuales<\/span><span data-contrast=\"auto\">, atractivos, sexuales, heterosexuales<\/span><span data-contrast=\"auto\"> y<\/span><span data-contrast=\"auto\"> homof\u00f3bicos<\/span><span data-contrast=\"auto\"> eran los hombres, <\/span><span data-contrast=\"auto\">asumiendo el control como una fo<\/span><span data-contrast=\"auto\">rma de relaci\u00f3n con las mujeres; el <\/span><span data-contrast=\"auto\">resultado fue que un porcentaje importante de encuestados se identifica<\/span><span data-contrast=\"auto\">ro<\/span><span data-contrast=\"auto\">n con varios de esos elementos.<\/span><span data-ccp-props=\"{&quot;201341983&quot;:0,&quot;335559731&quot;:708,&quot;335559739&quot;:160,&quot;335559740&quot;:240}\">\u00a0<\/span><\/p>\n<p><span data-contrast=\"auto\">Co<\/span><span data-contrast=\"auto\">n relaci\u00f3n a lo anterior, destac\u00f3 los costos de la masculinidad hegem\u00f3nica, <\/span><span data-contrast=\"auto\">que por lo general son resulta<\/span><span data-contrast=\"auto\">do <\/span><span data-contrast=\"auto\">de afectaciones hacia las mujeres y\/o personas con distintas preferencias sexuales a las convencionales.<\/span><span data-ccp-props=\"{&quot;201341983&quot;:0,&quot;335559731&quot;:708,&quot;335559739&quot;:160,&quot;335559740&quot;:240}\">\u00a0<\/span><\/p>\n<p><span data-contrast=\"auto\">Para finalizar, <\/span><span data-contrast=\"auto\">Benno<\/span><span data-contrast=\"auto\"> de <\/span><span data-contrast=\"auto\">Keijzer<\/span><span data-contrast=\"auto\"> reconoci\u00f3 las acciones<\/span><span data-contrast=\"auto\"> emprendidas por la instituci\u00f3n:<\/span><span data-contrast=\"auto\"> \u201c<\/span><span data-contrast=\"auto\">Hay una conciencia en la UV <\/span><span data-contrast=\"auto\">acerca de <\/span><span data-contrast=\"auto\">trabajar con todos los sectores universitarios <\/span><span data-contrast=\"auto\">en materia de equidad de g\u00e9nero para un bienestar social<\/span><span data-contrast=\"auto\">,<\/span><span data-contrast=\"auto\"> y sobre todo un entendimiento de la masculinidad\u201d.<\/span><span data-ccp-props=\"{&quot;201341983&quot;:0,&quot;335559731&quot;:708,&quot;335559739&quot;:160,&quot;335559740&quot;:240}\">\u00a0<\/span><\/p>\n<div id=\"attachment_79899\" style=\"width: 732px\" class=\"wp-caption aligncenter\"><a href=\"https:\/\/www.uv.mx\/prensa\/files\/2020\/02\/010220-Masculinidades-2.jpg\"><img loading=\"lazy\" decoding=\"async\" aria-describedby=\"caption-attachment-79899\" class=\"size-full wp-image-79899\" src=\"https:\/\/www.uv.mx\/prensa\/files\/2020\/02\/010220-Masculinidades-2.jpg\" alt=\"\" width=\"722\" height=\"481\" srcset=\"https:\/\/www.uv.mx\/prensa\/files\/2020\/02\/010220-Masculinidades-2.jpg 722w, https:\/\/www.uv.mx\/prensa\/files\/2020\/02\/010220-Masculinidades-2-300x200.jpg 300w\" sizes=\"auto, (max-width: 722px) 100vw, 722px\" \/><\/a><p id=\"caption-attachment-79899\" class=\"wp-caption-text\">Los asistentes reflexionaron en torno a la evoluci\u00f3n de la masculinidad<\/p><\/div>\n","protected":false},"excerpt":{"rendered":"<p>Directivos y coordinadores de la regi\u00f3n Orizaba-C\u00f3rdoba participaron en el taller Masculinidad-es<\/p>\n","protected":false},"author":1508,"featured_media":0,"comment_status":"closed","ping_status":"closed","sticky":false,"template":"","format":"standard","meta":{"footnotes":""},"categories":[53],"tags":[],"class_list":["post-79898","post","type-post","status-publish","format-standard","hentry","category-orizaba"],"_links":{"self":[{"href":"https:\/\/www.uv.mx\/prensa\/wp-json\/wp\/v2\/posts\/79898","targetHints":{"allow":["GET"]}}],"collection":[{"href":"https:\/\/www.uv.mx\/prensa\/wp-json\/wp\/v2\/posts"}],"about":[{"href":"https:\/\/www.uv.mx\/prensa\/wp-json\/wp\/v2\/types\/post"}],"author":[{"embeddable":true,"href":"https:\/\/www.uv.mx\/prensa\/wp-json\/wp\/v2\/users\/1508"}],"replies":[{"embeddable":true,"href":"https:\/\/www.uv.mx\/prensa\/wp-json\/wp\/v2\/comments?post=79898"}],"version-history":[{"count":0,"href":"https:\/\/www.uv.mx\/prensa\/wp-json\/wp\/v2\/posts\/79898\/revisions"}],"wp:attachment":[{"href":"https:\/\/www.uv.mx\/prensa\/wp-json\/wp\/v2\/media?parent=79898"}],"wp:term":[{"taxonomy":"category","embeddable":true,"href":"https:\/\/www.uv.mx\/prensa\/wp-json\/wp\/v2\/categories?post=79898"},{"taxonomy":"post_tag","embeddable":true,"href":"https:\/\/www.uv.mx\/prensa\/wp-json\/wp\/v2\/tags?post=79898"}],"curies":[{"name":"wp","href":"https:\/\/api.w.org\/{rel}","templated":true}]}}