{"id":79878,"date":"2020-02-01T09:37:32","date_gmt":"2020-02-01T15:37:32","guid":{"rendered":"https:\/\/www.uv.mx\/prensa\/?p=79878"},"modified":"2020-02-01T09:40:54","modified_gmt":"2020-02-01T15:40:54","slug":"cursos-deportivos-del-afel-semillero-de-talentos","status":"publish","type":"post","link":"https:\/\/www.uv.mx\/prensa\/deportes\/cursos-deportivos-del-afel-semillero-de-talentos\/","title":{"rendered":"Cursos deportivos del AFEL, semillero de talentos"},"content":{"rendered":"<ul>\n<li data-leveltext=\"\uf0b7\" data-font=\"Symbol\" data-listid=\"1\" data-aria-posinset=\"1\" data-aria-level=\"1\"><i><span data-contrast=\"auto\">Concluy\u00f3 con \u00e9xito el intersemestral de Futbol R\u00e1pido\u00a0<\/span><\/i><span data-ccp-props=\"{&quot;201341983&quot;:0,&quot;335559739&quot;:0,&quot;335559740&quot;:240}\">\u00a0<\/span><\/li>\n<\/ul>\n<div id=\"attachment_79875\" style=\"width: 732px\" class=\"wp-caption aligncenter\"><a href=\"https:\/\/www.uv.mx\/prensa\/files\/2020\/01\/310120-FUT-RAPIDO-ALUMNOS.jpg\"><img loading=\"lazy\" decoding=\"async\" aria-describedby=\"caption-attachment-79875\" class=\"size-full wp-image-79875\" src=\"https:\/\/www.uv.mx\/prensa\/files\/2020\/01\/310120-FUT-RAPIDO-ALUMNOS.jpg\" alt=\"\" width=\"722\" height=\"481\" srcset=\"https:\/\/www.uv.mx\/prensa\/files\/2020\/01\/310120-FUT-RAPIDO-ALUMNOS.jpg 722w, https:\/\/www.uv.mx\/prensa\/files\/2020\/01\/310120-FUT-RAPIDO-ALUMNOS-300x200.jpg 300w\" sizes=\"auto, (max-width: 722px) 100vw, 722px\" \/><\/a><p id=\"caption-attachment-79875\" class=\"wp-caption-text\">Alumnos del curso intersemestral de Futbol R\u00e1pido del AFEL<\/p><\/div>\n<p><b><i><span data-contrast=\"auto\">Santiago Morales Ortiz<\/span><\/i><\/b><span data-ccp-props=\"{&quot;201341983&quot;:0,&quot;335559739&quot;:0,&quot;335559740&quot;:240}\">\u00a0<\/span><\/p>\n<p><b><i><span data-contrast=\"auto\">01\/02\/20<\/span><\/i><\/b><b><i><span data-contrast=\"auto\">20<\/span><\/i><\/b><b><i><span data-contrast=\"auto\">, Xalapa, Ver.-<\/span><\/i><\/b> <span data-contrast=\"auto\">C<\/span><span data-contrast=\"auto\">on \u00e9xito <\/span><span data-contrast=\"auto\">c<\/span><span data-contrast=\"auto\">oncluy\u00f3 <\/span><span data-contrast=\"auto\">el c<\/span><span data-contrast=\"auto\">urso <\/span><span data-contrast=\"auto\">i<\/span><span data-contrast=\"auto\">ntersemestral<\/span><span data-contrast=\"auto\"> de <\/span><span data-contrast=\"auto\">i<\/span><span data-contrast=\"auto\">nvierno de Futbol R\u00e1pido, dentro del <\/span><span data-contrast=\"auto\">\u00c1rea<\/span><span data-contrast=\"auto\"> de Formaci\u00f3n y Elecci\u00f3n Libre (AFEL) de la Universidad Veracruzana (UV), <\/span><span data-contrast=\"auto\">impartido por <\/span><span data-contrast=\"auto\">Miguel <\/span><span data-contrast=\"auto\">\u00c1ngel<\/span><span data-contrast=\"auto\"> Maldonado Hern\u00e1ndez<\/span><span data-contrast=\"auto\"> del 6<\/span> <span data-contrast=\"auto\">a<\/span><span data-contrast=\"auto\">l 31 de enero<\/span><span data-contrast=\"auto\">.<\/span><span data-ccp-props=\"{&quot;201341983&quot;:0,&quot;335559739&quot;:0,&quot;335559740&quot;:240}\">\u00a0<\/span><\/p>\n<p><span data-contrast=\"auto\">Al respecto<\/span><span data-contrast=\"auto\">,<\/span><span data-contrast=\"auto\"> los alumnos Jos\u00e9 Miguel Ruiz Landa y <\/span><span data-contrast=\"auto\">Aylin<\/span><span data-contrast=\"auto\"> Bravo Castillo, as\u00ed como el instructor, se m<\/span><span data-contrast=\"auto\">ostraron <\/span><span data-contrast=\"auto\">satisfechos con los resultados de esta experiencia educativa.<\/span><span data-ccp-props=\"{&quot;201341983&quot;:0,&quot;335559731&quot;:708,&quot;335559739&quot;:0,&quot;335559740&quot;:240}\">\u00a0<\/span><\/p>\n<p><span data-contrast=\"auto\">Aylin<\/span><span data-contrast=\"auto\"> Bravo, de<\/span> <span data-contrast=\"auto\">la <\/span><span data-contrast=\"auto\">Licenciatura en<\/span><span data-contrast=\"auto\"> Odontolog\u00eda,<\/span><span data-contrast=\"auto\"> apunt\u00f3 que el futbol r\u00e1pido \u201ces<\/span><span data-contrast=\"auto\"> el deporte que me gusta; la actividad f\u00edsica <\/span><span data-contrast=\"auto\">es vital para la salud<\/span><span data-contrast=\"auto\"> y <\/span><span data-contrast=\"auto\">en este caso nos sirvi\u00f3 para mejorar nuestra condici\u00f3n y mejorar nuestro nivel de juego\u201d.<\/span><span data-ccp-props=\"{&quot;201341983&quot;:0,&quot;335559731&quot;:708,&quot;335559739&quot;:0,&quot;335559740&quot;:240}\">\u00a0<\/span><\/p>\n<p><span data-contrast=\"auto\">La universitaria valor\u00f3 la oportunidad de conocer alumnos de otras carreras y facultades<\/span><span data-ccp-props=\"{&quot;201341983&quot;:0,&quot;335559731&quot;:708,&quot;335559739&quot;:0,&quot;335559740&quot;:240}\"> y <\/span><span data-contrast=\"auto\">agreg\u00f3 que le gustar\u00eda seguir practicando el futbol r\u00e1pido, para ser parte del equipo representativo de <\/span><i><span data-contrast=\"auto\">Halcones<\/span><\/i><span data-contrast=\"auto\"> UV.<\/span><span data-ccp-props=\"{&quot;201341983&quot;:0,&quot;335559731&quot;:708,&quot;335559739&quot;:0,&quot;335559740&quot;:240}\">\u00a0<\/span><\/p>\n<div id=\"attachment_79876\" style=\"width: 732px\" class=\"wp-caption aligncenter\"><a href=\"https:\/\/www.uv.mx\/prensa\/files\/2020\/01\/310120-FUT-RAPIDO-AYLIN-BRAVO.jpg\"><img loading=\"lazy\" decoding=\"async\" aria-describedby=\"caption-attachment-79876\" class=\"size-full wp-image-79876\" src=\"https:\/\/www.uv.mx\/prensa\/files\/2020\/01\/310120-FUT-RAPIDO-AYLIN-BRAVO.jpg\" alt=\"\" width=\"722\" height=\"481\" srcset=\"https:\/\/www.uv.mx\/prensa\/files\/2020\/01\/310120-FUT-RAPIDO-AYLIN-BRAVO.jpg 722w, https:\/\/www.uv.mx\/prensa\/files\/2020\/01\/310120-FUT-RAPIDO-AYLIN-BRAVO-300x200.jpg 300w\" sizes=\"auto, (max-width: 722px) 100vw, 722px\" \/><\/a><p id=\"caption-attachment-79876\" class=\"wp-caption-text\">Aylin Bravo Castillo, alumna de Odontolog\u00eda<\/p><\/div>\n<p><span data-contrast=\"auto\">Por su parte, Jos\u00e9 Miguel Ruiz, <\/span><span data-contrast=\"auto\">alumno <\/span><span data-contrast=\"auto\">de Derecho, se\u00f1a<\/span><span data-contrast=\"auto\">l\u00f3:<\/span><span data-contrast=\"auto\"> \u201c<\/span><span data-contrast=\"auto\">M<\/span><span data-contrast=\"auto\">e gust\u00f3 el trabajo que nos dio el entrenador y el ambiente<\/span><span data-contrast=\"auto\"> que se vivi\u00f3 en cada una de las sesiones, aprend\u00ed <\/span><span data-contrast=\"auto\">desde el calentamiento previo a un juego, hasta cuestiones t\u00e9cnicas y t\u00e1cticas para aplicarlas en la cancha, basadas en un buen control del bal\u00f3n\u201d.<\/span><span data-ccp-props=\"{&quot;201341983&quot;:0,&quot;335559731&quot;:708,&quot;335559739&quot;:0,&quot;335559740&quot;:240}\">\u00a0<\/span><\/p>\n<p><span data-contrast=\"auto\">Reconoci\u00f3 que la mayor\u00eda de los alumnos acuden al curso por los <\/span><span data-contrast=\"auto\">cuatro<\/span> <span data-contrast=\"auto\">cr\u00e9ditos acad\u00e9micos<\/span><span data-contrast=\"auto\"> que ofrece<\/span><span data-contrast=\"auto\">, \u201cpero tambi\u00e9n para realizar activaci\u00f3n f\u00edsica, que es importante para la salud, aprovechando la variedad de deportes que ofrece el AFEL\u201d.<\/span><span data-ccp-props=\"{&quot;201341983&quot;:0,&quot;335559731&quot;:708,&quot;335559739&quot;:0,&quot;335559740&quot;:240}\">\u00a0<\/span><\/p>\n<p><span data-contrast=\"auto\">Para el instructor Miguel <\/span><span data-contrast=\"auto\">\u00c1ngel<\/span><span data-contrast=\"auto\"> Maldonado <\/span><span data-contrast=\"auto\">fue gratificante contar con un grupo completo, \u201c<\/span><span data-contrast=\"auto\">son <\/span><span data-contrast=\"auto\">j\u00f3venes interesados en la pr\u00e1ctica del deporte, como un aliado en su formaci\u00f3n acad\u00e9mica\u201d.<\/span><span data-ccp-props=\"{&quot;201341983&quot;:0,&quot;335559731&quot;:708,&quot;335559739&quot;:0,&quot;335559740&quot;:240}\">\u00a0<\/span><\/p>\n<p><span data-contrast=\"auto\">Destac\u00f3 que cada curso del AFEL registra mucha demanda, \u201cpor el<\/span> <span data-contrast=\"auto\">inter\u00e9s de los muchachos <\/span><span data-contrast=\"auto\">para <\/span><span data-contrast=\"auto\">obtener cr\u00e9ditos y el compromiso de aprender algo m\u00e1s en su formaci\u00f3n\u201d.<\/span><span data-ccp-props=\"{&quot;201341983&quot;:0,&quot;335559731&quot;:708,&quot;335559739&quot;:0,&quot;335559740&quot;:240}\">\u00a0<\/span><\/p>\n<p><span data-contrast=\"auto\">Maldonado Hern\u00e1ndez agreg\u00f3 que en cada curso se descubren nuevos talentos, \u201cj\u00f3venes con muy buen nivel<\/span><span data-contrast=\"auto\"> que<\/span><span data-contrast=\"auto\"> p<\/span><span data-contrast=\"auto\">ueden <\/span><span data-contrast=\"auto\">ser integrados a los<\/span><span data-contrast=\"auto\"> equipos representativos de la U<\/span><span data-contrast=\"auto\">niversidad\u201d.<\/span><span data-ccp-props=\"{&quot;201341983&quot;:0,&quot;335559731&quot;:708,&quot;335559739&quot;:0,&quot;335559740&quot;:240}\">\u00a0<\/span><\/p>\n<div id=\"attachment_79877\" style=\"width: 732px\" class=\"wp-caption aligncenter\"><a href=\"https:\/\/www.uv.mx\/prensa\/files\/2020\/01\/310120-FUT-RAPIDO-JOSE-MIGUEL.jpg\"><img loading=\"lazy\" decoding=\"async\" aria-describedby=\"caption-attachment-79877\" class=\"size-full wp-image-79877\" src=\"https:\/\/www.uv.mx\/prensa\/files\/2020\/01\/310120-FUT-RAPIDO-JOSE-MIGUEL.jpg\" alt=\"\" width=\"722\" height=\"481\" srcset=\"https:\/\/www.uv.mx\/prensa\/files\/2020\/01\/310120-FUT-RAPIDO-JOSE-MIGUEL.jpg 722w, https:\/\/www.uv.mx\/prensa\/files\/2020\/01\/310120-FUT-RAPIDO-JOSE-MIGUEL-300x200.jpg 300w\" sizes=\"auto, (max-width: 722px) 100vw, 722px\" \/><\/a><p id=\"caption-attachment-79877\" class=\"wp-caption-text\">Jos\u00e9 Miguel Ruiz Landa, estudiante de Derecho<\/p><\/div>\n","protected":false},"excerpt":{"rendered":"<p>A las convocatorias acuden j\u00f3venes con muy buen nivel, que pueden integrarse a los equipos representativos de la Universidad: Miguel \u00c1ngel Maldonado, instructor de Futbol R\u00e1pido<\/p>\n","protected":false},"author":1508,"featured_media":79875,"comment_status":"closed","ping_status":"closed","sticky":false,"template":"","format":"standard","meta":{"footnotes":""},"categories":[12],"tags":[],"class_list":["post-79878","post","type-post","status-publish","format-standard","has-post-thumbnail","hentry","category-deportes"],"_links":{"self":[{"href":"https:\/\/www.uv.mx\/prensa\/wp-json\/wp\/v2\/posts\/79878","targetHints":{"allow":["GET"]}}],"collection":[{"href":"https:\/\/www.uv.mx\/prensa\/wp-json\/wp\/v2\/posts"}],"about":[{"href":"https:\/\/www.uv.mx\/prensa\/wp-json\/wp\/v2\/types\/post"}],"author":[{"embeddable":true,"href":"https:\/\/www.uv.mx\/prensa\/wp-json\/wp\/v2\/users\/1508"}],"replies":[{"embeddable":true,"href":"https:\/\/www.uv.mx\/prensa\/wp-json\/wp\/v2\/comments?post=79878"}],"version-history":[{"count":0,"href":"https:\/\/www.uv.mx\/prensa\/wp-json\/wp\/v2\/posts\/79878\/revisions"}],"wp:featuredmedia":[{"embeddable":true,"href":"https:\/\/www.uv.mx\/prensa\/wp-json\/wp\/v2\/media\/79875"}],"wp:attachment":[{"href":"https:\/\/www.uv.mx\/prensa\/wp-json\/wp\/v2\/media?parent=79878"}],"wp:term":[{"taxonomy":"category","embeddable":true,"href":"https:\/\/www.uv.mx\/prensa\/wp-json\/wp\/v2\/categories?post=79878"},{"taxonomy":"post_tag","embeddable":true,"href":"https:\/\/www.uv.mx\/prensa\/wp-json\/wp\/v2\/tags?post=79878"}],"curies":[{"name":"wp","href":"https:\/\/api.w.org\/{rel}","templated":true}]}}