{"id":79866,"date":"2020-02-01T08:00:04","date_gmt":"2020-02-01T14:00:04","guid":{"rendered":"https:\/\/www.uv.mx\/prensa\/?p=79866"},"modified":"2020-02-04T14:18:29","modified_gmt":"2020-02-04T20:18:29","slug":"cusrs-entrego-cartas-de-liberacion-de-servicio-social-a-14-estudiantes","status":"publish","type":"post","link":"https:\/\/www.uv.mx\/prensa\/banner\/cusrs-entrego-cartas-de-liberacion-de-servicio-social-a-14-estudiantes\/","title":{"rendered":"CUSRS entreg\u00f3 cartas de liberaci\u00f3n de servicio social a 14 estudiantes\u00a0"},"content":{"rendered":"<ul>\n<li data-leveltext=\"\uf0b7\" data-font=\"Symbol\" data-listid=\"1\" data-aria-posinset=\"1\" data-aria-level=\"1\"><i><span data-contrast=\"auto\">Alejandro E<\/span><\/i><i><span data-contrast=\"auto\">scobar dijo que uno de los <\/span><\/i><i><span data-contrast=\"auto\">prop\u00f3sito<\/span><\/i><i><span data-contrast=\"auto\">s<\/span><\/i><i><span data-contrast=\"auto\"> primordial<\/span><\/i><i><span data-contrast=\"auto\">es de la C<\/span><\/i><i><span data-contrast=\"auto\">l\u00ednica <\/span><\/i><i><span data-contrast=\"auto\">U<\/span><\/i><i><span data-contrast=\"auto\">niversitaria <\/span><\/i><i><span data-contrast=\"auto\">de Salud Reproductiva y Sexual es<\/span><\/i><i><span data-contrast=\"auto\">, <\/span><\/i><i><span data-contrast=\"auto\">adem\u00e1s de<\/span><\/i><i><span data-contrast=\"auto\"> ofrecer servicios de salud de calidad, <\/span><\/i><i><span data-contrast=\"auto\">la formaci\u00f3n de los estudiantes<\/span><\/i><span data-ccp-props=\"{&quot;134233279&quot;:true}\"><br \/>\n<\/span><\/li>\n<\/ul>\n<div id=\"attachment_79843\" style=\"width: 732px\" class=\"wp-caption aligncenter\"><a href=\"https:\/\/www.uv.mx\/prensa\/files\/2020\/01\/300120-Evento-Clinica-2.jpg\"><img loading=\"lazy\" decoding=\"async\" aria-describedby=\"caption-attachment-79843\" class=\"size-full wp-image-79843\" src=\"https:\/\/www.uv.mx\/prensa\/files\/2020\/01\/300120-Evento-Clinica-2.jpg\" alt=\"\" width=\"722\" height=\"481\" srcset=\"https:\/\/www.uv.mx\/prensa\/files\/2020\/01\/300120-Evento-Clinica-2.jpg 722w, https:\/\/www.uv.mx\/prensa\/files\/2020\/01\/300120-Evento-Clinica-2-300x200.jpg 300w\" sizes=\"auto, (max-width: 722px) 100vw, 722px\" \/><\/a><p id=\"caption-attachment-79843\" class=\"wp-caption-text\">Los alumnos con directivos de la CUSRS<\/p><\/div>\n<p><span data-ccp-props=\"{}\">\u00a0<\/span><b><i><span data-contrast=\"auto\">Paola Cort\u00e9s P\u00e9rez<\/span><\/i><\/b><span data-ccp-props=\"{}\">\u00a0<\/span><\/p>\n<p><b><i><span data-contrast=\"auto\">01<\/span><\/i><\/b><b><i><span data-contrast=\"auto\">\/0<\/span><\/i><\/b><b><i><span data-contrast=\"auto\">2<\/span><\/i><\/b><b><i><span data-contrast=\"auto\">\/2020, Xalapa, <\/span><\/i><\/b><b><i><span data-contrast=\"auto\">Ver.-<\/span><\/i><\/b> <span data-contrast=\"auto\">Autoridades de la<a href=\"https:\/\/www.uv.mx\/cusrs\/\" target=\"_blank\" rel=\"noopener noreferrer\"> Cl\u00ednica Universitaria <\/a><\/span><span data-contrast=\"auto\">de Salud Reproductiva y Sexual <\/span><span data-contrast=\"auto\">(CUSRS) <\/span><span data-contrast=\"auto\">de la Universidad Veracruzana (UV) entregaron cartas de liberaci\u00f3n <\/span><span data-contrast=\"auto\">de servicio social a 14 estudiantes de los programas educativos de <\/span><span data-contrast=\"auto\">las l<\/span><span data-contrast=\"auto\">icenciatura<\/span><span data-contrast=\"auto\">s<\/span><span data-contrast=\"auto\"> en Qu\u00edmica Farmac\u00e9utica Biol\u00f3gica (QFB), Enfermer\u00eda, Bioan\u00e1lisis, Nutrici\u00f3n y Psicolog\u00eda.<\/span><span data-ccp-props=\"{}\">\u00a0<\/span><\/p>\n<p><span data-contrast=\"auto\">La ceremonia <\/span><span data-contrast=\"auto\">se realiz\u00f3 el<\/span><span data-contrast=\"auto\"> martes 28 de enero <\/span><span data-contrast=\"auto\">en el auditorio de la CUSRS, y fue enca<\/span><span data-contrast=\"auto\">bezada por Alejandro Escobar Mes<\/span><span data-contrast=\"auto\">a, director de la misma; Rafael Ant\u00fanez S\u00e1nc<\/span><span data-contrast=\"auto\">hez, coordinador de Docencia e I<\/span><span data-contrast=\"auto\">nvestigaci\u00f3n de la cl\u00ednica; <\/span><span data-contrast=\"auto\">Cirenia<\/span><span data-contrast=\"auto\"> Hern\u00e1ndez Trejo, coordinadora de los Servicios Auxiliares de Diagn\u00f3stico<\/span><span data-contrast=\"auto\">; H\u00e9ctor De Leo <\/span><span data-contrast=\"auto\">Tobalina<\/span><span data-contrast=\"auto\">, coordinador de Programas y Extensi\u00f3n de los Servicios, as\u00ed como <\/span><span data-contrast=\"auto\">personal m\u00e9dico y administrativo.<\/span><span data-ccp-props=\"{&quot;335559731&quot;:708}\">\u00a0<\/span><\/p>\n<p><span data-contrast=\"auto\">Alejandro Escobar coment\u00f3 que desde sus inicios la CUSRS no s\u00f3lo es una unidad de salud, tambi\u00e9n es una entidad acad\u00e9mica que forma parte de la Universidad y como tal <\/span><span data-contrast=\"auto\">tiene el prop\u00f3sito de recibir a los estudiantes para hacer una experiencia educativa, servicio social y\/o pr\u00e1cticas profesionales.<\/span><span data-ccp-props=\"{&quot;335559731&quot;:708}\">\u00a0<\/span><\/p>\n<p><span data-contrast=\"auto\">\u201cLa columna vertebral de la cl\u00ednica son los estudiantes, por ello nosotros los concentramos en la parte acad\u00e9mica y de ense\u00f1anza, donde puedan observar el conocimiento que tiene el personal m\u00e9dico, de enfermer\u00eda, pat\u00f3logos y qu\u00edmicos<\/span><span data-contrast=\"auto\">.<\/span> <span data-contrast=\"auto\">Q<\/span><span data-contrast=\"auto\">ueremos que aprendan haciendo.\u201d<\/span><span data-ccp-props=\"{&quot;335559731&quot;:708}\">\u00a0<\/span><\/p>\n<p><span data-contrast=\"auto\">Mencion\u00f3 que actualmente un estudiante de la Licenciatura en Estad\u00edstica y <\/span><span data-contrast=\"auto\">otro<\/span><span data-contrast=\"auto\"> de<\/span><span data-contrast=\"auto\"> la Licenciatura en Inform\u00e1tica<\/span> <span data-contrast=\"auto\">apoyan en la elaboraci\u00f3n de un sistema de informaci\u00f3n en salud, a fin de conocer de qu\u00e9 se enferman las personas, de d\u00f3nde vienen y <\/span><span data-contrast=\"auto\">dar<\/span><span data-contrast=\"auto\"> seguimiento <\/span><span data-contrast=\"auto\">a<\/span><span data-contrast=\"auto\"> nuestros usuarios.<\/span><span data-ccp-props=\"{&quot;335559731&quot;:708}\">\u00a0<\/span><\/p>\n<p><span data-contrast=\"auto\">\u201cTa<\/span><span data-contrast=\"auto\">mbi\u00e9n hemos tenido pasantes de P<\/span><span data-contrast=\"auto\">sicolog\u00eda y <\/span><span data-contrast=\"auto\">A<\/span><span data-contrast=\"auto\">ntropolog\u00eda para dar una atenci\u00f3n integral. <\/span><span data-contrast=\"auto\">A<\/span><span data-contrast=\"auto\">gradecemos a los <\/span><span data-contrast=\"auto\">alumnos universitarios <\/span><span data-contrast=\"auto\">por elegir nuestros espacios para estudiar.\u201d<\/span><span data-ccp-props=\"{&quot;335559731&quot;:708}\">\u00a0<\/span><\/p>\n<p><span data-contrast=\"auto\">Rafael Ant\u00fanez <\/span><span data-contrast=\"auto\">enfatiz\u00f3 que han elaborado programas educativos y de trabajo para los estudiantes que realizan servicio s<\/span><span data-contrast=\"auto\">ocial o pr\u00e1cticas profesionales, <\/span><span data-contrast=\"auto\">\u201ccon el objetivo de que tengan una buena experiencia acad\u00e9mica en la cl\u00ednica, ya que nuestra funci\u00f3n primordial es la formaci\u00f3n de los estudiantes\u201d<\/span><span data-contrast=\"auto\">.<\/span><span data-ccp-props=\"{&quot;335559731&quot;:708}\">\u00a0<\/span><\/p>\n<p><span data-contrast=\"auto\">Di<\/span><span data-contrast=\"auto\">j<\/span><span data-contrast=\"auto\">o que en promedio tienen <\/span><span data-contrast=\"auto\">a <\/span><span data-contrast=\"auto\">alrededor<\/span><span data-contrast=\"auto\"> de 25 estudiantes por semestre;<\/span><span data-contrast=\"auto\"> sin embargo<\/span><span data-contrast=\"auto\">,<\/span><span data-contrast=\"auto\"> han llegado a <\/span><span data-contrast=\"auto\">recibir hasta<\/span> <span data-contrast=\"auto\">35 j\u00f3venes universitarios en el transcurso del a\u00f1o<\/span><span data-contrast=\"auto\">.<\/span><span data-ccp-props=\"{&quot;335559731&quot;:708}\">\u00a0<\/span><\/p>\n<p><span data-contrast=\"auto\">Escobar <\/span><span data-contrast=\"auto\">Mesa <\/span><span data-contrast=\"auto\">explic\u00f3 que para realizar el servicio social en la <\/span><span data-contrast=\"auto\">CUSRS<\/span><span data-contrast=\"auto\"> tienen que obtener la validaci\u00f3n general del \u00c1rea Acad\u00e9mica de Ciencias de la Salud, ya que existe una distribuci\u00f3n de las plazas. El resto de las entidades <\/span><span data-contrast=\"auto\">pueden hacerlo <\/span><span data-contrast=\"auto\">mediante<\/span><span data-contrast=\"auto\"> un acuerdo y solicitud formal del director de la entidad acad\u00e9mica para que cumplan con su programa de servicio social.<\/span><span data-ccp-props=\"{&quot;335559731&quot;:708}\">\u00a0<\/span><\/p>\n<div id=\"attachment_79844\" style=\"width: 732px\" class=\"wp-caption aligncenter\"><a href=\"https:\/\/www.uv.mx\/prensa\/files\/2020\/01\/300120-Evento-Clinica-1.jpg\"><img loading=\"lazy\" decoding=\"async\" aria-describedby=\"caption-attachment-79844\" class=\"size-full wp-image-79844\" src=\"https:\/\/www.uv.mx\/prensa\/files\/2020\/01\/300120-Evento-Clinica-1.jpg\" alt=\"\" width=\"722\" height=\"481\" srcset=\"https:\/\/www.uv.mx\/prensa\/files\/2020\/01\/300120-Evento-Clinica-1.jpg 722w, https:\/\/www.uv.mx\/prensa\/files\/2020\/01\/300120-Evento-Clinica-1-300x200.jpg 300w\" sizes=\"auto, (max-width: 722px) 100vw, 722px\" \/><\/a><p id=\"caption-attachment-79844\" class=\"wp-caption-text\">Autoridades de la CUSRS felicitaron a los j\u00f3venes<\/p><\/div>\n","protected":false},"excerpt":{"rendered":"<p>\u201cAgradecemos a los alumnos universitarios por elegir nuestros espacios para estudiar\u201d: Alejandro Escobar, director de la cl\u00ednica\u00a0<\/p>\n","protected":false},"author":1869,"featured_media":79868,"comment_status":"closed","ping_status":"closed","sticky":false,"template":"","format":"standard","meta":{"footnotes":""},"categories":[61],"tags":[],"class_list":["post-79866","post","type-post","status-publish","format-standard","has-post-thumbnail","hentry","category-banner"],"_links":{"self":[{"href":"https:\/\/www.uv.mx\/prensa\/wp-json\/wp\/v2\/posts\/79866","targetHints":{"allow":["GET"]}}],"collection":[{"href":"https:\/\/www.uv.mx\/prensa\/wp-json\/wp\/v2\/posts"}],"about":[{"href":"https:\/\/www.uv.mx\/prensa\/wp-json\/wp\/v2\/types\/post"}],"author":[{"embeddable":true,"href":"https:\/\/www.uv.mx\/prensa\/wp-json\/wp\/v2\/users\/1869"}],"replies":[{"embeddable":true,"href":"https:\/\/www.uv.mx\/prensa\/wp-json\/wp\/v2\/comments?post=79866"}],"version-history":[{"count":0,"href":"https:\/\/www.uv.mx\/prensa\/wp-json\/wp\/v2\/posts\/79866\/revisions"}],"wp:featuredmedia":[{"embeddable":true,"href":"https:\/\/www.uv.mx\/prensa\/wp-json\/wp\/v2\/media\/79868"}],"wp:attachment":[{"href":"https:\/\/www.uv.mx\/prensa\/wp-json\/wp\/v2\/media?parent=79866"}],"wp:term":[{"taxonomy":"category","embeddable":true,"href":"https:\/\/www.uv.mx\/prensa\/wp-json\/wp\/v2\/categories?post=79866"},{"taxonomy":"post_tag","embeddable":true,"href":"https:\/\/www.uv.mx\/prensa\/wp-json\/wp\/v2\/tags?post=79866"}],"curies":[{"name":"wp","href":"https:\/\/api.w.org\/{rel}","templated":true}]}}