{"id":79856,"date":"2020-01-31T12:52:58","date_gmt":"2020-01-31T18:52:58","guid":{"rendered":"https:\/\/www.uv.mx\/prensa\/?p=79856"},"modified":"2020-01-31T14:09:08","modified_gmt":"2020-01-31T20:09:08","slug":"clinica-universitaria-de-salud-reproductiva-y-sexual-obtuvo-certificacion-nacional","status":"publish","type":"post","link":"https:\/\/www.uv.mx\/prensa\/banner\/clinica-universitaria-de-salud-reproductiva-y-sexual-obtuvo-certificacion-nacional\/","title":{"rendered":"Cl\u00ednica Universitaria de Salud Reproductiva\u00a0y Sexual obtuvo certificaci\u00f3n nacional\u00a0"},"content":{"rendered":"<ul>\n<li data-leveltext=\"\uf0b7\" data-font=\"Symbol\" data-listid=\"2\" data-aria-posinset=\"0\" data-aria-level=\"1\"><i><span data-contrast=\"auto\">La Comisi\u00f3n de Establecimientos de Atenci\u00f3n M\u00e9dica<\/span><\/i> <i><span data-contrast=\"auto\">le otorg\u00f3 calificaci\u00f3n general de 9.9<\/span><\/i><span data-ccp-props=\"{&quot;201341983&quot;:0,&quot;335559739&quot;:0,&quot;335559740&quot;:240}\">\u00a0<\/span><\/li>\n<li data-leveltext=\"\uf0b7\" data-font=\"Symbol\" data-listid=\"2\" data-aria-posinset=\"0\" data-aria-level=\"1\"><i><span data-contrast=\"auto\">Es la primera instituci\u00f3n educativa en su tipo en el<\/span><\/i> <i><span data-contrast=\"auto\">s<\/span><\/i><i><span data-contrast=\"auto\">ureste del pa\u00ed<\/span><\/i><i><span data-contrast=\"auto\">s en obtener est<\/span><\/i><i><span data-contrast=\"auto\">e<\/span><\/i> <i><span data-contrast=\"auto\">reconocimiento<\/span><\/i><span data-ccp-props=\"{&quot;201341983&quot;:0,&quot;335559739&quot;:0,&quot;335559740&quot;:240}\">\u00a0<\/span><\/li>\n<\/ul>\n<p><span data-ccp-props=\"{&quot;201341983&quot;:0,&quot;335559739&quot;:0,&quot;335559740&quot;:240}\">\u00a0<\/span><b><i><\/i><\/b><\/p>\n<div id=\"attachment_79858\" style=\"width: 732px\" class=\"wp-caption aligncenter\"><a href=\"https:\/\/www.uv.mx\/prensa\/files\/2020\/01\/31012020-Certifican-a-la-CUSRS-1.jpg\"><img loading=\"lazy\" decoding=\"async\" aria-describedby=\"caption-attachment-79858\" class=\"size-full wp-image-79858\" src=\"https:\/\/www.uv.mx\/prensa\/files\/2020\/01\/31012020-Certifican-a-la-CUSRS-1.jpg\" alt=\"\" width=\"722\" height=\"482\" srcset=\"https:\/\/www.uv.mx\/prensa\/files\/2020\/01\/31012020-Certifican-a-la-CUSRS-1.jpg 722w, https:\/\/www.uv.mx\/prensa\/files\/2020\/01\/31012020-Certifican-a-la-CUSRS-1-300x200.jpg 300w\" sizes=\"auto, (max-width: 722px) 100vw, 722px\" \/><\/a><p id=\"caption-attachment-79858\" class=\"wp-caption-text\">Pedro Guti\u00e9rrez Aguilar recibi\u00f3 el dictamen de certificaci\u00f3n de la CUSRS, de manos de Ra\u00fal Rafael Anaya N\u00fa\u00f1ez<\/p><\/div>\n<p><span data-ccp-props=\"{&quot;201341983&quot;:0,&quot;335559739&quot;:0,&quot;335559740&quot;:240}\">\u00a0<\/span><\/p>\n<p><b><i><span data-contrast=\"auto\">Jos\u00e9 Luis <\/span><\/i><\/b><b><i><span data-contrast=\"auto\">Couttolenc<\/span><\/i><\/b><b><i><span data-contrast=\"auto\"> Soto<\/span><\/i><\/b><span data-ccp-props=\"{&quot;201341983&quot;:0,&quot;335559739&quot;:0,&quot;335559740&quot;:240}\">\u00a0<\/span><\/p>\n<p><b><i><span data-contrast=\"auto\">31<\/span><\/i><\/b><b><i><span data-contrast=\"auto\">\/<\/span><\/i><\/b><b><i><span data-contrast=\"auto\">0<\/span><\/i><\/b><b><i><span data-contrast=\"auto\">1<\/span><\/i><\/b><b><i><span data-contrast=\"auto\">\/2020<\/span><\/i><\/b><b><i><span data-contrast=\"auto\"> Ciudad de M\u00e9xico<\/span><\/i><\/b><b><i><span data-contrast=\"auto\">.-<\/span><\/i><\/b><span data-contrast=\"auto\"> La <a href=\"https:\/\/www.uv.mx\/cusrs\/\" target=\"_blank\" rel=\"noopener noreferrer\">Cl\u00ednica Universitaria de Salud Reproductiva y Sexual<\/a> (CUSRS) de <\/span><span data-contrast=\"auto\">la Universidad Veracruzana (UV)<\/span><span data-contrast=\"auto\"> se convirti\u00f3 en la primera instituci\u00f3n educativa en su tipo del sureste del pa\u00eds<\/span> <span data-contrast=\"auto\">en ser certificada por el Consejo de Salubridad General (CSG), \u00f3rgano colegiado dependiente directamente del Presidente de la Rep\u00fablica, que tiene como misi\u00f3n emitir disposiciones de car\u00e1cter obligatorio en materia de salubridad general en tod<\/span><span data-contrast=\"auto\">a la naci\u00f3n <\/span><span data-contrast=\"auto\">media<\/span><span data-contrast=\"auto\">nte la definici\u00f3n de prioridades<\/span><span data-contrast=\"auto\">.<\/span><span data-ccp-props=\"{&quot;201341983&quot;:0,&quot;335559739&quot;:0,&quot;335559740&quot;:240}\">\u00a0<\/span><\/p>\n<p><span data-contrast=\"auto\">A nombre de la rectora Sara Ladr\u00f3n de Guevara, el director general del \u00c1rea Acad\u00e9mica de Ciencias de la Salud<\/span><span data-contrast=\"auto\">, Pedro Guti\u00e9rrez Aguilar, acompa\u00f1ado del director de la CUSRS, Alejandro Escobar Mesa, recibi\u00f3 el<\/span><span data-contrast=\"auto\"> dictamen de Certificaci\u00f3n de Establecimiento de Atenci\u00f3n M\u00e9dica<\/span> <span data-contrast=\"auto\">de <\/span><span data-contrast=\"auto\">manos de Ra\u00fal Rafael Anaya N\u00fa\u00f1ez, director general de Certificaci\u00f3n <\/span><span data-contrast=\"auto\">y Secretario T\u00e9cnico <\/span><span data-contrast=\"auto\">del CSG, en una ceremonia efectuada <\/span><span data-contrast=\"auto\">este viernes <\/span><span data-contrast=\"auto\">en la sede de la instituci\u00f3n en esta capital<\/span><span data-contrast=\"auto\">.<\/span><span data-ccp-props=\"{&quot;201341983&quot;:0,&quot;335559739&quot;:0,&quot;335559740&quot;:240}\">\u00a0<\/span><\/p>\n<p><span data-contrast=\"auto\">Al entregar el documento, <\/span><span data-contrast=\"auto\">el funcionario federal refiri\u00f3 que la CUSRS garantiza el cumplimiento de los est\u00e1ndares de calidad, al tiempo que <\/span><span data-contrast=\"auto\">la<\/span><span data-contrast=\"auto\"> exhort\u00f3 a mantener un proceso de mejora continua, \u201calgo que uste<\/span><span data-contrast=\"auto\">des lo tienen porque la propia U<\/span><span data-contrast=\"auto\">niversidad alienta este tipo de procesos.<\/span><span data-ccp-props=\"{&quot;201341983&quot;:0,&quot;335559739&quot;:0,&quot;335559740&quot;:240}\">\u00a0<\/span><\/p>\n<p><span data-contrast=\"auto\">\u201d<\/span><span data-contrast=\"auto\">Para nosotros son casos ic\u00f3nicos, porque son una cl\u00ednica vinculada a una instituci\u00f3n de educaci\u00f3n supe<\/span><span data-contrast=\"auto\">rior que tiene un doble proceso:<\/span><span data-contrast=\"auto\"> el de formaci\u00f3n y el de atenci\u00f3n, que genera una din\u00e1mica distinta a una unidad hospitalaria com\u00fan de atenci\u00f3n simple a la poblaci\u00f3n\u201d, indic\u00f3.<\/span><span data-ccp-props=\"{&quot;201341983&quot;:0,&quot;335559739&quot;:0,&quot;335559740&quot;:240}\">\u00a0<\/span><\/p>\n<p><span data-contrast=\"auto\">Enseguida<\/span><span data-contrast=\"auto\">,<\/span><span data-contrast=\"auto\"> invit\u00f3 <\/span><span data-contrast=\"auto\">a <\/span><span data-contrast=\"auto\">la CUSRS a <\/span><span data-contrast=\"auto\">convertirse en l\u00edder de otras instancias que est\u00e1n intentando cumplir con el proceso de <\/span><span data-contrast=\"auto\">certificaci\u00f3n<\/span><span data-contrast=\"auto\">.<\/span><span data-ccp-props=\"{&quot;201341983&quot;:0,&quot;335559739&quot;:200,&quot;335559740&quot;:240}\">\u00a0<\/span><\/p>\n<p><span data-contrast=\"auto\">Por su parte<\/span><span data-contrast=\"auto\">,<\/span><span data-contrast=\"auto\"> Guti\u00e9rrez Aguilar mencion\u00f3 que la UV se<\/span> <span data-contrast=\"auto\">preocupa por abrir espacios a la comunidad univers<\/span><span data-contrast=\"auto\">itaria, en este caso particular<\/span><span data-contrast=\"auto\"> a los de las facultades <\/span><span data-contrast=\"auto\">de<\/span><span data-contrast=\"auto\">l<\/span><span data-contrast=\"auto\"> \u00c1rea de <\/span><span data-contrast=\"auto\">Ciencias de la Salud.<\/span><span data-ccp-props=\"{&quot;201341983&quot;:0,&quot;335559739&quot;:200,&quot;335559740&quot;:240}\">\u00a0<\/span><\/p>\n<p><span data-contrast=\"auto\">L<\/span><span data-contrast=\"auto\">a <\/span><span data-contrast=\"auto\">C<\/span><span data-contrast=\"auto\">USRS <\/span><span data-contrast=\"auto\">inici\u00f3 su S<\/span><span data-contrast=\"auto\">istema<\/span><span data-contrast=\"auto\"> de Gesti\u00f3n de C<\/span><span data-contrast=\"auto\">alidad<\/span><span data-contrast=\"auto\"> (SGC)<\/span><span data-contrast=\"auto\"> implemen<\/span><span data-contrast=\"auto\">tando<\/span><span data-contrast=\"auto\"> el Modelo de Seguridad del Paciente del Sistema Nacional de Certificaci\u00f3n de Establecimientos de Atenci\u00f3n M\u00e9dica (<\/span><i><span data-contrast=\"auto\">Sinaceam<\/span><\/i><span data-contrast=\"auto\">), trabajando sobre procesos cr\u00edticos relacionados con la atenci\u00f3n y seguridad de pacientes, por lo que adopt\u00f3 los criterios del modelo del CSG para la mejora de los procesos que impactan en la salud de la comunidad.<\/span><span data-ccp-props=\"{&quot;201341983&quot;:0,&quot;335559731&quot;:708,&quot;335559739&quot;:200,&quot;335559740&quot;:240}\">\u00a0<\/span><\/p>\n<p><span data-contrast=\"auto\">Capacit\u00f3 al 100 por ciento del personal<\/span><span data-contrast=\"auto\"> a trav\u00e9s de estrategias de sesiones continuas para personal<\/span><span data-contrast=\"auto\"> acad\u00e9mico, administrativo, <\/span><span data-contrast=\"auto\">de <\/span><span data-contrast=\"auto\">confianza, t\u00e9cnico y manual<\/span><span data-contrast=\"auto\">,<\/span> <span data-contrast=\"auto\">con base en el modelo de est\u00e1ndares para la Certificaci\u00f3n de Cl\u00ednicas de Atenci\u00f3n Primaria y Consultas de<\/span><span data-contrast=\"auto\"> Especialidades (CAPCE) del CSG;<\/span><span data-contrast=\"auto\"> del 29 de septiembre al <\/span><span data-contrast=\"auto\">1<\/span><span data-contrast=\"auto\"> de octubre de 2019 se someti\u00f3 a la evaluaci\u00f3n externa por representantes del C<\/span><span data-contrast=\"auto\">SG<\/span><span data-contrast=\"auto\">, que a trav\u00e9s de la Comisi\u00f3n de Establecimientos de Atenci\u00f3n M\u00e9dica el 19 de diciembre del mismo a\u00f1o dictamin\u00f3<\/span><span data-contrast=\"auto\"> c<\/span><span data-contrast=\"auto\">ertificar a la CUSRS \u201cpor <\/span><span data-contrast=\"auto\">cinco<\/span><span data-contrast=\"auto\"> a\u00f1os<\/span><span data-contrast=\"auto\"> con las siguientes calificaciones: Est\u00e1ndares centrados en el paciente 9.9; Est\u00e1ndares centrados en la gesti\u00f3n 9.9; Calificaci\u00f3n general 9.9\u201d.<\/span><span data-ccp-props=\"{&quot;201341983&quot;:0,&quot;335559739&quot;:0,&quot;335559740&quot;:240}\">\u00a0<\/span><\/p>\n<p><span data-contrast=\"auto\">Ante este logro, Escobar Mesa expres\u00f3<\/span><span data-contrast=\"auto\">:<\/span><span data-contrast=\"auto\"> \u201c<\/span><span data-contrast=\"auto\">C<\/span><span data-contrast=\"auto\">omo instituci\u00f3n de salud certificada, <\/span><span data-contrast=\"auto\">la<\/span><span data-contrast=\"auto\"> C<\/span><span data-contrast=\"auto\">USRS <\/span><span data-contrast=\"auto\">demuestra que se cumple con los est\u00e1ndares que tienen como referencia la seguridad de los pacientes, la calidad de la atenci\u00f3n m\u00e9dica, la normatividad vigente y las pol\u00edticas nacionales prioritarias en salud<\/span><span data-contrast=\"auto\">; adem\u00e1s <\/span><span data-contrast=\"auto\">refuerza la imagen institucional d<\/span><span data-contrast=\"auto\">e la Universidad Veracruzana\u201d<\/span><span data-contrast=\"auto\">.<\/span><span data-ccp-props=\"{&quot;201341983&quot;:0,&quot;335559739&quot;:0,&quot;335559740&quot;:240}\">\u00a0<\/span><\/p>\n<p><span data-contrast=\"auto\">A<\/span><span data-contrast=\"auto\">greg\u00f3 que con la evaluaci\u00f3n externa demuestra a pacientes, familiares y a la ciudadan\u00eda \u201cque su organizaci\u00f3n trabaja con est\u00e1ndares de calidad e implementa un S<\/span><span data-contrast=\"auto\">GC acorde al P<\/span><span data-contrast=\"auto\">lan <\/span><span data-contrast=\"auto\">G<\/span><span data-contrast=\"auto\">eneral de <\/span><span data-contrast=\"auto\">D<\/span><span data-contrast=\"auto\">esarrollo 2030 de la actual administraci\u00f3n rectoral\u201d.<\/span><span data-ccp-props=\"{&quot;201341983&quot;:0,&quot;335559731&quot;:708,&quot;335559739&quot;:0,&quot;335559740&quot;:240}\">\u00a0<\/span><\/p>\n<p><span data-contrast=\"auto\">Apunt\u00f3 que la cl\u00ednica mantendr\u00e1 vigente el S<\/span><span data-contrast=\"auto\">GC <\/span><span data-contrast=\"auto\">a trav\u00e9s de la promoci\u00f3n continua del Modelo de Seguridad del Paciente del CSG, ide<\/span><span data-contrast=\"auto\">ntificando \u00e1reas de oportunidad<\/span><span data-contrast=\"auto\"> y<\/span><span data-contrast=\"auto\"> coadyuvando en la formaci\u00f3n de estudiantes de diferentes disciplinas mediante la aplicaci\u00f3n del conocimiento e implementaci\u00f3n del modelo de calidad.<\/span><span data-ccp-props=\"{&quot;201341983&quot;:0,&quot;335559739&quot;:0,&quot;335559740&quot;:240}\">\u00a0<\/span><\/p>\n<p><span data-contrast=\"auto\">Los servicios que ofrece la <\/span><span data-contrast=\"auto\">CUSRS<\/span><span data-contrast=\"auto\">, tanto a la comunidad universitaria como a la poblaci\u00f3n abierta con equidad de g\u00e9nero, son<\/span><span data-contrast=\"auto\">:<\/span> <span data-contrast=\"auto\">m<\/span><span data-contrast=\"auto\">edicina <\/span><span data-contrast=\"auto\">i<\/span><span data-contrast=\"auto\">nterna, <\/span><span data-contrast=\"auto\">p<\/span><span data-contrast=\"auto\">ediatr\u00eda, <\/span><span data-contrast=\"auto\">n<\/span><span data-contrast=\"auto\">utrici\u00f3n<\/span><span data-contrast=\"auto\">, <\/span><span data-contrast=\"auto\">g<\/span><span data-contrast=\"auto\">inecolog\u00eda, <\/span><span data-contrast=\"auto\">l<\/span><span data-contrast=\"auto\">aboratorio de an\u00e1lisis cl\u00ednicos, <\/span><span data-contrast=\"auto\">i<\/span><span data-contrast=\"auto\">magenolog\u00eda<\/span><span data-contrast=\"auto\">, <\/span><span data-contrast=\"auto\">p<\/span><span data-contrast=\"auto\">atolog\u00eda, as\u00ed como talleres y <\/span><span data-contrast=\"auto\">programas espec\u00edficos de extensi\u00f3n de los servicios a la comunidad.<\/span> <span data-contrast=\"auto\">E<\/span><span data-contrast=\"auto\">n el evento e<\/span><span data-contrast=\"auto\">stuvieron presentes<\/span><span data-contrast=\"auto\">:<\/span><span data-contrast=\"auto\"> Bernardo Catal\u00e1n Rodr\u00edguez, <\/span><span data-contrast=\"auto\">d<\/span><span data-contrast=\"auto\">irector de Certificaci\u00f3n<\/span><span data-contrast=\"auto\">,<\/span> <span data-contrast=\"auto\">y la actuaria Juana Yolanda Peralta Mart\u00ednez, ambos del CSG, as\u00ed como <\/span><span data-contrast=\"auto\">Elizabeth Flores, subcoordi<\/span><span data-contrast=\"auto\">nadora de <\/span><span data-contrast=\"auto\">C<\/span><span data-contrast=\"auto\">alidad de la UV<\/span><span data-contrast=\"auto\">, quien asesor\u00f3 a la <\/span><span data-contrast=\"auto\">CUSRS<\/span> <span data-contrast=\"auto\">en este proceso.<\/span><span data-ccp-props=\"{&quot;201341983&quot;:0,&quot;335559731&quot;:708,&quot;335559739&quot;:0,&quot;335559740&quot;:240}\">\u00a0<\/span><\/p>\n<p><span data-ccp-props=\"{&quot;201341983&quot;:0,&quot;335559731&quot;:708,&quot;335559739&quot;:0,&quot;335559740&quot;:240}\">\u00a0<\/span><\/p>\n<div id=\"attachment_79859\" style=\"width: 732px\" class=\"wp-caption aligncenter\"><a href=\"https:\/\/www.uv.mx\/prensa\/files\/2020\/01\/31012020-Certifican-a-la-CUSRS-2.jpg\"><img loading=\"lazy\" decoding=\"async\" aria-describedby=\"caption-attachment-79859\" class=\"size-full wp-image-79859\" src=\"https:\/\/www.uv.mx\/prensa\/files\/2020\/01\/31012020-Certifican-a-la-CUSRS-2.jpg\" alt=\"\" width=\"722\" height=\"482\" srcset=\"https:\/\/www.uv.mx\/prensa\/files\/2020\/01\/31012020-Certifican-a-la-CUSRS-2.jpg 722w, https:\/\/www.uv.mx\/prensa\/files\/2020\/01\/31012020-Certifican-a-la-CUSRS-2-300x200.jpg 300w\" sizes=\"auto, (max-width: 722px) 100vw, 722px\" \/><\/a><p id=\"caption-attachment-79859\" class=\"wp-caption-text\">La Cl\u00ednica Universitaria de Salud Reproductiva y Sexual fue certificada por el Consejo de Salubridad General<\/p><\/div>\n","protected":false},"excerpt":{"rendered":"<p>Recibi\u00f3 el dictamen de Certificaci\u00f3n de Establecimiento de Atenci\u00f3n M\u00e9dica de manos de Ra\u00fal Rafael Anaya N\u00fa\u00f1ez, director general de Certificaci\u00f3n y Secretario T\u00e9cnico del CSG<\/p>\n","protected":false},"author":1869,"featured_media":79857,"comment_status":"closed","ping_status":"closed","sticky":false,"template":"","format":"standard","meta":{"footnotes":""},"categories":[61],"tags":[67],"class_list":["post-79856","post","type-post","status-publish","format-standard","has-post-thumbnail","hentry","category-banner","tag-cusrs"],"_links":{"self":[{"href":"https:\/\/www.uv.mx\/prensa\/wp-json\/wp\/v2\/posts\/79856","targetHints":{"allow":["GET"]}}],"collection":[{"href":"https:\/\/www.uv.mx\/prensa\/wp-json\/wp\/v2\/posts"}],"about":[{"href":"https:\/\/www.uv.mx\/prensa\/wp-json\/wp\/v2\/types\/post"}],"author":[{"embeddable":true,"href":"https:\/\/www.uv.mx\/prensa\/wp-json\/wp\/v2\/users\/1869"}],"replies":[{"embeddable":true,"href":"https:\/\/www.uv.mx\/prensa\/wp-json\/wp\/v2\/comments?post=79856"}],"version-history":[{"count":0,"href":"https:\/\/www.uv.mx\/prensa\/wp-json\/wp\/v2\/posts\/79856\/revisions"}],"wp:featuredmedia":[{"embeddable":true,"href":"https:\/\/www.uv.mx\/prensa\/wp-json\/wp\/v2\/media\/79857"}],"wp:attachment":[{"href":"https:\/\/www.uv.mx\/prensa\/wp-json\/wp\/v2\/media?parent=79856"}],"wp:term":[{"taxonomy":"category","embeddable":true,"href":"https:\/\/www.uv.mx\/prensa\/wp-json\/wp\/v2\/categories?post=79856"},{"taxonomy":"post_tag","embeddable":true,"href":"https:\/\/www.uv.mx\/prensa\/wp-json\/wp\/v2\/tags?post=79856"}],"curies":[{"name":"wp","href":"https:\/\/api.w.org\/{rel}","templated":true}]}}