{"id":79845,"date":"2020-01-31T12:03:50","date_gmt":"2020-01-31T18:03:50","guid":{"rendered":"https:\/\/www.uv.mx\/prensa\/?p=79845"},"modified":"2020-01-31T12:09:33","modified_gmt":"2020-01-31T18:09:33","slug":"uv-realiza-mantenimiento-en-417-inmuebles-de-las-cinco-regiones","status":"publish","type":"post","link":"https:\/\/www.uv.mx\/prensa\/banner\/uv-realiza-mantenimiento-en-417-inmuebles-de-las-cinco-regiones\/","title":{"rendered":"UV realiza mantenimiento en 417 inmuebles de las cinco regiones\u00a0"},"content":{"rendered":"<ul>\n<li data-leveltext=\"\u2022\" data-font=\"-webkit-standard\" data-listid=\"2\" data-aria-posinset=\"0\" data-aria-level=\"1\"><i><span data-contrast=\"none\">Como parte de un p<\/span><\/i><i><span data-contrast=\"none\">rograma <\/span><\/i><i><span data-contrast=\"none\">e<\/span><\/i><i><span data-contrast=\"none\">strat\u00e9gico <\/span><\/i><i><span data-contrast=\"none\">que<\/span><\/i> <i><span data-contrast=\"none\">cont\u00f3 con<\/span><\/i><i><span data-contrast=\"none\"> un <\/span><\/i><i><span data-contrast=\"none\">presupuesto de <\/span><\/i><i><span data-contrast=\"none\">435 millones de pesos<\/span><\/i><i><span data-contrast=\"none\">; l<\/span><\/i><i><span data-contrast=\"none\">os proyectos deber\u00e1n concl<\/span><\/i><i><span data-contrast=\"none\">uir a m\u00e1s tardar el 31 de marzo<\/span><\/i><span data-ccp-props=\"{&quot;134233279&quot;:true,&quot;335559685&quot;:709,&quot;335559991&quot;:283}\">\u00a0<\/span><\/li>\n<li data-leveltext=\"\u2022\" data-font=\"-webkit-standard\" data-listid=\"2\" data-aria-posinset=\"0\" data-aria-level=\"1\"><i><span data-contrast=\"none\">Las necesidades a atender se integran a partir de solicitudes de los directores de entidades acad\u00e9micas y dependencias, las vicerrector\u00edas y las direcciones generales<\/span><\/i><i><span data-contrast=\"none\"> de \u00e1<\/span><\/i><i><span data-contrast=\"none\">rea<\/span><\/i><i><span data-contrast=\"none\">s<\/span><\/i> <i><span data-contrast=\"none\">a<\/span><\/i><i><span data-contrast=\"none\">cad\u00e9mica<\/span><\/i><i><span data-contrast=\"none\">s<\/span><\/i><i><span data-contrast=\"none\">, entre otras<\/span><\/i><span data-ccp-props=\"{&quot;134233279&quot;:true,&quot;335559685&quot;:709,&quot;335559991&quot;:283}\">\u00a0<\/span><\/li>\n<\/ul>\n<p><span data-ccp-props=\"{}\">\u00a0<\/span><\/p>\n<div id=\"attachment_79847\" style=\"width: 732px\" class=\"wp-caption aligncenter\"><a href=\"https:\/\/www.uv.mx\/prensa\/files\/2020\/01\/Obras-1.jpg\"><img loading=\"lazy\" decoding=\"async\" aria-describedby=\"caption-attachment-79847\" class=\"size-full wp-image-79847\" src=\"https:\/\/www.uv.mx\/prensa\/files\/2020\/01\/Obras-1.jpg\" alt=\"\" width=\"722\" height=\"487\" srcset=\"https:\/\/www.uv.mx\/prensa\/files\/2020\/01\/Obras-1.jpg 722w, https:\/\/www.uv.mx\/prensa\/files\/2020\/01\/Obras-1-300x202.jpg 300w\" sizes=\"auto, (max-width: 722px) 100vw, 722px\" \/><\/a><p id=\"caption-attachment-79847\" class=\"wp-caption-text\">El mantenimiento se realiza con recursos del presupuesto anual ordinario de la instituci\u00f3n<\/p><\/div>\n<p>&nbsp;<\/p>\n<p><b><i><span data-contrast=\"none\">31<\/span><\/i><\/b><b><i><span data-contrast=\"none\">\/01\/2020\/ Xalapa, Ver.-<\/span><\/i><\/b> <span data-contrast=\"none\">En <\/span><span data-contrast=\"none\">2018, la <a href=\"https:\/\/www.uv.mx\/\" target=\"_blank\" rel=\"noopener noreferrer\">Universidad Veracruzana<\/a> (UV) implement\u00f3 <\/span><span data-contrast=\"none\">el<\/span><span data-contrast=\"none\"> Programa Estrat\u00e9gico de Mantenimiento Menor <\/span><span data-contrast=\"none\">(PEMM) <\/span><span data-contrast=\"none\">para atender m\u00faltiples necesidades en las instalaciones universitarias de<\/span><span data-contrast=\"none\"> las cinco regiones del estado.<\/span><span data-ccp-props=\"{}\">\u00a0<\/span><\/p>\n<p><span data-contrast=\"none\">Octavio Ochoa Contreras, <\/span><span data-contrast=\"none\">s<\/span><span data-contrast=\"none\">ecretario de Desarrollo Institucional de esta casa de estudios, explic\u00f3 que como pa<\/span><span data-contrast=\"none\">rte de la edici\u00f3n 2019 de este programa se realizan obras en 417 inmuebles de las cinco regiones universitarias entre \u00e1reas acad\u00e9micas, administrativas, deportivas y exteriores, con el objeto de preservar los inmuebles, dignificar los espacios y <\/span><span data-contrast=\"none\">aumentar la vida \u00fatil de \u00e9stos.<\/span><span data-ccp-props=\"{&quot;335559731&quot;:708}\">\u00a0<\/span><\/p>\n<p><span data-contrast=\"none\">A<\/span><span data-contrast=\"none\">\u00f1adi\u00f3 que el P<\/span><span data-contrast=\"none\">EMM<\/span><span data-contrast=\"none\"> de 2019 cont\u00f3 con un<\/span> <span data-contrast=\"none\">presupuest<\/span><span data-contrast=\"none\">o <\/span><span data-contrast=\"none\">de 435 millones de pesos. Los procesos de contrataci\u00f3n correspondientes co<\/span><span data-contrast=\"none\">ncluyeron el 30 de diciembre del mismo a\u00f1o <\/span><span data-contrast=\"none\">y<\/span><span data-contrast=\"none\"> la fecha l\u00edmite para terminar<\/span> <span data-contrast=\"none\">los proyectos de mantenimiento de instalaciones y equipos <\/span><span data-contrast=\"none\">es el<\/span><span data-contrast=\"none\"> 31 de marzo de<\/span><span data-contrast=\"none\">l presente<\/span><span data-contrast=\"none\">.<\/span><span data-ccp-props=\"{&quot;335559731&quot;:708}\">\u00a0<\/span><\/p>\n<p><span data-contrast=\"none\">El PEMM<\/span> <span data-contrast=\"none\">se realiza con recursos del presupuesto anual <\/span><span data-contrast=\"none\">ordinario <\/span><span data-contrast=\"none\">de la instituci\u00f3n<\/span><span data-contrast=\"none\">. <\/span><span data-contrast=\"none\">\u201c\u00c9stos provienen del porcentaje de incremento al subsidio ordinario derivado de la autonom\u00eda presupuesta<\/span><span data-contrast=\"none\">ria legislada para la UV en el e<\/span><span data-contrast=\"none\">stado de Veracruz, de los productos financieros generados por las cuentas bancarias en las cuales se administran los subsidios ordinarios, y de las pol\u00edticas de austeridad adoptadas formalmente por la instituci\u00f3n <\/span><span data-contrast=\"none\">desde 2018\u201d, dijo al respecto.<\/span><span data-ccp-props=\"{&quot;335559731&quot;:708}\">\u00a0<\/span><\/p>\n<p><span data-contrast=\"none\">Ochoa Contreras coment\u00f3 tambi\u00e9n que <\/span><span data-contrast=\"none\">\u201ce<\/span><span data-contrast=\"none\">l programa estrat\u00e9gico complementa<\/span> <span data-contrast=\"none\">los esfuerzos que se realizan cada a\u00f1o con recursos <\/span><span data-contrast=\"none\">extraordinarios gestionados por nuestra instituci\u00f3n ante instancias gubernamentales, tales como el Fondo de Aportaciones M\u00faltiples (FAM), el Instituto Nacional de la Infraestructura F\u00edsica Educativa (<\/span><i><span data-contrast=\"none\">Inifed<\/span><\/i><span data-contrast=\"none\">) y el Programa de Fortalecimiento de la <\/span><span data-contrast=\"none\">Excelencia Educativa (<\/span><i><span data-contrast=\"none\">Profexe<\/span><\/i><span data-contrast=\"none\">).<\/span><span data-ccp-props=\"{&quot;335559731&quot;:708}\">\u00a0<\/span><\/p>\n<p><span data-contrast=\"none\">La atenci\u00f3n de las necesidades universitarias se determin\u00f3 con base en el cat\u00e1logo de requerimientos de mantenimiento y obra nueva integrado desde 2014 por la Direcci\u00f3n de Proyectos, Construcciones y Mantenimiento (DPCM). <\/span><span data-contrast=\"none\">\u00c9ste se integra y actualiza peri\u00f3dicamente<\/span><span data-contrast=\"none\"> a partir de las solicitudes de los directores de entidades acad\u00e9micas y dependencias de la UV.<\/span><span data-ccp-props=\"{&quot;335559731&quot;:708}\">\u00a0<\/span><\/p>\n<p><span data-contrast=\"none\">Tambi\u00e9n <\/span><span data-contrast=\"none\">se<\/span><span data-contrast=\"none\"> priorizaron las necesidades de inmuebles y mantenimiento y reparaci\u00f3n de equipos<\/span><span data-contrast=\"none\">,<\/span><span data-contrast=\"none\"> con la participaci\u00f3n de los directores de entidades acad\u00e9micas y dependencias universitarias que presentaron sus requerimientos, las vicerrector\u00edas<\/span><span data-contrast=\"none\">, las direcciones generales de \u00e1<\/span><span data-contrast=\"none\">rea<\/span><span data-contrast=\"none\">s<\/span> <span data-contrast=\"none\">a<\/span><span data-contrast=\"none\">cad\u00e9mica<\/span><span data-contrast=\"none\">s<\/span><span data-contrast=\"none\">, adem\u00e1s de \u00e1reas estrat\u00e9gicas de la ad<\/span><span data-contrast=\"none\">ministraci\u00f3n de la Universidad.<\/span><span data-ccp-props=\"{&quot;335559731&quot;:708}\">\u00a0<\/span><\/p>\n<p><span data-contrast=\"none\">Adicionalmente se recuperaron solicitudes de mantenimiento peri\u00f3dico y programas de atenci\u00f3n especial y estrat\u00e9gicos para cada regi\u00f3n, a<\/span><span data-contrast=\"none\">l igual que <\/span><span data-contrast=\"none\">de las recomendaciones realizadas a los programas educativos por parte de los organismos acreditadores.<\/span><span data-ccp-props=\"{&quot;335559731&quot;:708}\">\u00a0<\/span><\/p>\n<p><span data-contrast=\"none\">El S<\/span><span data-contrast=\"none\">ecretario <\/span><span data-contrast=\"none\">de Desarrollo Institucional <\/span><span data-contrast=\"none\">tambi\u00e9n se\u00f1al\u00f3 que <\/span><span data-contrast=\"none\">la disponibilidad presupuestal para <\/span><span data-contrast=\"none\">concretar <\/span><span data-contrast=\"none\">el p<\/span><span data-contrast=\"none\">rograma fue <\/span><span data-contrast=\"none\">informada al<\/span><span data-contrast=\"none\"> Consejo Universitario General en sesi\u00f3n del <\/span><span data-contrast=\"none\">9<\/span><span data-contrast=\"none\"> de diciembre de 2019, ante el cual se presentaron <\/span><span data-contrast=\"none\">tambi\u00e9n <\/span><span data-contrast=\"none\">los resultados del Programa Estrat\u00e9gico de Mantenimiento 2018<\/span><span data-contrast=\"none\">.<\/span><span data-ccp-props=\"{}\">\u00a0<\/span><\/p>\n<p><span data-contrast=\"none\">Destacan <\/span><span data-contrast=\"none\">trabajos de mantenimiento que se realizan en la Unidad de Humanidades, Unidad de Ingenier\u00eda y Ciencias Qu\u00edmicas y <\/span><span data-contrast=\"none\">el <\/span><span data-contrast=\"none\">Centro de Institutos de Investigaci\u00f3n en Xalapa<\/span><span data-contrast=\"none\">, as\u00ed como en<\/span><span data-contrast=\"none\"> la USBI Veracruz. Tambi\u00e9n se reparan bardas perimetrales en los <\/span><i><span data-contrast=\"none\">campus<\/span><\/i><span data-contrast=\"none\"> Coatzacoalcos y Minatitl\u00e1n<\/span><span data-contrast=\"none\">;<\/span> <span data-contrast=\"none\">asimismo, <\/span><span data-contrast=\"none\">en la pista de atletismo de la Facultad de Educaci\u00f3n F\u00edsica, Deporte y Recreaci\u00f3n, as\u00ed como en edificios, <\/span><span data-contrast=\"none\">\u00e1reas comunes <\/span><span data-contrast=\"none\">y la barda de<\/span><span data-contrast=\"none\"> la Unidad de Ingen<\/span><span data-contrast=\"none\">ier\u00eda de la r<\/span><span data-contrast=\"none\">egi\u00f3n Veracruz.<\/span><span data-ccp-props=\"{&quot;335559731&quot;:708}\">\u00a0<\/span><\/p>\n<p><span data-contrast=\"none\">A<\/span><span data-contrast=\"none\"> la par se llevan a cabo<\/span> <span data-contrast=\"none\">obras en edificios de la Unidad de Ciencias de la Salud en Poza Rica<\/span><span data-contrast=\"none\">;<\/span><span data-contrast=\"none\"> laboratorios de la Unidad de Ciencias Qu\u00edmicas de Orizaba y de la Facultad de Ciencias Biol\u00f3gicas y Agropecuarias de Pe\u00f1uela. Tambi\u00e9n en la alberca universitaria del Centro Acu\u00e1tico de Xalapa, en los Centros de Entrenamiento y <\/span><span data-contrast=\"none\">Educaci\u00f3n Especial en C\u00f3rdoba, Orizaba y Poza Rica y se <\/span><span data-contrast=\"none\">arreglan <\/span><span data-contrast=\"none\">m\u00e1s de dos mil 300 unidades de aire acondicionado en las cinco regiones.<\/span><span data-ccp-props=\"{&quot;335559731&quot;:708}\">\u00a0<\/span><\/p>\n<p><span data-contrast=\"none\">\u201cEs necesario precisar que la aplicaci\u00f3n de los recursos del presupuesto ordinario requiere atender estrictamente las reglas de operaci\u00f3n asociadas al cumplimiento del <\/span><span data-contrast=\"none\">c<\/span><span data-contrast=\"none\">onvenio <\/span><span data-contrast=\"none\">m<\/span><span data-contrast=\"none\">arco de <\/span><span data-contrast=\"none\">c<\/span><span data-contrast=\"none\">olaboraci\u00f3n para el <\/span><span data-contrast=\"none\">a<\/span><span data-contrast=\"none\">poyo <\/span><span data-contrast=\"none\">f<\/span><span data-contrast=\"none\">inanciero de la UV, suscrito de manera tripartita con la SEP y el Gobierno del Estado de Veracruz; dichos lineamientos establecen las partidas autorizadas para el ejercicio de esos recursos\u201d, a\u00f1adi\u00f3<\/span><span data-contrast=\"none\"> Ochoa Contreras.<\/span><span data-ccp-props=\"{&quot;335559731&quot;:708}\">\u00a0<\/span><\/p>\n<p><span data-contrast=\"none\">E<\/span><span data-contrast=\"none\">xplic\u00f3<\/span><span data-contrast=\"none\"> que<\/span><span data-contrast=\"none\"> los rubros de aplicaci\u00f3n permitidos son mantenimiento menor de inmuebles y <\/span><span data-contrast=\"none\">equipos, as\u00ed como la <\/span><span data-contrast=\"none\">reparaci\u00f3n de e<\/span><span data-contrast=\"none\">stos \u00faltimos<\/span><span data-contrast=\"none\">.<\/span><span data-ccp-props=\"{&quot;335559731&quot;:708}\">\u00a0<\/span><\/p>\n<p><span data-contrast=\"none\">La idea, dijo, es mitigar riesgos a partir del <\/span><span data-contrast=\"none\">remozamiento de<\/span><span data-contrast=\"none\"> instalaciones, n\u00facleos sanitarios, aires acondicionados; atenci\u00f3n a filtraciones en cubiertas; rehabilitaci\u00f3n de instalaciones y redes de drenaje sanitario y pluvial; reparaci\u00f3n de fugas en instalaciones hidr\u00e1ulicas; eliminaci\u00f3n de humedades en espacios cerrados; revisi\u00f3n y atenci\u00f3n a instalaciones el\u00e9ctricas, desde subestaciones, hasta<\/span> <span data-contrast=\"none\">ramales principales y tableros de carga; as\u00ed como al inicio o continuaci\u00f3n de obras de ahorro de energ\u00eda y agua potable y, en su caso, a la sustituci\u00f3n de instalaciones el<\/span><span data-contrast=\"none\">\u00e9ctricas en edificios antiguos.<\/span><span data-ccp-props=\"{&quot;335559731&quot;:708}\">\u00a0<\/span><\/p>\n<p><span data-contrast=\"none\">Adem\u00e1s, a\u00f1adi\u00f3, las obras se orientan tambi\u00e9n a la dignificaci\u00f3n de los espacios universitarios en t\u00e9rminos de rehabilitaci\u00f3n de plazoletas, iluminaci\u00f3n exterior e interior, andadores, bardas, accesos, estacionamientos, vialidades internas, instalaciones deportivas, \u00e1reas de conviven<\/span><span data-contrast=\"none\">cia y se\u00f1al\u00e9tica institucional.<\/span><span data-ccp-props=\"{&quot;335559731&quot;:708}\">\u00a0<\/span><\/p>\n<p><span data-contrast=\"none\">Por supuesto, explic\u00f3, el procedimiento para definir la forma de contrataci\u00f3n de las obras a realizar se apeg\u00f3 a las disposiciones contenidas en la normatividad vigente, en particular al Reglamento de Obras de la Universidad Veracruzana, observando especialmente el <\/span><span data-contrast=\"none\">A<\/span><span data-contrast=\"none\">rt\u00edculo 62 que hace referencia a realizar licitaciones p\u00fablicas de las obras a ejecutarse, las cuales requieren un tiempo de procedimiento, desde su publicaci\u00f3n hasta la fecha de fallo, independientemente del tiempo requerido para el desarrol<\/span><span data-contrast=\"none\">lo de los proyectos ejecutivos.<\/span><span data-ccp-props=\"{&quot;335559731&quot;:708}\">\u00a0<\/span><\/p>\n<p><span data-contrast=\"none\">Cabe <\/span><span data-contrast=\"none\">se\u00f1alar que los tiempos del Programa Estrat\u00e9gico de Mantenimiento Menor 2019 obedecen a aqu<\/span><span data-contrast=\"none\">\u00e9<\/span><span data-contrast=\"none\">llos en que la instituci\u00f3n puede liberar y garantizar el uso eficiente y transparente de los re<\/span><span data-contrast=\"none\">cursos financieros disponibles.<\/span><span data-ccp-props=\"{&quot;335559731&quot;:708}\">\u00a0<\/span><\/p>\n<p><span data-contrast=\"none\">Se espera que las obras de este programa tengan un impacto favorable en las actividades universitarias y sean concluidos en marzo de este a\u00f1o.<\/span><span data-ccp-props=\"{&quot;335559731&quot;:708}\">\u00a0<\/span><\/p>\n<p><span data-ccp-props=\"{&quot;335559731&quot;:708}\">\u00a0<\/span><\/p>\n<div id=\"attachment_79848\" style=\"width: 732px\" class=\"wp-caption aligncenter\"><a href=\"https:\/\/www.uv.mx\/prensa\/files\/2020\/01\/Obras-2.jpg\"><img loading=\"lazy\" decoding=\"async\" aria-describedby=\"caption-attachment-79848\" class=\"size-full wp-image-79848\" src=\"https:\/\/www.uv.mx\/prensa\/files\/2020\/01\/Obras-2.jpg\" alt=\"\" width=\"722\" height=\"720\" srcset=\"https:\/\/www.uv.mx\/prensa\/files\/2020\/01\/Obras-2.jpg 722w, https:\/\/www.uv.mx\/prensa\/files\/2020\/01\/Obras-2-300x300.jpg 300w, https:\/\/www.uv.mx\/prensa\/files\/2020\/01\/Obras-2-150x150.jpg 150w\" sizes=\"auto, (max-width: 722px) 100vw, 722px\" \/><\/a><p id=\"caption-attachment-79848\" class=\"wp-caption-text\">El Secretario de Desarrollo Institucional inform\u00f3 que los proyectos deber\u00e1n concluir a m\u00e1s tardar el 31 de marzo<span data-ccp-props=\"{}\"> <br \/><\/span><\/p><\/div>\n","protected":false},"excerpt":{"rendered":"<p>Como parte de un programa estrat\u00e9gico que cont\u00f3 con un presupuesto de 435 millones de pesos<\/p>\n","protected":false},"author":1869,"featured_media":79846,"comment_status":"closed","ping_status":"closed","sticky":false,"template":"","format":"standard","meta":{"footnotes":""},"categories":[61],"tags":[],"class_list":["post-79845","post","type-post","status-publish","format-standard","has-post-thumbnail","hentry","category-banner"],"_links":{"self":[{"href":"https:\/\/www.uv.mx\/prensa\/wp-json\/wp\/v2\/posts\/79845","targetHints":{"allow":["GET"]}}],"collection":[{"href":"https:\/\/www.uv.mx\/prensa\/wp-json\/wp\/v2\/posts"}],"about":[{"href":"https:\/\/www.uv.mx\/prensa\/wp-json\/wp\/v2\/types\/post"}],"author":[{"embeddable":true,"href":"https:\/\/www.uv.mx\/prensa\/wp-json\/wp\/v2\/users\/1869"}],"replies":[{"embeddable":true,"href":"https:\/\/www.uv.mx\/prensa\/wp-json\/wp\/v2\/comments?post=79845"}],"version-history":[{"count":0,"href":"https:\/\/www.uv.mx\/prensa\/wp-json\/wp\/v2\/posts\/79845\/revisions"}],"wp:featuredmedia":[{"embeddable":true,"href":"https:\/\/www.uv.mx\/prensa\/wp-json\/wp\/v2\/media\/79846"}],"wp:attachment":[{"href":"https:\/\/www.uv.mx\/prensa\/wp-json\/wp\/v2\/media?parent=79845"}],"wp:term":[{"taxonomy":"category","embeddable":true,"href":"https:\/\/www.uv.mx\/prensa\/wp-json\/wp\/v2\/categories?post=79845"},{"taxonomy":"post_tag","embeddable":true,"href":"https:\/\/www.uv.mx\/prensa\/wp-json\/wp\/v2\/tags?post=79845"}],"curies":[{"name":"wp","href":"https:\/\/api.w.org\/{rel}","templated":true}]}}