{"id":79834,"date":"2020-01-31T08:00:42","date_gmt":"2020-01-31T14:00:42","guid":{"rendered":"https:\/\/www.uv.mx\/prensa\/?p=79834"},"modified":"2020-01-31T12:25:17","modified_gmt":"2020-01-31T18:25:17","slug":"medios-masivos-homogeneizan-la-difusion-cultural-anadam-kavoori","status":"publish","type":"post","link":"https:\/\/www.uv.mx\/prensa\/general\/medios-masivos-homogeneizan-la-difusion-cultural-anadam-kavoori\/","title":{"rendered":"Medios masivos homogeneizan la difusi\u00f3n cultural: Anadam Kavoori"},"content":{"rendered":"<ul>\n<li><em><span class=\"TextRun SCXW189725569 BCX2\" lang=\"ES-MX\" xml:lang=\"ES-MX\" data-contrast=\"auto\"><span class=\"NormalTextRun SCXW189725569 BCX2\">Es <\/span><\/span><span class=\"TextRun SCXW189725569 BCX2\" lang=\"ES-MX\" xml:lang=\"ES-MX\" data-contrast=\"auto\"><span class=\"NormalTextRun SCXW189725569 BCX2\">importante fomentar la <\/span><\/span><span class=\"TextRun SCXW189725569 BCX2\" lang=\"ES-MX\" xml:lang=\"ES-MX\" data-contrast=\"auto\"><span class=\"NormalTextRun SCXW189725569 BCX2\">difusi\u00f3n <\/span><\/span><span class=\"TextRun SCXW189725569 BCX2\" lang=\"ES-MX\" xml:lang=\"ES-MX\" data-contrast=\"auto\"><span class=\"NormalTextRun SCXW189725569 BCX2\">de historias que reflejen la vida com\u00fan, desde la perspectiva de <\/span><\/span><span class=\"TextRun SCXW189725569 BCX2\" lang=\"ES-MX\" xml:lang=\"ES-MX\" data-contrast=\"auto\"><span class=\"NormalTextRun SCXW189725569 BCX2\">quienes<\/span><\/span><\/em><span class=\"TextRun SCXW189725569 BCX2\" lang=\"ES-MX\" xml:lang=\"ES-MX\" data-contrast=\"auto\"><span class=\"NormalTextRun SCXW189725569 BCX2\"><em> habitan en las periferias de las ciudades, se\u00f1al\u00f3 el acad\u00e9mico de la Universidad de Georgia<\/em><br \/>\n<\/span><\/span><\/li>\n<\/ul>\n<div id=\"attachment_79835\" style=\"width: 732px\" class=\"wp-caption aligncenter\"><a href=\"https:\/\/www.uv.mx\/prensa\/files\/2020\/01\/290120Medios-Cultura-y-Globalizacion.jpg\"><img loading=\"lazy\" decoding=\"async\" aria-describedby=\"caption-attachment-79835\" class=\"size-full wp-image-79835\" src=\"https:\/\/www.uv.mx\/prensa\/files\/2020\/01\/290120Medios-Cultura-y-Globalizacion.jpg\" alt=\"\" width=\"722\" height=\"481\" srcset=\"https:\/\/www.uv.mx\/prensa\/files\/2020\/01\/290120Medios-Cultura-y-Globalizacion.jpg 722w, https:\/\/www.uv.mx\/prensa\/files\/2020\/01\/290120Medios-Cultura-y-Globalizacion-300x200.jpg 300w\" sizes=\"auto, (max-width: 722px) 100vw, 722px\" \/><\/a><p id=\"caption-attachment-79835\" class=\"wp-caption-text\">Anadam Kavoori<\/p><\/div>\n<p><b><i><span data-contrast=\"auto\">Carlos Hugo Hermida Rosales<\/span><\/i><\/b><span data-ccp-props=\"{}\">\u00a0<\/span><\/p>\n<p><b><i><span data-contrast=\"auto\">31\/01\/<\/span><\/i><\/b><b><i><span data-contrast=\"auto\">2020<\/span><\/i><\/b><b><i><span data-contrast=\"auto\">,<\/span><\/i><\/b> <b><i><span data-contrast=\"auto\">Xalapa, Ver.<\/span><\/i><\/b><b><i><span data-contrast=\"auto\">&#8211;<\/span><\/i><\/b> <span data-contrast=\"auto\">Anadam<\/span> <span data-contrast=\"auto\">Kavoori<\/span><span data-contrast=\"auto\">, acad\u00e9mi<\/span><span data-contrast=\"auto\">co <\/span><span data-contrast=\"auto\">e investigador <\/span><span data-contrast=\"auto\">de la Universidad de Georgia, Estados Unidos, afirm\u00f3 que los medios de <\/span><span data-contrast=\"auto\">comunicaci\u00f3n masiva del mundo globalizado\u00a0 <\/span><span data-contrast=\"auto\">homogeneizan<\/span><span data-contrast=\"auto\"> la difusi\u00f3n cultural y s\u00f3<\/span><span data-contrast=\"auto\">lo <\/span><span data-contrast=\"auto\">divulgan<\/span><span data-contrast=\"auto\"> cierto tipo de <\/span><span data-contrast=\"auto\">historias y manifestaciones.<\/span><span data-ccp-props=\"{}\">\u00a0<\/span><\/p>\n<p><span data-contrast=\"auto\">\u201cLas historias que giran en torno <\/span><span data-contrast=\"auto\">a <\/span><span data-contrast=\"auto\">cuestiones como <\/span><span data-contrast=\"auto\">el <\/span><span data-contrast=\"auto\">sexo o <\/span><span data-contrast=\"auto\">la moda<\/span><span data-contrast=\"auto\"> son <\/span><span data-contrast=\"auto\">muy<\/span><span data-contrast=\"auto\"> difundidas, mientras que otras relacionadas con cuestiones sociales son ampliamente ignoradas\u201d, destac\u00f3.<\/span><span data-ccp-props=\"{&quot;335559731&quot;:708}\">\u00a0<\/span><\/p>\n<p><span data-contrast=\"auto\">El investigador imparti\u00f3 el 29 d<\/span><span data-contrast=\"auto\">e<\/span><span data-contrast=\"auto\"> enero, <\/span><span data-contrast=\"auto\">en la <a href=\"https:\/\/www.uv.mx\/eee\/noticias\/curso-taller-cardio-dance\/\" target=\"_blank\" rel=\"noopener noreferrer\">Escuela <\/a><\/span><span data-contrast=\"auto\">para<\/span><span data-contrast=\"auto\"> Estudiantes Extranjeros (EEE) de <\/span><span data-contrast=\"auto\">la Universidad Veracruzana (UV),<\/span> <span data-contrast=\"auto\">la conferencia <\/span><span data-contrast=\"auto\">\u201cMedios, cultura y globalizaci\u00f3n: una conversaci\u00f3n con usted\u201d<\/span><span data-contrast=\"auto\">, <\/span><span data-contrast=\"auto\">evento organizado por el <\/span><span data-contrast=\"auto\">Programa de Estudios sobre Am\u00e9rica del N<\/span><span data-contrast=\"auto\">orte (<\/span><span data-contrast=\"auto\">PEAN<\/span><span data-contrast=\"auto\">)<\/span><span data-contrast=\"auto\"> de la Direcci\u00f3n General de Relaciones Internacionales (DGRI).<\/span><span data-ccp-props=\"{&quot;335559731&quot;:708}\">\u00a0<\/span><\/p>\n<p><span data-contrast=\"auto\">Anadam<\/span> <span data-contrast=\"auto\">Kavoori<\/span><span data-contrast=\"auto\"> explic\u00f3 que la globalizaci\u00f3n cultural permite la circulaci\u00f3n de historias en todo el mundo,<\/span> <span data-contrast=\"auto\">en una sociedad para la que la informaci\u00f3n es una actividad econ\u00f3mica muy importante, y en la que se fomenta el consumo, clave del capitalismo. <\/span><span data-ccp-props=\"{&quot;335559731&quot;:708}\">\u00a0<\/span><\/p>\n<p><span data-contrast=\"auto\">Enfatiz\u00f3 que es muy<\/span><span data-contrast=\"auto\"> importante que dentro de la globalizaci\u00f3n cultural se fomente la divulgaci\u00f3n de historias que reflejen la <\/span><span data-contrast=\"auto\">vida com\u00fan, desde la perspectiva de <\/span><span data-contrast=\"auto\">quienes<\/span><span data-contrast=\"auto\"> habitan en las periferias de las ciudades, y de esta forma visibilizar los problemas a los que se enfrentan.\u00a0<\/span><span data-ccp-props=\"{&quot;335559731&quot;:708}\">\u00a0<\/span><\/p>\n<p><span data-contrast=\"auto\">Finalmente, asegur\u00f3 que e<\/span><span data-contrast=\"auto\">stas <\/span><span data-contrast=\"auto\">historias no son difundidas por<\/span><span data-contrast=\"auto\">que no es f\u00e1cil y c\u00f3modo hacerlo, ya que son relatos de situaciones tristes<\/span><span data-contrast=\"auto\"> que s\u00f3<\/span><span data-contrast=\"auto\">lo<\/span><span data-contrast=\"auto\"> llegan a conocerse gracias al I<\/span><span data-contrast=\"auto\">nternet.<\/span><span data-ccp-props=\"{&quot;335559731&quot;:708}\">\u00a0<\/span><\/p>\n","protected":false},"excerpt":{"rendered":"<p>Es importante fomentar la difusi\u00f3n de historias que reflejen la vida com\u00fan desde la perspectiva de quienes habitan en las periferias de las ciudades, se\u00f1al\u00f3 el acad\u00e9mico de la Universidad de Georgia<\/p>\n","protected":false},"author":1508,"featured_media":79835,"comment_status":"closed","ping_status":"closed","sticky":false,"template":"","format":"standard","meta":{"footnotes":""},"categories":[1],"tags":[],"class_list":["post-79834","post","type-post","status-publish","format-standard","has-post-thumbnail","hentry","category-general"],"_links":{"self":[{"href":"https:\/\/www.uv.mx\/prensa\/wp-json\/wp\/v2\/posts\/79834","targetHints":{"allow":["GET"]}}],"collection":[{"href":"https:\/\/www.uv.mx\/prensa\/wp-json\/wp\/v2\/posts"}],"about":[{"href":"https:\/\/www.uv.mx\/prensa\/wp-json\/wp\/v2\/types\/post"}],"author":[{"embeddable":true,"href":"https:\/\/www.uv.mx\/prensa\/wp-json\/wp\/v2\/users\/1508"}],"replies":[{"embeddable":true,"href":"https:\/\/www.uv.mx\/prensa\/wp-json\/wp\/v2\/comments?post=79834"}],"version-history":[{"count":0,"href":"https:\/\/www.uv.mx\/prensa\/wp-json\/wp\/v2\/posts\/79834\/revisions"}],"wp:featuredmedia":[{"embeddable":true,"href":"https:\/\/www.uv.mx\/prensa\/wp-json\/wp\/v2\/media\/79835"}],"wp:attachment":[{"href":"https:\/\/www.uv.mx\/prensa\/wp-json\/wp\/v2\/media?parent=79834"}],"wp:term":[{"taxonomy":"category","embeddable":true,"href":"https:\/\/www.uv.mx\/prensa\/wp-json\/wp\/v2\/categories?post=79834"},{"taxonomy":"post_tag","embeddable":true,"href":"https:\/\/www.uv.mx\/prensa\/wp-json\/wp\/v2\/tags?post=79834"}],"curies":[{"name":"wp","href":"https:\/\/api.w.org\/{rel}","templated":true}]}}