{"id":79617,"date":"2020-01-27T10:18:09","date_gmt":"2020-01-27T16:18:09","guid":{"rendered":"https:\/\/www.uv.mx\/prensa\/?p=79617"},"modified":"2020-01-27T13:05:07","modified_gmt":"2020-01-27T19:05:07","slug":"cusrs-realizara-3er-congreso-de-salud-sexual-y-reproductiva","status":"publish","type":"post","link":"https:\/\/www.uv.mx\/prensa\/eventos\/cusrs-realizara-3er-congreso-de-salud-sexual-y-reproductiva\/","title":{"rendered":"CUSRS realizar\u00e1 3er Congreso de Salud Sexual y Reproductiva"},"content":{"rendered":"<ul>\n<li data-leveltext=\"\uf0b7\" data-font=\"Symbol\" data-listid=\"1\" data-aria-posinset=\"0\" data-aria-level=\"1\"><i><span data-contrast=\"auto\">Del 21 al 23 <\/span><\/i><i><span data-contrast=\"auto\">de mayo <\/span><\/i><i><span data-contrast=\"auto\">con<\/span><\/i><i><span data-contrast=\"auto\">gregar\u00e1 a e<\/span><\/i><i><span data-contrast=\"auto\">xpertos de la UV,<\/span><\/i><i> <\/i><i><span data-contrast=\"auto\"> la Organizaci\u00f3n Panamericana de la Salud, el Instituto Nacional de Perinatolog\u00eda, el Centro Nacional de Equidad de G\u00e9nero y Salud Reproductiva y la Universidad de Guadalajara<\/span><\/i><span data-ccp-props=\"{&quot;201341983&quot;:0,&quot;335559739&quot;:0,&quot;335559740&quot;:240}\"><br \/>\n<\/span><\/li>\n<li data-leveltext=\"\uf0b7\" data-font=\"Symbol\" data-listid=\"1\" data-aria-posinset=\"0\" data-aria-level=\"1\"><i><span data-contrast=\"auto\">Habr\u00e1<\/span><\/i><i><span data-contrast=\"auto\"> un concurso de carteles con temas alusivos<\/span><\/i><span data-ccp-props=\"{&quot;201341983&quot;:0,&quot;335559739&quot;:0,&quot;335559740&quot;:240}\">\u00a0<\/span><\/li>\n<\/ul>\n<div id=\"attachment_79616\" style=\"width: 732px\" class=\"wp-caption aligncenter\"><a href=\"https:\/\/www.uv.mx\/prensa\/files\/2020\/01\/220120-Tercer-congreso-salud-reproductiva.jpg\"><img loading=\"lazy\" decoding=\"async\" aria-describedby=\"caption-attachment-79616\" class=\"size-full wp-image-79616\" src=\"https:\/\/www.uv.mx\/prensa\/files\/2020\/01\/220120-Tercer-congreso-salud-reproductiva.jpg\" alt=\"\" width=\"722\" height=\"481\" srcset=\"https:\/\/www.uv.mx\/prensa\/files\/2020\/01\/220120-Tercer-congreso-salud-reproductiva.jpg 722w, https:\/\/www.uv.mx\/prensa\/files\/2020\/01\/220120-Tercer-congreso-salud-reproductiva-300x200.jpg 300w\" sizes=\"auto, (max-width: 722px) 100vw, 722px\" \/><\/a><p id=\"caption-attachment-79616\" class=\"wp-caption-text\">Especialistas de varias instituciones de salud compartir\u00e1n sus conocimientos<\/p><\/div>\n<p><b><i><span data-contrast=\"auto\">Jos\u00e9 Luis <\/span><\/i><\/b><b><i><span data-contrast=\"auto\">Couttolenc<\/span><\/i><\/b><b><i><span data-contrast=\"auto\"> Soto<\/span><\/i><\/b><span data-ccp-props=\"{&quot;201341983&quot;:0,&quot;335559739&quot;:0,&quot;335559740&quot;:240}\">\u00a0<\/span><\/p>\n<p><b><i><span data-contrast=\"auto\">27<\/span><\/i><\/b><b><i><span data-contrast=\"auto\">\/01\/2020<\/span><\/i><\/b><b><i><span data-contrast=\"auto\">,<\/span><\/i><\/b><b><i><span data-contrast=\"auto\"> Xalapa, Ver.-<\/span><\/i><\/b><span data-contrast=\"auto\"> La <a href=\"https:\/\/www.uv.mx\/cusrs\/\" target=\"_blank\" rel=\"noopener noreferrer\">Cl\u00ednica Universitaria <\/a><\/span><span data-contrast=\"auto\">de Salud Reproductiva y Sexual <\/span><span data-contrast=\"auto\">(CUSRS) de la Universidad Veracruzana (UV) congregar\u00e1 <\/span><span data-contrast=\"auto\">a especialistas<\/span><span data-contrast=\"auto\"> de <\/span><span data-contrast=\"auto\">varias instituciones de salud, <\/span><span data-contrast=\"auto\">quienes compartir\u00e1n conocimientos y experiencias en el 3er Congreso de Salud Sexual y Reproductiva<\/span><span data-contrast=\"auto\">, a celebrarse del 21 al 23 de mayo.<\/span><span data-ccp-props=\"{&quot;201341983&quot;:0,&quot;335559739&quot;:0,&quot;335559740&quot;:240}\">\u00a0<\/span><\/p>\n<p><span data-contrast=\"auto\">Expertos de la UV<\/span><span data-contrast=\"auto\">, de la Organizaci\u00f3n Panamericana de la Salud (OPS), del Instituto Nacional de Perinatolog\u00eda (<\/span><i><span data-contrast=\"auto\">INPer<\/span><\/i><span data-contrast=\"auto\">) \u201cIsidro Espinosa de los Reyes\u201d, del Centro Nacional de Equidad de G\u00e9nero y Salud Reproductiva de la Secretar\u00eda de Salud (SS) y de la Universidad de Guadalajara (U de G),<\/span><span data-contrast=\"auto\"> se reunir\u00e1n <\/span><span data-contrast=\"auto\">en el <\/span><span data-contrast=\"auto\">S<\/span><span data-contrast=\"auto\">al\u00f3n Coatepec del <\/span><span data-contrast=\"auto\">H<\/span><span data-contrast=\"auto\">ote<\/span><span data-contrast=\"auto\">l Holiday <\/span><span data-contrast=\"auto\">Inn<\/span><span data-contrast=\"auto\"> Express de Xalapa.<\/span><span data-ccp-props=\"{&quot;201341983&quot;:0,&quot;335559739&quot;:0,&quot;335559740&quot;:240}\">\u00a0<\/span><\/p>\n<p><span data-contrast=\"auto\">El evento est\u00e1 dirigido a m\u00e9dicos especialistas, generales y familiares, investigadores, personal de enfermer\u00eda y dem\u00e1s profesionales de la salud, quienes tendr\u00e1n la oportunidad de escuchar avances en investigaciones y conocer el panorama actual sobre el tema de la salud sexual y reproductiva con perspectiva de g\u00e9nero. Se contempla tambi\u00e9n un concurso de carteles.<\/span><span data-ccp-props=\"{&quot;201341983&quot;:0,&quot;335559731&quot;:708,&quot;335559739&quot;:0,&quot;335559740&quot;:240}\">\u00a0<\/span><\/p>\n<p><span data-contrast=\"auto\">Entre algunos de los temas que se expondr\u00e1n se encuentran: <\/span><span data-contrast=\"auto\">O<\/span><span data-contrast=\"auto\">rigen bioqu\u00edmico y epigen\u00e9tico del sobrepeso y obesidad: <\/span><span data-contrast=\"auto\">c<\/span><span data-contrast=\"auto\">orte institucional obeso; Obesidad materna y programaci\u00f3n fetal, resultados en el seguimiento a dos a\u00f1os; Predicci\u00f3n de riesgos de salud en la infancia rela<\/span><span data-contrast=\"auto\">cionados con obesidad materna: u<\/span><span data-contrast=\"auto\">n enfoque de inteligencia artificial; Dieta y estado materno de micronutrientes en mujeres embarazadas; Embarazo y diabetes; La institucionalizaci\u00f3n del nacimiento; Vacunas en la etapa de gestaci\u00f3n; Sexo y salud, el reto.<\/span><span data-ccp-props=\"{&quot;201341983&quot;:0,&quot;335559739&quot;:0,&quot;335559740&quot;:240}\">\u00a0<\/span><\/p>\n<p><span data-contrast=\"auto\">Costos y requisitos de asistencia se pueden consultar en <\/span><a href=\"https:\/\/www.uv.mx\/CUSRS\/\"><span data-contrast=\"none\">https:\/\/www.uv.mx\/<\/span><span data-contrast=\"none\">C<\/span><span data-contrast=\"none\">USRS\/<\/span><\/a><span data-contrast=\"auto\">; <\/span><span data-contrast=\"auto\">en los tel\u00e9fonos (228) 8421700 y 8422700 extensiones 10384, 10350 y 10355, <\/span><span data-contrast=\"auto\">de 8:00 a 14:00 horas<\/span><span data-contrast=\"auto\">;<\/span> <span data-contrast=\"auto\">y <\/span><span data-contrast=\"auto\">en la <\/span><span data-contrast=\"auto\">extensi\u00f3n 10374<\/span> <span data-contrast=\"auto\">de 16:00 a 20:00 horas<\/span><span data-contrast=\"auto\">. Tambi\u00e9n se puede acudir <\/span><span data-contrast=\"auto\">directamente <\/span><span data-contrast=\"auto\">a <\/span><span data-contrast=\"auto\">la cl\u00ednica<\/span><span data-contrast=\"auto\">, <\/span><span data-contrast=\"auto\">ubica<\/span><span data-contrast=\"auto\">da<\/span><span data-contrast=\"auto\"> en la calle C\u00f3rdoba sin n\u00famero esquina Ernesto Ortiz Medina<\/span><span data-contrast=\"auto\">,<\/span> <span data-contrast=\"auto\">F<\/span><span data-contrast=\"auto\">raccionamiento Veracruz, en la ciudad de Xalapa.<\/span><span data-ccp-props=\"{&quot;201341983&quot;:0,&quot;335559739&quot;:0,&quot;335559740&quot;:240}\">\u00a0<\/span><\/p>\n","protected":false},"excerpt":{"rendered":"<p>Est\u00e1 dirigido a m\u00e9dicos especialistas, generales y familiares, investigadores, personal de enfermer\u00eda y dem\u00e1s profesionales de la salud<\/p>\n","protected":false},"author":1508,"featured_media":79616,"comment_status":"closed","ping_status":"closed","sticky":false,"template":"","format":"standard","meta":{"footnotes":""},"categories":[47],"tags":[],"class_list":["post-79617","post","type-post","status-publish","format-standard","has-post-thumbnail","hentry","category-eventos"],"_links":{"self":[{"href":"https:\/\/www.uv.mx\/prensa\/wp-json\/wp\/v2\/posts\/79617","targetHints":{"allow":["GET"]}}],"collection":[{"href":"https:\/\/www.uv.mx\/prensa\/wp-json\/wp\/v2\/posts"}],"about":[{"href":"https:\/\/www.uv.mx\/prensa\/wp-json\/wp\/v2\/types\/post"}],"author":[{"embeddable":true,"href":"https:\/\/www.uv.mx\/prensa\/wp-json\/wp\/v2\/users\/1508"}],"replies":[{"embeddable":true,"href":"https:\/\/www.uv.mx\/prensa\/wp-json\/wp\/v2\/comments?post=79617"}],"version-history":[{"count":0,"href":"https:\/\/www.uv.mx\/prensa\/wp-json\/wp\/v2\/posts\/79617\/revisions"}],"wp:featuredmedia":[{"embeddable":true,"href":"https:\/\/www.uv.mx\/prensa\/wp-json\/wp\/v2\/media\/79616"}],"wp:attachment":[{"href":"https:\/\/www.uv.mx\/prensa\/wp-json\/wp\/v2\/media?parent=79617"}],"wp:term":[{"taxonomy":"category","embeddable":true,"href":"https:\/\/www.uv.mx\/prensa\/wp-json\/wp\/v2\/categories?post=79617"},{"taxonomy":"post_tag","embeddable":true,"href":"https:\/\/www.uv.mx\/prensa\/wp-json\/wp\/v2\/tags?post=79617"}],"curies":[{"name":"wp","href":"https:\/\/api.w.org\/{rel}","templated":true}]}}