{"id":79606,"date":"2020-01-27T10:52:18","date_gmt":"2020-01-27T16:52:18","guid":{"rendered":"https:\/\/www.uv.mx\/prensa\/?p=79606"},"modified":"2020-01-27T13:00:49","modified_gmt":"2020-01-27T19:00:49","slug":"yamile-lira-nueva-directora-del-instituto-de-antropologia","status":"publish","type":"post","link":"https:\/\/www.uv.mx\/prensa\/general\/yamile-lira-nueva-directora-del-instituto-de-antropologia\/","title":{"rendered":"Yamile Lira, nueva directora del Instituto de Antropolog\u00eda"},"content":{"rendered":"<ul>\n<li data-leveltext=\"\uf0b7\" data-font=\"Symbol\" data-listid=\"1\" data-aria-posinset=\"1\" data-aria-level=\"1\"><i><span data-contrast=\"auto\">Entre los objetivos de su gesti\u00f3n est\u00e1n impulsar un doctorado y continuar colaborando con la Facultad de Antropolog\u00eda para concretar la Maestr\u00eda en Estudios Antropol\u00f3gicos<\/span><\/i><span data-ccp-props=\"{&quot;134233279&quot;:true}\">\u00a0<\/span><\/li>\n<\/ul>\n<div id=\"attachment_79605\" style=\"width: 732px\" class=\"wp-caption aligncenter\"><a href=\"https:\/\/www.uv.mx\/prensa\/files\/2020\/01\/270120-Yamile-Lira.jpg\"><img loading=\"lazy\" decoding=\"async\" aria-describedby=\"caption-attachment-79605\" class=\"size-full wp-image-79605\" src=\"https:\/\/www.uv.mx\/prensa\/files\/2020\/01\/270120-Yamile-Lira.jpg\" alt=\"\" width=\"722\" height=\"481\" srcset=\"https:\/\/www.uv.mx\/prensa\/files\/2020\/01\/270120-Yamile-Lira.jpg 722w, https:\/\/www.uv.mx\/prensa\/files\/2020\/01\/270120-Yamile-Lira-300x200.jpg 300w\" sizes=\"auto, (max-width: 722px) 100vw, 722px\" \/><\/a><p id=\"caption-attachment-79605\" class=\"wp-caption-text\">Fortalecer la vinculaci\u00f3n interna y externa es fundamental, se\u00f1al\u00f3 Yamile Lira<\/p><\/div>\n<p><b><i><span data-contrast=\"auto\">Paola Cort\u00e9s P\u00e9rez<\/span><\/i><\/b><span data-ccp-props=\"{}\">\u00a0<\/span><\/p>\n<p><b><i><span data-contrast=\"auto\">2<\/span><\/i><\/b><b><i><span data-contrast=\"auto\">7<\/span><\/i><\/b><b><i><span data-contrast=\"auto\">\/01\/2020, Xalapa, Ver.-<\/span><\/i><\/b> <span data-contrast=\"auto\">Yamile de la Cruz Lira L\u00f3pez<\/span><span data-contrast=\"auto\">, quien<\/span><span data-contrast=\"auto\"> recientemente fue nombrada directora del <a href=\"https:\/\/www.uv.mx\/ida\/\" target=\"_blank\" rel=\"noopener noreferrer\">Instituto de Antropolog\u00eda <\/a><\/span><span data-contrast=\"auto\">(IA) <\/span><span data-contrast=\"auto\">de <\/span><span data-contrast=\"auto\">la Universidad Veracruzana (UV), destac\u00f3 que<\/span><span data-contrast=\"auto\"> los objetivos principales durante su <\/span><span data-contrast=\"auto\">gesti\u00f3n <\/span><span data-contrast=\"auto\">ser\u00e1<\/span><span data-contrast=\"auto\">n<\/span><span data-contrast=\"auto\"> fortalecer la vinculaci\u00f3n con instituciones al interior y <\/span><span data-contrast=\"auto\">exterior de <\/span><span data-contrast=\"auto\">esta <\/span><span data-contrast=\"auto\">casa de estudios, as\u00ed como impulsar el programa de doctorado.<\/span><span data-ccp-props=\"{}\">\u00a0<\/span><\/p>\n<p><span data-contrast=\"auto\">En entrevista para <\/span><i><span data-contrast=\"auto\">Universo<\/span><\/i><span data-contrast=\"auto\">, <\/span><span data-contrast=\"auto\">Yamile Lira dijo que se dar\u00e1 continuidad a los proyectos originados en la gesti\u00f3n anterior, encabezada por Sof\u00eda Larios Le\u00f3n<\/span><span data-contrast=\"auto\">.<\/span><span data-ccp-props=\"{&quot;335559731&quot;:708}\">\u00a0<\/span><\/p>\n<p><span data-contrast=\"auto\">El a\u00f1o pasado <\/span><span data-contrast=\"auto\">iniciaron los trabajos para elaborar el pr<\/span><span data-contrast=\"auto\">ograma educativo (PE) <\/span><span data-contrast=\"auto\">de doctorado, <\/span><span data-contrast=\"auto\">una de las metas prioritarias, para lo que ya fueron convocado<\/span><span data-contrast=\"auto\">s los profesores que participar\u00e1<\/span><span data-contrast=\"auto\">n;<\/span><span data-contrast=\"auto\"> se espera que la convocatoria sea publicada en febrero de 2021.<\/span><span data-ccp-props=\"{&quot;335559731&quot;:708}\">\u00a0<\/span><\/p>\n<p><span data-contrast=\"auto\">Asimismo, <\/span><span data-contrast=\"auto\">inform\u00f3<\/span><span data-contrast=\"auto\"> que continuar\u00e1n colaborando con la Facultad de Antropolog\u00eda en lo referente a la Maestr\u00eda de Estudios Antropol\u00f3gicos, a fin de que pueda concretarse este a\u00f1o.<\/span><span data-ccp-props=\"{&quot;335559731&quot;:708}\">\u00a0<\/span><\/p>\n<p><span data-contrast=\"auto\">Otro de los proyectos es la organizaci\u00f3n de un coloquio permanente sobre investigaciones realizadas en Veracruz, en el que se incluyan trabajos de arqueo<\/span><span data-contrast=\"auto\">log\u00eda, antropolog\u00eda e historia; <\/span><span data-contrast=\"auto\">se planea<\/span><span data-contrast=\"auto\"> llevar<\/span><span data-contrast=\"auto\">lo a cabo cada uno o dos a\u00f1os<\/span><span data-contrast=\"auto\"> y se iniciar\u00e1 con los investigadores de este instituto, colegas del Museo de Antropolog\u00eda de Xalapa (MAX), de la Facultad de Antropolog\u00eda y del Centro de Investigaciones y Estudios Superiores en Antropolog\u00eda Social (<\/span><span data-contrast=\"auto\">CIESAS<\/span><span data-contrast=\"auto\">) Unidad <\/span><span data-contrast=\"auto\">Golfo<\/span><span data-contrast=\"auto\">.<\/span><span data-ccp-props=\"{&quot;335559731&quot;:708}\">\u00a0<\/span><\/p>\n<p><span data-ccp-props=\"{}\">\u00a0<\/span><\/p>\n<p><b><span data-contrast=\"auto\">Vinculaci\u00f3n<\/span><\/b><span data-ccp-props=\"{}\">\u00a0<\/span><\/p>\n<p><span data-contrast=\"auto\">Para los<\/span><span data-contrast=\"auto\"> institutos y dependencias de la UV <\/span><span data-contrast=\"auto\">es importante establecer v\u00ednc<\/span><span data-contrast=\"auto\">ulos con otras entidades, po<\/span><span data-contrast=\"auto\">r <\/span><span data-contrast=\"auto\">ello <\/span><span data-contrast=\"auto\">el I<\/span><span data-contrast=\"auto\">A <\/span><span data-contrast=\"auto\">ha buscado construir <\/span><span data-contrast=\"auto\">relaciones<\/span><span data-contrast=\"auto\"> con instituciones hermanas en esta disciplina, <\/span><span data-contrast=\"auto\">no s\u00f3lo <\/span><span data-contrast=\"auto\">a<\/span><span data-contrast=\"auto\">l interior de la Universidad <\/span><span data-contrast=\"auto\">sino <\/span><span data-contrast=\"auto\">tambi\u00e9n hacia el exterior, como el <\/span><span data-contrast=\"auto\">Instituto Nacional de Antropolog\u00eda e Historia (INAH), <\/span><span data-contrast=\"auto\">CIESAS<\/span><span data-contrast=\"auto\">, Instituto de Investigaciones Antropol\u00f3gicas de la Universidad Nacional Aut\u00f3noma de M\u00e9xico (UNAM), Escuela Nacional de Antropolog\u00eda e Historia <\/span><span data-contrast=\"auto\">(ENAH), El Colegio de Michoac\u00e1n y<\/span><span data-contrast=\"auto\"> la Universidad Iberoamericana, entre otras.<\/span><span data-ccp-props=\"{&quot;335559731&quot;:708}\">\u00a0<\/span><\/p>\n<p><span data-contrast=\"auto\">\u201cEsto enriquece al instituto y a los investigadores, adem\u00e1s de que nos actualizamos y sabemos qu\u00e9 se hace en otras partes del pa\u00eds en materia de antropolog\u00eda.\u201d<\/span><span data-ccp-props=\"{&quot;335559731&quot;:708}\">\u00a0<\/span><\/p>\n<p><span data-contrast=\"auto\">Asimismo, el IA ingres\u00f3 a la <\/span><span data-contrast=\"auto\">Red Mexicana de Instituciones <\/span><span data-contrast=\"auto\">de Formaci\u00f3n<\/span> <span data-contrast=\"auto\">en<\/span> <span data-contrast=\"auto\">Antropolog\u00eda (<\/span><span data-contrast=\"auto\">Red<\/span><span data-contrast=\"auto\">MIFA), <\/span><span data-contrast=\"auto\">cuyo objetivo es e<\/span><span data-contrast=\"auto\">stablecer v\u00ednculos de colaboraci\u00f3n acad\u00e9mica que permitan el enriquecimiento de la docencia, la investigaci\u00f3n y la extensi\u00f3n de esta disciplina.<\/span><span data-ccp-props=\"{&quot;335559731&quot;:708}\">\u00a0<\/span><\/p>\n<p><span data-contrast=\"auto\">\u201cEsto permitir\u00e1 a la Facultad y al I<\/span><span data-contrast=\"auto\">A <\/span><span data-contrast=\"auto\">tener estudiantes de diferentes partes del pa\u00eds, promover nuestros programas educativos, realizar estanc<\/span><span data-contrast=\"auto\">ias acad\u00e9micas y estudiantiles <\/span><span data-contrast=\"auto\">a fin de fortalecer y posicionar<\/span><span data-contrast=\"auto\"> al instituto como uno de los m\u00e1s importantes. <\/span><span data-contrast=\"auto\">Estoy segura de que n<\/span><span data-contrast=\"auto\">os dar\u00e1 excelentes resultados.\u201d<\/span><span data-ccp-props=\"{&quot;335559731&quot;:708}\">\u00a0<\/span><\/p>\n<p><span data-contrast=\"auto\">Finalmente, Yamile Lira dijo que se requieren m\u00e1s investigadores, pues algunos de sus colegas han fallecido o se han jubilado: <\/span><span data-contrast=\"auto\">\u201cEsperamos que ingresen m\u00e1s j\u00f3venes, sabemos que todos son valiosos pero tenemos que impulsar las nuevas din\u00e1micas de investigaci\u00f3n, pues incluso la propia antropolog\u00eda va cambiando, los problemas sociales son diferentes y tienen que abordarse<\/span><span data-contrast=\"auto\"> desde diferentes perspectivas\u201d, concluy\u00f3.<\/span><span data-ccp-props=\"{&quot;335559731&quot;:708}\"><br \/>\n<\/span><\/p>\n","protected":false},"excerpt":{"rendered":"<p>Entre los objetivos de su gesti\u00f3n est\u00e1n impulsar un doctorado y continuar colaborando con la Facultad de Antropolog\u00eda para concretar la Maestr\u00eda en Estudios Antropol\u00f3gicos\u00a0<\/p>\n","protected":false},"author":1508,"featured_media":79605,"comment_status":"closed","ping_status":"closed","sticky":false,"template":"","format":"standard","meta":{"footnotes":""},"categories":[1],"tags":[],"class_list":["post-79606","post","type-post","status-publish","format-standard","has-post-thumbnail","hentry","category-general"],"_links":{"self":[{"href":"https:\/\/www.uv.mx\/prensa\/wp-json\/wp\/v2\/posts\/79606","targetHints":{"allow":["GET"]}}],"collection":[{"href":"https:\/\/www.uv.mx\/prensa\/wp-json\/wp\/v2\/posts"}],"about":[{"href":"https:\/\/www.uv.mx\/prensa\/wp-json\/wp\/v2\/types\/post"}],"author":[{"embeddable":true,"href":"https:\/\/www.uv.mx\/prensa\/wp-json\/wp\/v2\/users\/1508"}],"replies":[{"embeddable":true,"href":"https:\/\/www.uv.mx\/prensa\/wp-json\/wp\/v2\/comments?post=79606"}],"version-history":[{"count":0,"href":"https:\/\/www.uv.mx\/prensa\/wp-json\/wp\/v2\/posts\/79606\/revisions"}],"wp:featuredmedia":[{"embeddable":true,"href":"https:\/\/www.uv.mx\/prensa\/wp-json\/wp\/v2\/media\/79605"}],"wp:attachment":[{"href":"https:\/\/www.uv.mx\/prensa\/wp-json\/wp\/v2\/media?parent=79606"}],"wp:term":[{"taxonomy":"category","embeddable":true,"href":"https:\/\/www.uv.mx\/prensa\/wp-json\/wp\/v2\/categories?post=79606"},{"taxonomy":"post_tag","embeddable":true,"href":"https:\/\/www.uv.mx\/prensa\/wp-json\/wp\/v2\/tags?post=79606"}],"curies":[{"name":"wp","href":"https:\/\/api.w.org\/{rel}","templated":true}]}}