{"id":79576,"date":"2020-01-25T12:15:25","date_gmt":"2020-01-25T18:15:25","guid":{"rendered":"https:\/\/www.uv.mx\/prensa\/?p=79576"},"modified":"2020-01-27T10:12:42","modified_gmt":"2020-01-27T16:12:42","slug":"seleccion-de-tochito-se-concentra-para-la-universiada-regional","status":"publish","type":"post","link":"https:\/\/www.uv.mx\/prensa\/deportes\/seleccion-de-tochito-se-concentra-para-la-universiada-regional\/","title":{"rendered":"Selecci\u00f3n de Tochito se concentra para la Universiada Regional"},"content":{"rendered":"<ul>\n<li data-leveltext=\"\uf0b7\" data-font=\"Symbol\" data-listid=\"1\" data-aria-posinset=\"1\" data-aria-level=\"1\"><i><span data-contrast=\"auto\">Al mando del en<\/span><\/i><i><span data-contrast=\"auto\">trenador Jorge Ch\u00e1vez <\/span><\/i><i><span data-contrast=\"auto\">Guiot<\/span><\/i><i><span data-contrast=\"auto\">, buscar\u00e1n el pase a la <\/span><\/i><i><span data-contrast=\"auto\">Universiada<\/span><\/i><i><span data-contrast=\"auto\"> Nacional Le\u00f3n 2020<\/span><\/i><span data-ccp-props=\"{&quot;201341983&quot;:0,&quot;335559739&quot;:0,&quot;335559740&quot;:240}\">\u00a0<\/span><\/li>\n<\/ul>\n<div id=\"attachment_70844\" style=\"width: 490px\" class=\"wp-caption aligncenter\"><a href=\"https:\/\/www.uv.mx\/prensa\/files\/2019\/07\/080719-tocho.jpg\"><img loading=\"lazy\" decoding=\"async\" aria-describedby=\"caption-attachment-70844\" class=\"size-full wp-image-70844\" src=\"https:\/\/www.uv.mx\/prensa\/files\/2019\/07\/080719-tocho.jpg\" alt=\"\" width=\"480\" height=\"321\" srcset=\"https:\/\/www.uv.mx\/prensa\/files\/2019\/07\/080719-tocho.jpg 480w, https:\/\/www.uv.mx\/prensa\/files\/2019\/07\/080719-tocho-300x201.jpg 300w\" sizes=\"auto, (max-width: 480px) 100vw, 480px\" \/><\/a><p id=\"caption-attachment-70844\" class=\"wp-caption-text\">El equipo femenil re\u00fane a jugadoras de las diferentes regiones de la UV<\/p><\/div>\n<p><b><i><span data-contrast=\"auto\">Santiago Morales Ortiz<\/span><\/i><\/b><span data-ccp-props=\"{&quot;201341983&quot;:0,&quot;335559739&quot;:0,&quot;335559740&quot;:240}\">\u00a0<\/span><\/p>\n<p><b><i><span data-contrast=\"auto\">25\/01\/<\/span><\/i><\/b><b><i><span data-contrast=\"auto\">20<\/span><\/i><\/b><b><i><span data-contrast=\"auto\">20, Xalapa, Ver.-<\/span><\/i><\/b> <span data-contrast=\"auto\">La <\/span><span data-contrast=\"auto\">Selecci\u00f3n Femenil de <\/span><span data-contrast=\"auto\">Tochito<\/span><span data-contrast=\"auto\"> de <\/span><i><span data-contrast=\"auto\">Halcones<\/span><\/i><span data-contrast=\"auto\"> de la <a href=\"https:\/\/www.uv.mx\/\" target=\"_blank\" rel=\"noopener noreferrer\">Universidad Veracruzana<\/a><\/span><span data-contrast=\"auto\"> (UV) <\/span><span data-contrast=\"auto\">se concentra este fin de semana en esta ciudad, <\/span><span data-contrast=\"auto\">como parte de su preparaci\u00f3n rumbo a la <\/span><span data-contrast=\"auto\">Universiada<\/span><span data-contrast=\"auto\"> Regional, donde buscar\u00e1 el pase a la <\/span><span data-contrast=\"auto\">Universiada<\/span><span data-contrast=\"auto\"> Nacional Le\u00f3n 2020.<\/span><span data-ccp-props=\"{&quot;201341983&quot;:0,&quot;335559739&quot;:0,&quot;335559740&quot;:240}\">\u00a0<\/span><\/p>\n<p><span data-contrast=\"auto\">Al mando del entrenador Jorge Ch\u00e1vez <\/span><span data-contrast=\"auto\">Guiot<\/span><span data-contrast=\"auto\">, el representativo de <\/span><i><span data-contrast=\"auto\">Halcones<\/span><\/i><span data-contrast=\"auto\"> re\u00fane <\/span><span data-contrast=\"auto\">d<\/span><span data-contrast=\"auto\">el 24 al 26 de enero <\/span><span data-contrast=\"auto\">a sus mejores jugadoras, provenientes de las diferentes regiones <\/span><span data-contrast=\"auto\">universitarias<\/span><span data-contrast=\"auto\">.<\/span><span data-ccp-props=\"{&quot;201341983&quot;:0,&quot;335559731&quot;:708,&quot;335559739&quot;:0,&quot;335559740&quot;:240}\">\u00a0<\/span><\/p>\n<p><span data-contrast=\"auto\">El estratega inform\u00f3 que la concentraci\u00f3n inici\u00f3 <\/span><span data-contrast=\"auto\">el<\/span><span data-contrast=\"auto\"> viernes 24 en <\/span><span data-contrast=\"auto\">la Unidad Deportiva del <\/span><span data-contrast=\"auto\">Campus para la Cultura, las Artes y el Deporte de la UV<\/span><span data-contrast=\"auto\">; este<\/span><span data-contrast=\"auto\"> s\u00e1bado 25 hay doble sesi\u00f3n, de 9:00 a 11:00 y de 18:00 a 20:00, en tanto que el domingo <\/span><span data-contrast=\"auto\">26 <\/span><span data-contrast=\"auto\">el trabajo ser\u00e1 de 9:00 a 11:00 horas.<\/span><span data-ccp-props=\"{&quot;201341983&quot;:0,&quot;335559731&quot;:708,&quot;335559739&quot;:0,&quot;335559740&quot;:240}\">\u00a0<\/span><\/p>\n<p><span data-contrast=\"auto\">Ch\u00e1vez <\/span><span data-contrast=\"auto\">Guiot<\/span><span data-contrast=\"auto\"> destac\u00f3 que el objetivo es llegar bien preparados <\/span><span data-contrast=\"auto\">a<\/span><span data-contrast=\"auto\">l evento Regional, <\/span><span data-contrast=\"auto\">que se llevar\u00e1 a cabo en Xalapa<\/span> <span data-contrast=\"auto\">del 22 de marzo al 2 de abril<\/span><span data-contrast=\"auto\">, donde estar\u00e1n en disputa dos pases para la <\/span><span data-contrast=\"auto\">Universiada<\/span><span data-contrast=\"auto\"> Nacional <\/span><span data-contrast=\"auto\">Le\u00f3n<\/span><span data-contrast=\"auto\"> 2020<\/span><span data-contrast=\"auto\">.<\/span><span data-ccp-props=\"{&quot;201341983&quot;:0,&quot;335559731&quot;:708,&quot;335559739&quot;:0,&quot;335559740&quot;:240}\">\u00a0<\/span><\/p>\n<p><span data-contrast=\"auto\">De igual forma<\/span><span data-contrast=\"auto\">,<\/span><span data-contrast=\"auto\"> se\u00f1al\u00f3 que <\/span><span data-contrast=\"auto\">la <\/span><span data-contrast=\"auto\">S<\/span><span data-contrast=\"auto\">elecci\u00f3n <\/span><span data-contrast=\"auto\">V<\/span><span data-contrast=\"auto\">aronil<\/span> <span data-contrast=\"auto\">tendr\u00e1 <\/span><span data-contrast=\"auto\">el <\/span><span data-contrast=\"auto\">mismo <\/span><span data-contrast=\"auto\">objetivo<\/span><span data-contrast=\"auto\"> y<\/span><span data-contrast=\"auto\"> que este <\/span><span data-contrast=\"auto\">a\u00f1o <\/span><span data-contrast=\"auto\">llega con un mejor equipo, con jugadores experimentados y de buen nivel.<\/span><span data-ccp-props=\"{&quot;201341983&quot;:0,&quot;335559731&quot;:708,&quot;335559739&quot;:0,&quot;335559740&quot;:240}\">\u00a0<\/span><\/p>\n<p><span data-contrast=\"auto\">Por otra parte, destac\u00f3 la buena res<\/span><span data-contrast=\"auto\">puesta que ha tenido el <\/span><span data-contrast=\"auto\">tochito<\/span><span data-contrast=\"auto\"> en <\/span><span data-contrast=\"auto\">el<\/span><span data-contrast=\"auto\"> curso <\/span><span data-contrast=\"auto\">i<\/span><span data-contrast=\"auto\">ntersemestral<\/span> <span data-contrast=\"auto\">i<\/span><span data-contrast=\"auto\">nvierno\u00a0 <\/span><span data-contrast=\"auto\">del <\/span><span data-contrast=\"auto\">\u00c1rea<\/span><span data-contrast=\"auto\"> de Formaci\u00f3n <\/span><span data-contrast=\"auto\">de<\/span><span data-contrast=\"auto\"> Elecci\u00f3n Libre (AFEL), <\/span><span data-contrast=\"auto\">donde se han detectado nuevos valores.<\/span><span data-ccp-props=\"{&quot;201341983&quot;:0,&quot;335559731&quot;:708,&quot;335559739&quot;:0,&quot;335559740&quot;:240}\">\u00a0<\/span><\/p>\n<p><span data-contrast=\"auto\">Jorge Ch\u00e1vez <\/span><span data-contrast=\"auto\">a<\/span><span data-contrast=\"auto\">greg\u00f3 que en el curso los alumnos aprenden los fundamentos b\u00e1sicos de la disciplina de<\/span><span data-contrast=\"auto\">l<\/span> <span data-contrast=\"auto\">tochito<\/span><span data-contrast=\"auto\">, que es parecida al futbol americano<\/span><span data-contrast=\"auto\">,<\/span><span data-contrast=\"auto\"> pero que evita el contacto f\u00edsico <\/span><span data-contrast=\"auto\">y consta de quitar bandas.<\/span><span data-ccp-props=\"{&quot;201341983&quot;:0,&quot;335559731&quot;:708,&quot;335559739&quot;:0,&quot;335559740&quot;:240}\">\u00a0<\/span><\/p>\n<p><span data-contrast=\"auto\">Por \u00faltimo, dijo que e<\/span><span data-contrast=\"auto\">l AFEL ofrece cinco cr\u00e9ditos acad\u00e9micos en esta disciplina y la posibilidad de ser parte del equipo representativo de <\/span><i><span data-contrast=\"auto\">Halcones<\/span><\/i><span data-contrast=\"auto\"> UV.<\/span><\/p>\n<div id=\"attachment_79579\" style=\"width: 732px\" class=\"wp-caption aligncenter\"><a href=\"https:\/\/www.uv.mx\/prensa\/files\/2020\/01\/250120-Tochito.jpg\"><img loading=\"lazy\" decoding=\"async\" aria-describedby=\"caption-attachment-79579\" class=\"size-full wp-image-79579\" src=\"https:\/\/www.uv.mx\/prensa\/files\/2020\/01\/250120-Tochito.jpg\" alt=\"\" width=\"722\" height=\"481\" srcset=\"https:\/\/www.uv.mx\/prensa\/files\/2020\/01\/250120-Tochito.jpg 722w, https:\/\/www.uv.mx\/prensa\/files\/2020\/01\/250120-Tochito-300x200.jpg 300w\" sizes=\"auto, (max-width: 722px) 100vw, 722px\" \/><\/a><p id=\"caption-attachment-79579\" class=\"wp-caption-text\">El curso de tochito, con buena aceptaci\u00f3n por parte de los alumnos de la UV<\/p><\/div>\n","protected":false},"excerpt":{"rendered":"<p>Al mando del entrenador Jorge Ch\u00e1vez Guiot, buscar\u00e1n el pase a la Universiada Nacional Le\u00f3n 2020 <\/p>\n","protected":false},"author":1508,"featured_media":70844,"comment_status":"closed","ping_status":"closed","sticky":false,"template":"","format":"standard","meta":{"footnotes":""},"categories":[12],"tags":[],"class_list":["post-79576","post","type-post","status-publish","format-standard","has-post-thumbnail","hentry","category-deportes"],"_links":{"self":[{"href":"https:\/\/www.uv.mx\/prensa\/wp-json\/wp\/v2\/posts\/79576","targetHints":{"allow":["GET"]}}],"collection":[{"href":"https:\/\/www.uv.mx\/prensa\/wp-json\/wp\/v2\/posts"}],"about":[{"href":"https:\/\/www.uv.mx\/prensa\/wp-json\/wp\/v2\/types\/post"}],"author":[{"embeddable":true,"href":"https:\/\/www.uv.mx\/prensa\/wp-json\/wp\/v2\/users\/1508"}],"replies":[{"embeddable":true,"href":"https:\/\/www.uv.mx\/prensa\/wp-json\/wp\/v2\/comments?post=79576"}],"version-history":[{"count":0,"href":"https:\/\/www.uv.mx\/prensa\/wp-json\/wp\/v2\/posts\/79576\/revisions"}],"wp:featuredmedia":[{"embeddable":true,"href":"https:\/\/www.uv.mx\/prensa\/wp-json\/wp\/v2\/media\/70844"}],"wp:attachment":[{"href":"https:\/\/www.uv.mx\/prensa\/wp-json\/wp\/v2\/media?parent=79576"}],"wp:term":[{"taxonomy":"category","embeddable":true,"href":"https:\/\/www.uv.mx\/prensa\/wp-json\/wp\/v2\/categories?post=79576"},{"taxonomy":"post_tag","embeddable":true,"href":"https:\/\/www.uv.mx\/prensa\/wp-json\/wp\/v2\/tags?post=79576"}],"curies":[{"name":"wp","href":"https:\/\/api.w.org\/{rel}","templated":true}]}}