{"id":79533,"date":"2020-01-26T08:00:30","date_gmt":"2020-01-26T14:00:30","guid":{"rendered":"https:\/\/www.uv.mx\/prensa\/?p=79533"},"modified":"2020-01-27T10:00:42","modified_gmt":"2020-01-27T16:00:42","slug":"ciudades-juegan-papel-fundamental-en-conservacion-de-la-biodiversidad","status":"publish","type":"post","link":"https:\/\/www.uv.mx\/prensa\/ciencia\/ciudades-juegan-papel-fundamental-en-conservacion-de-la-biodiversidad\/","title":{"rendered":"Ciudades juegan papel fundamental en conservaci\u00f3n de la biodiversidad\u00a0"},"content":{"rendered":"<ul>\n<li data-leveltext=\"\uf0b7\" data-font=\"Symbol\" data-listid=\"5\" data-aria-posinset=\"1\" data-aria-level=\"1\"><i><span data-contrast=\"auto\">Parques urbanos y periurbanos de Xalapa cuentan con muchas especies de aves, anfibios<\/span><\/i><i><span data-contrast=\"auto\">, <\/span><\/i><i><span data-contrast=\"auto\">reptiles <\/span><\/i><i><span data-contrast=\"auto\">y<\/span><\/i><i><span data-contrast=\"auto\"> mam\u00edferos<\/span><\/i><span data-ccp-props=\"{}\"><br \/>\n<\/span><\/li>\n<\/ul>\n<div id=\"attachment_79534\" style=\"width: 732px\" class=\"wp-caption aligncenter\"><a href=\"https:\/\/www.uv.mx\/prensa\/files\/2020\/01\/240120-Fauna-1.jpg\"><img loading=\"lazy\" decoding=\"async\" aria-describedby=\"caption-attachment-79534\" class=\"size-full wp-image-79534\" src=\"https:\/\/www.uv.mx\/prensa\/files\/2020\/01\/240120-Fauna-1.jpg\" alt=\"\" width=\"722\" height=\"481\" srcset=\"https:\/\/www.uv.mx\/prensa\/files\/2020\/01\/240120-Fauna-1.jpg 722w, https:\/\/www.uv.mx\/prensa\/files\/2020\/01\/240120-Fauna-1-300x200.jpg 300w\" sizes=\"auto, (max-width: 722px) 100vw, 722px\" \/><\/a><p id=\"caption-attachment-79534\" class=\"wp-caption-text\">Christian Alejandro Delf\u00edn Alfonso<\/p><\/div>\n<p><span data-ccp-props=\"{}\">\u00a0<\/span><b><i><span data-contrast=\"auto\">Carlos Hugo Hermida Rosales<\/span><\/i><\/b><span data-ccp-props=\"{}\">\u00a0<\/span><\/p>\n<p><b><i><span data-contrast=\"auto\">2<\/span><\/i><\/b><b><i><span data-contrast=\"auto\">6<\/span><\/i><\/b><b><i><span data-contrast=\"auto\">\/01\/<\/span><\/i><\/b><b><i><span data-contrast=\"auto\">2020<\/span><\/i><\/b><b><i><span data-contrast=\"auto\">,<\/span><\/i><\/b> <b><i><span data-contrast=\"auto\">Xalapa, <\/span><\/i><\/b><b><i><span data-contrast=\"auto\">Ver.<\/span><\/i><\/b><b><i><span data-contrast=\"auto\">&#8211;<\/span><\/i><\/b> <span data-contrast=\"auto\">Christian Alejandro Delf\u00edn Alfonso, <\/span><span data-contrast=\"auto\">miembro <\/span><span data-contrast=\"auto\">del <a href=\"https:\/\/www.uv.mx\/iib\/\" target=\"_blank\" rel=\"noopener noreferrer\">Instituto de Investigaciones Biol\u00f3gicas<\/a><\/span><span data-contrast=\"auto\"> (IIB)<\/span><span data-contrast=\"auto\"> de la Universidad Veracruzana (UV), <\/span><span data-contrast=\"auto\">afirm\u00f3 que <\/span><span data-contrast=\"auto\">las ciudades <\/span><span data-contrast=\"auto\">juegan <\/span><span data-contrast=\"auto\">un papel fundamental <\/span><span data-contrast=\"auto\">en la conservaci\u00f3n de la biodiversidad, tanto por su labor de soporte <\/span><span data-contrast=\"auto\">de una comunidad ecol\u00f3gica altamente especializada, como por su influencia en el declive global de<\/span> <span data-contrast=\"auto\">la misma.\u00a0<\/span><span data-ccp-props=\"{}\">\u00a0<\/span><\/p>\n<p><span data-contrast=\"auto\">El investigador d<\/span><span data-contrast=\"auto\">estac\u00f3 que las \u00e1reas verdes que se encuentran dentro de los n\u00facleos urbanos <\/span><span data-contrast=\"auto\">poseen una gran variedad de fauna <\/span><span data-contrast=\"auto\">sinantr\u00f3pica<\/span><span data-contrast=\"auto\">; es decir, <\/span><span data-contrast=\"auto\">animales silvestres que coexisten con los humanos tanto en condiciones urbanas como rurales<\/span><span data-contrast=\"auto\">.<\/span><span data-contrast=\"auto\">\u00a0<\/span><span data-ccp-props=\"{&quot;335559731&quot;:708}\">\u00a0<\/span><\/p>\n<p><span data-contrast=\"auto\">E<\/span><span data-contrast=\"auto\">l 22 de enero<\/span><span data-contrast=\"auto\">, e<\/span><span data-contrast=\"auto\">l investigador imparti\u00f3 <\/span><span data-contrast=\"auto\">la conferencia <\/span><span data-contrast=\"auto\">\u201cLos vecinos no invasores: fauna <\/span><span data-contrast=\"auto\">xalape\u00f1a<\/span><span data-contrast=\"auto\">\u201d<\/span><span data-contrast=\"auto\">, <\/span><span data-contrast=\"auto\">como parte de las actividades <\/span><span data-contrast=\"auto\">de<\/span> <span data-contrast=\"auto\">La Biodiversidad Amenazada,<\/span> <span data-contrast=\"auto\">evento <\/span><span data-contrast=\"auto\">que realiza<\/span> <span data-contrast=\"auto\">el IIB con apoyo de la Facultad de Biolog\u00eda <\/span><span data-contrast=\"auto\">en el Centro Recreativo <\/span><span data-contrast=\"auto\">Xalape\u00f1o<\/span><span data-contrast=\"auto\">.<\/span><span data-ccp-props=\"{&quot;335559731&quot;:708}\">\u00a0<\/span><\/p>\n<p><span data-contrast=\"auto\">Alejandro Delf\u00edn <\/span><span data-contrast=\"auto\">mencion\u00f3<\/span><span data-contrast=\"auto\"> que <\/span><span data-contrast=\"auto\">l<\/span><span data-contrast=\"auto\">a <\/span><span data-contrast=\"auto\">degradaci\u00f3n de los ecosistemas <\/span><span data-contrast=\"auto\">afecta <\/span><span data-contrast=\"auto\">a la flora y <\/span><span data-contrast=\"auto\">la <\/span><span data-contrast=\"auto\">fauna<\/span><span data-contrast=\"auto\">; por ejemplo, la <\/span><span data-contrast=\"auto\">sustituci\u00f3n de bosques por fraccionamientos y de veredas por <\/span><span data-contrast=\"auto\">carreteras<\/span><span data-contrast=\"auto\">.<\/span><span data-ccp-props=\"{&quot;335559731&quot;:708}\">\u00a0<\/span><\/p>\n<p><span data-contrast=\"auto\">\u201c<\/span><span data-contrast=\"auto\">El crecimiento de los centros urbanos es un proceso que modifica parcialmente<\/span><span data-contrast=\"auto\"> el entorno natural co<\/span><span data-contrast=\"auto\">n cambios e<\/span><span data-contrast=\"auto\">n e<\/span><span data-contrast=\"auto\">l paisaje, deforestaci\u00f3n, <\/span><span data-contrast=\"auto\">alteraci\u00f3n <\/span><span data-contrast=\"auto\">de usos de suelo y desarrollo de actividades antr\u00f3picas<\/span><span data-contrast=\"auto\">, lo que ocasiona la desaparici\u00f3n definitiva <\/span><span data-contrast=\"auto\">de caracter\u00edsticas biol\u00f3gicas y f\u00edsicas originales de las regiones\u201d, explic\u00f3.\u00a0<\/span><span data-ccp-props=\"{&quot;335559731&quot;:708}\">\u00a0<\/span><\/p>\n<p><span data-contrast=\"auto\">El investig<\/span><span data-contrast=\"auto\">a<\/span><span data-contrast=\"auto\">dor <\/span><span data-contrast=\"auto\">a<\/span><span data-contrast=\"auto\">segur\u00f3 que<\/span><span data-contrast=\"auto\"> Xalapa <\/span><span data-contrast=\"auto\">es un claro <\/span><span data-contrast=\"auto\">ejemplo<\/span> <span data-contrast=\"auto\">de c\u00f3mo <\/span><span data-contrast=\"auto\">los asentamientos humanos <\/span><span data-contrast=\"auto\">crecieron <\/span><span data-contrast=\"auto\">de forma espont\u00e1nea, sin<\/span> <span data-contrast=\"auto\">ning\u00fan tipo de pol\u00edtica preestablecida<\/span><span data-contrast=\"auto\">. <\/span><span data-contrast=\"auto\">\u201cDurante el periodo <\/span><span data-contrast=\"auto\">1950<\/span><span data-contrast=\"auto\">-2010 el \u00e1rea <\/span><span data-contrast=\"auto\">aument\u00f3 de 10 a m\u00e1s de 60 kil\u00f3metros<\/span><span data-contrast=\"auto\"> cuadrados\u201d<\/span><span data-contrast=\"auto\">, detall\u00f3<\/span><span data-contrast=\"auto\">.\u00a0<\/span><span data-ccp-props=\"{&quot;335559731&quot;:708}\">\u00a0<\/span><\/p>\n<p><span data-contrast=\"auto\">Resalt\u00f3 que l<\/span><span data-contrast=\"auto\">a <\/span><span data-contrast=\"auto\">fauna silvestre <\/span><span data-contrast=\"auto\">que habita en <\/span><span data-contrast=\"auto\">la <\/span><span data-contrast=\"auto\">ciudad<\/span><span data-contrast=\"auto\"> forma parte de<\/span><span data-contrast=\"auto\">l <\/span><span data-contrast=\"auto\">equilibrio ecol\u00f3gico<\/span><span data-contrast=\"auto\"> y t<\/span><span data-contrast=\"auto\">iene<\/span> <span data-contrast=\"auto\">im<\/span><span data-contrast=\"auto\">portancia socioecon\u00f3mica<\/span><span data-contrast=\"auto\"> y <\/span><span data-contrast=\"auto\">cient\u00edfic<\/span><span data-contrast=\"auto\">a<\/span><span data-contrast=\"auto\">.<\/span><span data-ccp-props=\"{&quot;335559731&quot;:708}\">\u00a0<\/span><\/p>\n<p><span data-contrast=\"auto\">En <\/span><span data-contrast=\"auto\">l<\/span><span data-contrast=\"auto\">a<\/span><span data-contrast=\"auto\">s <\/span><span data-contrast=\"auto\">\u00e1reas verdes<\/span><span data-contrast=\"auto\">, agreg\u00f3,<\/span> <span data-contrast=\"auto\">hay una <\/span><span data-contrast=\"auto\">gran variedad de aves, anfibios<\/span><span data-contrast=\"auto\">,<\/span><span data-contrast=\"auto\"> reptiles<\/span><span data-contrast=\"auto\"> y <\/span><span data-contrast=\"auto\">mam\u00edferos<\/span><span data-contrast=\"auto\"> que habitan en los parques periurbanos.\u00a0<\/span><span data-ccp-props=\"{&quot;335559731&quot;:708}\">\u00a0<\/span><\/p>\n<p><span data-contrast=\"auto\">P<\/span><span data-contrast=\"auto\">ara conservar <\/span><span data-contrast=\"auto\">la <\/span><span data-contrast=\"auto\">riqueza faun\u00edstica es indispensable que la sociedad participe en los procesos de recuperaci\u00f3n y protecci\u00f3n de <\/span><span data-contrast=\"auto\">las <\/span><span data-contrast=\"auto\">\u00e1reas verdes<\/span><span data-contrast=\"auto\">, concluy\u00f3 Delf\u00edn Alonso<\/span><span data-contrast=\"auto\">.<\/span><span data-ccp-props=\"{}\"><br \/>\n<\/span><\/p>\n","protected":false},"excerpt":{"rendered":"<p>En los n\u00facleos urbanos hay una gran variedad de fauna sinantr\u00f3pica; es decir, animales que coexisten con los humanos, explic\u00f3 el investigador Christian Delf\u00edn Alfonso\u00a0<\/p>\n","protected":false},"author":1869,"featured_media":79534,"comment_status":"closed","ping_status":"closed","sticky":false,"template":"","format":"standard","meta":{"footnotes":""},"categories":[45],"tags":[],"class_list":["post-79533","post","type-post","status-publish","format-standard","has-post-thumbnail","hentry","category-ciencia"],"_links":{"self":[{"href":"https:\/\/www.uv.mx\/prensa\/wp-json\/wp\/v2\/posts\/79533","targetHints":{"allow":["GET"]}}],"collection":[{"href":"https:\/\/www.uv.mx\/prensa\/wp-json\/wp\/v2\/posts"}],"about":[{"href":"https:\/\/www.uv.mx\/prensa\/wp-json\/wp\/v2\/types\/post"}],"author":[{"embeddable":true,"href":"https:\/\/www.uv.mx\/prensa\/wp-json\/wp\/v2\/users\/1869"}],"replies":[{"embeddable":true,"href":"https:\/\/www.uv.mx\/prensa\/wp-json\/wp\/v2\/comments?post=79533"}],"version-history":[{"count":0,"href":"https:\/\/www.uv.mx\/prensa\/wp-json\/wp\/v2\/posts\/79533\/revisions"}],"wp:featuredmedia":[{"embeddable":true,"href":"https:\/\/www.uv.mx\/prensa\/wp-json\/wp\/v2\/media\/79534"}],"wp:attachment":[{"href":"https:\/\/www.uv.mx\/prensa\/wp-json\/wp\/v2\/media?parent=79533"}],"wp:term":[{"taxonomy":"category","embeddable":true,"href":"https:\/\/www.uv.mx\/prensa\/wp-json\/wp\/v2\/categories?post=79533"},{"taxonomy":"post_tag","embeddable":true,"href":"https:\/\/www.uv.mx\/prensa\/wp-json\/wp\/v2\/tags?post=79533"}],"curies":[{"name":"wp","href":"https:\/\/api.w.org\/{rel}","templated":true}]}}