{"id":79456,"date":"2020-01-23T10:30:54","date_gmt":"2020-01-23T16:30:54","guid":{"rendered":"https:\/\/www.uv.mx\/prensa\/?p=79456"},"modified":"2020-01-23T11:30:43","modified_gmt":"2020-01-23T17:30:43","slug":"la-palabra-y-el-hombre-dedica-numero-especial-a-la-osx","status":"publish","type":"post","link":"https:\/\/www.uv.mx\/prensa\/eventos\/la-palabra-y-el-hombre-dedica-numero-especial-a-la-osx\/","title":{"rendered":"<em>La Palabra y el Hombre<\/em> dedica n\u00famero especial a la OSX"},"content":{"rendered":"<ul>\n<li data-leveltext=\"\uf0b7\" data-font=\"Symbol\" data-listid=\"7\" data-aria-posinset=\"1\" data-aria-level=\"1\"><i><span data-contrast=\"auto\">La presentaci\u00f3n ser\u00e1<\/span><\/i> <i><span data-contrast=\"auto\">el<\/span><\/i><i><span data-contrast=\"auto\"> viernes 2<\/span><\/i><i><span data-contrast=\"auto\">4<\/span><\/i><i><span data-contrast=\"auto\"> de enero a las 19:15 horas, en la sala principal de <\/span><\/i><i><span data-contrast=\"auto\">Tlaqn\u00e1<\/span><\/i><i><span data-contrast=\"auto\">, Centro Cultural<\/span><\/i><span data-ccp-props=\"{&quot;134233279&quot;:true,&quot;201341983&quot;:0,&quot;335559739&quot;:200,&quot;335559740&quot;:240}\">\u00a0<\/span><\/li>\n<\/ul>\n<div id=\"attachment_79457\" style=\"width: 732px\" class=\"wp-caption aligncenter\"><a href=\"https:\/\/www.uv.mx\/prensa\/files\/2020\/01\/230120-la-Palabra-y-el-Hombre.jpg\"><img aria-describedby=\"caption-attachment-79457\" decoding=\"async\" loading=\"lazy\" class=\"wp-image-79457 size-full\" src=\"https:\/\/www.uv.mx\/prensa\/files\/2020\/01\/230120-la-Palabra-y-el-Hombre.jpg\" alt=\"\" width=\"722\" height=\"722\" srcset=\"https:\/\/www.uv.mx\/prensa\/files\/2020\/01\/230120-la-Palabra-y-el-Hombre.jpg 722w, https:\/\/www.uv.mx\/prensa\/files\/2020\/01\/230120-la-Palabra-y-el-Hombre-300x300.jpg 300w, https:\/\/www.uv.mx\/prensa\/files\/2020\/01\/230120-la-Palabra-y-el-Hombre-150x150.jpg 150w\" sizes=\"(max-width: 722px) 100vw, 722px\" \/><\/a><p id=\"caption-attachment-79457\" class=\"wp-caption-text\">La edici\u00f3n especial re\u00fane historia, artes pl\u00e1sticas, m\u00fasica y literatura<\/p><\/div>\n<p><b><i><span data-contrast=\"auto\">23\/01\/2020, Xalapa, Ver.- <\/span><\/i><\/b><span data-contrast=\"auto\">El n\u00famero doble de <\/span><i><span data-contrast=\"auto\">La <\/span><\/i><i><span data-contrast=\"auto\">P<\/span><\/i><i><span data-contrast=\"auto\">alabra y el Hombre<\/span><\/i><span data-contrast=\"auto\">,<\/span><span data-contrast=\"auto\"> revista <\/span><span data-contrast=\"auto\">emblem\u00e1tica <\/span><span data-contrast=\"auto\">de la <a href=\"https:\/\/www.uv.mx\/\" target=\"_blank\" rel=\"noopener noreferrer\">Universidad Veracruzana<\/a> (UV)<\/span><span data-contrast=\"auto\">,<\/span> <span data-contrast=\"auto\">se presentar\u00e1 <\/span><span data-contrast=\"auto\">el<\/span><span data-contrast=\"auto\"> viernes 24<\/span><span data-contrast=\"auto\"> de enero a las 19:15 horas, previo al concierto de la Orquesta Sinf\u00f3nica de Xalapa (OSX), en la sala princ<\/span><span data-contrast=\"auto\">ipal de <\/span><span data-contrast=\"auto\">Tlaqn\u00e1<\/span><span data-contrast=\"auto\">, Centro Cultural, con la presencia de Mario Mu\u00f1oz, Alfonso Colorado, Guillermo Cuevas y Diana Luz S\u00e1nchez.<\/span><span data-ccp-props=\"{&quot;201341983&quot;:0,&quot;335559739&quot;:200,&quot;335559740&quot;:240}\">\u00a0<\/span><\/p>\n<p><span data-contrast=\"auto\">Con un texto introductorio<\/span><span data-contrast=\"auto\"> de la r<\/span><span data-contrast=\"auto\">ectora Sara Ladr\u00f3n de Guevara, <\/span><i><span data-contrast=\"auto\">La Palabra y el Hombre<\/span><\/i> <span data-contrast=\"auto\">dedica <\/span><span data-contrast=\"auto\">este<\/span><span data-contrast=\"auto\"> n\u00famero doble (<\/span><span data-contrast=\"auto\">49 y 50<\/span><span data-contrast=\"auto\">)<\/span> <span data-contrast=\"auto\">a la OSX<\/span><span data-contrast=\"auto\">,<\/span><span data-contrast=\"auto\"> que celebr<\/span><span data-contrast=\"auto\">\u00f3<\/span><span data-contrast=\"auto\"> su 90 aniversario. <\/span><span data-contrast=\"auto\">La orquesta m\u00e1s antigua de M\u00e9xico, conformada en 1929, <\/span><span data-contrast=\"auto\">merece una edici\u00f3n especial en la que se re\u00fane historia, arte<\/span><span data-contrast=\"auto\">s pl\u00e1sticas, m\u00fasica<\/span><span data-contrast=\"auto\"> y literatura.<\/span><span data-ccp-props=\"{&quot;201341983&quot;:0,&quot;335559739&quot;:200,&quot;335559740&quot;:240}\">\u00a0<\/span><\/p>\n<p><span data-contrast=\"auto\">Bajo la batuta de Mario Mu\u00f1oz, Alfonso Colorado y Guillermo Cuevas<\/span><span data-contrast=\"auto\">,<\/span><span data-contrast=\"auto\"> la revista <\/span><span data-contrast=\"auto\">incluye textos <\/span><span data-contrast=\"auto\">dedicados a la OSX autor\u00eda <\/span><span data-contrast=\"auto\">de Malva Flores, Roberto Bravo Garz\u00f3n, Mercedes Lozano, Jos\u00e9 Antonio <\/span><span data-contrast=\"auto\">Gaar<\/span><span data-contrast=\"auto\">, Luis David Meneses Hern\u00e1ndez, Raquel Velasco, Juan Vicente Melo, \u00c9dgar Manuel Alem\u00e1n Alonso, M\u00f3nica S\u00e1nchez, Enrique Salmer\u00f3n, Arturo Cuevas <\/span><span data-contrast=\"auto\">Guillaumin<\/span><span data-contrast=\"auto\">, Itzel Garc\u00eda y, desde luego, de Alfonso Colorado y Guillermo Cuevas.<\/span><span data-ccp-props=\"{&quot;201341983&quot;:0,&quot;335559739&quot;:200,&quot;335559740&quot;:240}\">\u00a0<\/span><\/p>\n<p><span data-contrast=\"auto\">El ejemplar correspondiente a julio-diciembre de 2019 incluye la secci\u00f3n <\/span><span data-contrast=\"auto\">\u201c<\/span><span data-contrast=\"auto\">M\u00fasica y otras artes<\/span><span data-contrast=\"auto\">\u201d<\/span><span data-contrast=\"auto\">, <\/span><span data-contrast=\"auto\">con<\/span><span data-contrast=\"auto\"> textos de Robert <\/span><span data-contrast=\"auto\">Desnos<\/span><span data-contrast=\"auto\">, Jos\u00e9 Luis Rivas, Pablo Montoya, Elizabeth Corral, Karim <\/span><span data-contrast=\"auto\">Benmiloud<\/span><span data-contrast=\"auto\">, Est<\/span><span data-contrast=\"auto\">h<\/span><span data-contrast=\"auto\">er Hern\u00e1ndez Palacios y <\/span><span data-contrast=\"auto\">Raciel<\/span><span data-contrast=\"auto\"> Mart\u00ednez G\u00f3mez.<\/span><span data-ccp-props=\"{&quot;201341983&quot;:0,&quot;335559739&quot;:200,&quot;335559740&quot;:240}\">\u00a0<\/span><\/p>\n<p><span data-contrast=\"auto\">En la edici\u00f3n especial por el aniversario de la OSX se pueden leer textos de Eduardo <\/span><span data-contrast=\"auto\">Langagne<\/span><span data-contrast=\"auto\">, Juan Villoro, Axel Ju\u00e1rez, Jes\u00fas Herrera y Raquel Velasco. La secci\u00f3n <\/span><span data-contrast=\"auto\">\u201c<\/span><span data-contrast=\"auto\">Miscel\u00e1nea<\/span><span data-contrast=\"auto\">\u201d<\/span><span data-contrast=\"auto\"> est\u00e1 conformada por las plumas de Jorge <\/span><span data-contrast=\"auto\">Brash<\/span><span data-contrast=\"auto\">, Emil <\/span><span data-contrast=\"auto\">Awad<\/span> <span data-contrast=\"auto\">Abed<\/span><span data-contrast=\"auto\"> y Lino <\/span><span data-contrast=\"auto\">Monanegi<\/span><span data-contrast=\"auto\">.<\/span><span data-ccp-props=\"{&quot;201341983&quot;:0,&quot;335559739&quot;:200,&quot;335559740&quot;:240}\">\u00a0<\/span><\/p>\n<p><span data-contrast=\"auto\">Menci\u00f3n aparte merece el <\/span><span data-contrast=\"auto\">\u201cD<\/span><span data-contrast=\"auto\">ossier<\/span><span data-contrast=\"auto\">\u201d<\/span><span data-contrast=\"auto\"> que <\/span><span data-contrast=\"auto\">en<\/span><span data-contrast=\"auto\"> este n\u00famero <\/span><span data-contrast=\"auto\">fue reservado para el artista Rufino Tamayo.<\/span><span data-contrast=\"auto\"> La secci\u00f3n <\/span><span data-contrast=\"auto\">\u201c<\/span><span data-contrast=\"auto\">Entre libros<\/span><span data-contrast=\"auto\">\u201d<\/span><span data-contrast=\"auto\"> corri\u00f3 a cargo de Pablo Sol Mora, Raquel Para\u00edso, <\/span><span data-contrast=\"auto\">Elsie<\/span><span data-contrast=\"auto\"> Andrade, Germ\u00e1n Mart\u00ednez Aceves, Alfonso Colorado y Diana Marlene.<\/span><span data-ccp-props=\"{&quot;201341983&quot;:0,&quot;335559731&quot;:708,&quot;335559739&quot;:200,&quot;335559740&quot;:240}\">\u00a0<\/span><\/p>\n","protected":false},"excerpt":{"rendered":"<p>La orquesta m\u00e1s antigua de M\u00e9xico, conformada en 1929, merece una edici\u00f3n especial que re\u00fane historia, artes pl\u00e1sticas, m\u00fasica y literatura<\/p>\n","protected":false},"author":1508,"featured_media":79457,"comment_status":"closed","ping_status":"closed","sticky":false,"template":"","format":"standard","meta":[],"categories":[47],"tags":[],"_links":{"self":[{"href":"https:\/\/www.uv.mx\/prensa\/wp-json\/wp\/v2\/posts\/79456"}],"collection":[{"href":"https:\/\/www.uv.mx\/prensa\/wp-json\/wp\/v2\/posts"}],"about":[{"href":"https:\/\/www.uv.mx\/prensa\/wp-json\/wp\/v2\/types\/post"}],"author":[{"embeddable":true,"href":"https:\/\/www.uv.mx\/prensa\/wp-json\/wp\/v2\/users\/1508"}],"replies":[{"embeddable":true,"href":"https:\/\/www.uv.mx\/prensa\/wp-json\/wp\/v2\/comments?post=79456"}],"version-history":[{"count":0,"href":"https:\/\/www.uv.mx\/prensa\/wp-json\/wp\/v2\/posts\/79456\/revisions"}],"wp:featuredmedia":[{"embeddable":true,"href":"https:\/\/www.uv.mx\/prensa\/wp-json\/wp\/v2\/media\/79457"}],"wp:attachment":[{"href":"https:\/\/www.uv.mx\/prensa\/wp-json\/wp\/v2\/media?parent=79456"}],"wp:term":[{"taxonomy":"category","embeddable":true,"href":"https:\/\/www.uv.mx\/prensa\/wp-json\/wp\/v2\/categories?post=79456"},{"taxonomy":"post_tag","embeddable":true,"href":"https:\/\/www.uv.mx\/prensa\/wp-json\/wp\/v2\/tags?post=79456"}],"curies":[{"name":"wp","href":"https:\/\/api.w.org\/{rel}","templated":true}]}}