{"id":79442,"date":"2020-01-23T10:01:32","date_gmt":"2020-01-23T16:01:32","guid":{"rendered":"https:\/\/www.uv.mx\/prensa\/?p=79442"},"modified":"2020-01-23T16:05:02","modified_gmt":"2020-01-23T22:05:02","slug":"casa-uv-molino-de-san-roque-realizo-feria-arte-y-cultura-por-la-paz","status":"publish","type":"post","link":"https:\/\/www.uv.mx\/prensa\/banner\/casa-uv-molino-de-san-roque-realizo-feria-arte-y-cultura-por-la-paz\/","title":{"rendered":"Casa UV Molino de San Roque realiz\u00f3 Feria \u201cArte y cultura por la paz\u201d"},"content":{"rendered":"<ul>\n<li data-leveltext=\"\uf0b7\" data-font=\"Symbol\" data-listid=\"2\" data-aria-posinset=\"1\" data-aria-level=\"1\"><i><span data-contrast=\"auto\">Asistieron m\u00e1s de 300 personas, entre ni\u00f1os, j\u00f3venes y padres de familia<\/span><\/i><span data-ccp-props=\"{&quot;134233279&quot;:true,&quot;201341983&quot;:0,&quot;335559739&quot;:160,&quot;335559740&quot;:240}\">\u00a0<\/span><\/li>\n<li data-leveltext=\"\uf0b7\" data-font=\"Symbol\" data-listid=\"2\" data-aria-posinset=\"2\" data-aria-level=\"1\"><i><span data-contrast=\"auto\">Hubo actividades l\u00fadicas, recreativas, culturales y deportivas, orientadas por estudiantes de la UV\u00a0<\/span><\/i><\/li>\n<li data-leveltext=\"\uf0b7\" data-font=\"Symbol\" data-listid=\"2\" data-aria-posinset=\"2\" data-aria-level=\"1\"><em>Fue organizado por el Programa M\u00fasica y Arte en Movimiento y las direcciones generales de Difusi\u00f3n Cultural y de Vinculaci\u00f3n de la UV, as\u00ed como la Secretar\u00eda de Seguridad P\u00fablica y el Ayuntamiento de Xalapa<\/em><\/li>\n<\/ul>\n<div id=\"attachment_79453\" style=\"width: 732px\" class=\"wp-caption aligncenter\"><a href=\"https:\/\/www.uv.mx\/prensa\/files\/2020\/01\/220120-FERIA-CULTURA-POR-LA-PAZ-1.jpg\"><img loading=\"lazy\" decoding=\"async\" aria-describedby=\"caption-attachment-79453\" class=\"size-full wp-image-79453\" src=\"https:\/\/www.uv.mx\/prensa\/files\/2020\/01\/220120-FERIA-CULTURA-POR-LA-PAZ-1.jpg\" alt=\"\" width=\"722\" height=\"481\" srcset=\"https:\/\/www.uv.mx\/prensa\/files\/2020\/01\/220120-FERIA-CULTURA-POR-LA-PAZ-1.jpg 722w, https:\/\/www.uv.mx\/prensa\/files\/2020\/01\/220120-FERIA-CULTURA-POR-LA-PAZ-1-300x200.jpg 300w\" sizes=\"auto, (max-width: 722px) 100vw, 722px\" \/><\/a><p id=\"caption-attachment-79453\" class=\"wp-caption-text\"><span data-contrast=\"auto\"> Se dise\u00f1\u00f3 un programa <\/span><span data-contrast=\"auto\">dirigido<\/span><span data-contrast=\"auto\"> especialmente<\/span><span data-contrast=\"auto\"> a la <\/span><span data-contrast=\"auto\">poblaci\u00f3n infa<\/span><span data-contrast=\"auto\">ntil<\/span><\/p><\/div>\n<p><b><i><span data-contrast=\"auto\">Claudia Peralta V\u00e1zquez<\/span><\/i><\/b><span data-ccp-props=\"{&quot;201341983&quot;:0,&quot;335559739&quot;:160,&quot;335559740&quot;:240}\">\u00a0<\/span><\/p>\n<p><b><i><span data-contrast=\"auto\">23\/01\/20<\/span><\/i><\/b><b><i><span data-contrast=\"auto\">20<\/span><\/i><\/b><b><i><span data-contrast=\"auto\">, Xalapa, Ver.-<\/span><\/i><\/b> <span data-contrast=\"auto\">M\u00e1s de 300 personas, entre ni\u00f1os, adolescentes, j\u00f3venes, padres de familia y usuarios de la Casa <\/span><span data-contrast=\"auto\">de <\/span><span data-contrast=\"auto\">la Universidad Veracruzana (UV)<\/span> <span data-contrast=\"auto\">Molino de San Roque, participaron el mi\u00e9rcoles 22 de enero <\/span><span data-contrast=\"auto\">en la <\/span><span data-contrast=\"auto\">primera Feria \u201cArte y cultura por la paz\u201d, que incluy\u00f3 actividades l\u00fadicas, recreativas, deportivas, art\u00edsticas y culturales.<\/span><span data-ccp-props=\"{&quot;201341983&quot;:0,&quot;335559739&quot;:160,&quot;335559740&quot;:240}\">\u00a0<\/span><\/p>\n<p><span data-contrast=\"auto\">Organizado por <\/span><span data-contrast=\"auto\">la<\/span><span data-contrast=\"auto\">s direcciones generales de<\/span><span data-contrast=\"auto\"> Difusi\u00f3n Cultural (DGDC) y<\/span> <span data-contrast=\"auto\">Vinculaci\u00f3n (DGV)<\/span><span data-contrast=\"auto\">, <\/span><span data-contrast=\"auto\">as\u00ed como <\/span><span data-contrast=\"auto\">el Programa M\u00fasica y Arte en Movimiento de la UV<\/span><span data-contrast=\"auto\">;<\/span> <span data-contrast=\"auto\">la Secretar\u00eda de Seguridad P\u00fablica (SSP) y <\/span><span data-contrast=\"auto\">el <\/span><span data-contrast=\"auto\">Ayuntamiento de Xalapa, <\/span><span data-contrast=\"auto\">el<\/span><span data-contrast=\"auto\"> evento tuvo el prop\u00f3sito de inculcar valores en la ni\u00f1ez <\/span><span data-contrast=\"auto\">para generar <\/span><span data-contrast=\"auto\">una cultura de paz.<\/span><span data-ccp-props=\"{&quot;201341983&quot;:0,&quot;335559739&quot;:160,&quot;335559740&quot;:240}\"><br \/>\n<\/span><\/p>\n<p><span data-contrast=\"auto\">Eduardo Guti\u00e9rrez Mor\u00edn, jefe de<\/span><span data-contrast=\"auto\">l<\/span><span data-contrast=\"auto\"> Departamento de Vinculaci\u00f3n Social de la <\/span><span data-contrast=\"auto\">m\u00e1xima casa de estudios de Veracruz<\/span><span data-contrast=\"auto\">, destac\u00f3 que se dise\u00f1\u00f3 un programa <\/span><span data-contrast=\"auto\">dirigido<\/span><span data-contrast=\"auto\"> especialmente<\/span><span data-contrast=\"auto\"> a la <\/span><span data-contrast=\"auto\">poblaci\u00f3n infa<\/span><span data-contrast=\"auto\">ntil<\/span><span data-contrast=\"auto\"> y a los usuarios de la Casa UV, ubicada en el P<\/span><span data-contrast=\"auto\">arque Ecol\u00f3gico Molino de San Roque, <\/span><span data-contrast=\"auto\">de la <\/span><span data-contrast=\"auto\">Colonia Lomas del Seminario, <\/span><span data-contrast=\"auto\">en esta ciudad.<\/span><span data-ccp-props=\"{&quot;201341983&quot;:0,&quot;335559739&quot;:160,&quot;335559740&quot;:240}\">\u00a0<\/span><\/p>\n<p><span data-contrast=\"auto\">Esta actividad inici\u00f3 el a\u00f1o pasado de manera simult\u00e1nea en las Casas UV Molino de San Roque y<\/span><span data-contrast=\"auto\"> El Conejo<\/span> <span data-contrast=\"auto\">\u2013<\/span><span data-contrast=\"auto\">e<\/span><span data-contrast=\"auto\">sta \u00faltima situada en el municipio de Perote<\/span><span data-contrast=\"auto\">\u2013<\/span><span data-contrast=\"auto\">,<\/span><span data-contrast=\"auto\"> adecuada al contexto social de cada regi\u00f3n; <\/span><span data-contrast=\"auto\">en el <\/span><span data-contrast=\"auto\">presente <\/span><span data-contrast=\"auto\">a\u00f1o se espera trasladarla al resto de las Casas UV.<\/span><\/p>\n<div id=\"attachment_79452\" style=\"width: 732px\" class=\"wp-caption aligncenter\"><a href=\"https:\/\/www.uv.mx\/prensa\/files\/2020\/01\/220120-FERIA-CULTURA-POR-LA-PAZ-2.jpg\"><img loading=\"lazy\" decoding=\"async\" aria-describedby=\"caption-attachment-79452\" class=\"size-full wp-image-79452\" src=\"https:\/\/www.uv.mx\/prensa\/files\/2020\/01\/220120-FERIA-CULTURA-POR-LA-PAZ-2.jpg\" alt=\"\" width=\"722\" height=\"481\" srcset=\"https:\/\/www.uv.mx\/prensa\/files\/2020\/01\/220120-FERIA-CULTURA-POR-LA-PAZ-2.jpg 722w, https:\/\/www.uv.mx\/prensa\/files\/2020\/01\/220120-FERIA-CULTURA-POR-LA-PAZ-2-300x200.jpg 300w\" sizes=\"auto, (max-width: 722px) 100vw, 722px\" \/><\/a><p id=\"caption-attachment-79452\" class=\"wp-caption-text\">Autoridades universitarias, del Ayuntamiento de Xalapa y la SSP inauguraron el evento<\/p><\/div>\n<p><span data-contrast=\"auto\">Lourdes Jim\u00e9nez Mora, coordinadora del Programa M\u00fasica y Arte en Mo<\/span><span data-contrast=\"auto\">vimiento de la DGDC, se\u00f1al\u00f3 que<\/span><span data-contrast=\"auto\"> esta<\/span><span data-contrast=\"auto\"> estrategia es parte de las acciones<\/span><span data-contrast=\"auto\"> sociales de esta dependencia, <\/span><span data-contrast=\"auto\">cuya<\/span><span data-contrast=\"auto\"> intenci\u00f3n es <\/span><span data-contrast=\"auto\">llevar <\/span><span data-contrast=\"auto\">actividades art\u00edsticas a <\/span><span data-contrast=\"auto\"> lugares donde normal<\/span><span data-contrast=\"auto\">mente no se dan a conocer<\/span><span data-contrast=\"auto\">.<\/span><span data-ccp-props=\"{&quot;201341983&quot;:0,&quot;335559731&quot;:708,&quot;335559739&quot;:160,&quot;335559740&quot;:240}\">\u00a0<\/span><\/p>\n<p><span data-contrast=\"auto\">\u201cDesarrollamos estas ferias para recupera<\/span><span data-contrast=\"auto\">r espacios y brindar oportunidades a <\/span><span data-contrast=\"auto\">ni\u00f1os y j\u00f3venes en materia de arte<\/span><span data-contrast=\"auto\"> y<\/span><span data-contrast=\"auto\"> cultura<\/span><span data-contrast=\"auto\">, que sean <\/span><span data-contrast=\"auto\">una opci\u00f3n para expresarse y <\/span><span data-contrast=\"auto\">los aleje de situaciones dif\u00edciles.\u201d<\/span><span data-ccp-props=\"{&quot;201341983&quot;:0,&quot;335559731&quot;:708,&quot;335559739&quot;:160,&quot;335559740&quot;:240}\"><br \/>\n<\/span><\/p>\n<p><span data-contrast=\"auto\">P<\/span><span data-contrast=\"auto\">articiparon estudiantes de <\/span><span data-contrast=\"auto\">Teatro, Danza<\/span><span data-contrast=\"auto\"> y<\/span><span data-contrast=\"auto\"> M\u00fasica<\/span><span data-contrast=\"auto\">,<\/span><span data-contrast=\"auto\"> as\u00ed como j\u00f3venes involucrados en el proyecto A<\/span><span data-contrast=\"auto\">RPA<\/span><span data-contrast=\"auto\">, el cual promueve los <\/span><span data-contrast=\"auto\">derechos y el bienestar de los animales, <\/span><span data-contrast=\"auto\">y \u201c<\/span><span data-contrast=\"auto\">Ven a la cultura<\/span><span data-contrast=\"auto\">\u201d, del<\/span><span data-contrast=\"auto\"> Departamento de Apoyo a la Formaci\u00f3n Integral del Estudiante<\/span><span data-contrast=\"auto\"> (DAFIE).<\/span><span data-ccp-props=\"{&quot;201341983&quot;:0,&quot;335559731&quot;:708,&quot;335559739&quot;:160,&quot;335559740&quot;:240}\">\u00a0<\/span><\/p>\n<p><span data-contrast=\"auto\">De<\/span> <span data-contrast=\"auto\">9:00<\/span> <span data-contrast=\"auto\">a <\/span><span data-contrast=\"auto\">14:00 horas,\u00a0 ni\u00f1os, <\/span><span data-contrast=\"auto\">adolesc<\/span><span data-contrast=\"auto\">entes y padres de familia <\/span><span data-contrast=\"auto\">disfrutaron de<\/span><span data-contrast=\"auto\"> teatro<\/span><span data-contrast=\"auto\">, danza, m\u00fasica y pintura.<\/span> <span data-contrast=\"auto\">Tambi\u00e9n, a trav\u00e9s de <\/span><i><span data-contrast=\"auto\">s<\/span><\/i><i><span data-contrast=\"auto\">tands<\/span><\/i><span data-contrast=\"auto\"> de sal<\/span><span data-contrast=\"auto\">ud, <\/span><span data-contrast=\"auto\">pasantes de las f<\/span><span data-contrast=\"auto\">acultades de Nutrici\u00f3n, Medicina, Odontolog\u00eda, Enfermer\u00eda y Qu\u00edmica <\/span><span data-contrast=\"auto\">Cl\u00ednica<\/span><span data-contrast=\"auto\"> brindaron servicios <\/span><span data-contrast=\"auto\">como <\/span><span data-contrast=\"auto\">ex<\/span><span data-contrast=\"auto\">ploraci\u00f3n de mama, orientaci\u00f3n sobre <\/span><span data-contrast=\"auto\">cepillado <\/span><span data-contrast=\"auto\">correcto, importancia del buen comer y t\u00e9cnica de lavado de manos, entre otros.<\/span><span data-ccp-props=\"{&quot;201341983&quot;:0,&quot;335559731&quot;:708,&quot;335559739&quot;:160,&quot;335559740&quot;:240}\">\u00a0<\/span><\/p>\n<div id=\"attachment_79451\" style=\"width: 732px\" class=\"wp-caption aligncenter\"><a href=\"https:\/\/www.uv.mx\/prensa\/files\/2020\/01\/220120-FERIA-CULTURA-POR-LA-PAZ-4.jpg\"><img loading=\"lazy\" decoding=\"async\" aria-describedby=\"caption-attachment-79451\" class=\"size-full wp-image-79451\" src=\"https:\/\/www.uv.mx\/prensa\/files\/2020\/01\/220120-FERIA-CULTURA-POR-LA-PAZ-4.jpg\" alt=\"\" width=\"722\" height=\"481\" srcset=\"https:\/\/www.uv.mx\/prensa\/files\/2020\/01\/220120-FERIA-CULTURA-POR-LA-PAZ-4.jpg 722w, https:\/\/www.uv.mx\/prensa\/files\/2020\/01\/220120-FERIA-CULTURA-POR-LA-PAZ-4-300x200.jpg 300w\" sizes=\"auto, (max-width: 722px) 100vw, 722px\" \/><\/a><p id=\"caption-attachment-79451\" class=\"wp-caption-text\">Melisa Molina Dom\u00ednguez, pasante de Odontolog\u00eda, brind\u00f3 atenci\u00f3n a ni\u00f1os y adolescentes<\/p><\/div>\n<p><span data-contrast=\"auto\">Melisa Molina Dom\u00ednguez, pasante de Odontolog\u00eda<\/span><span data-contrast=\"auto\"> y<\/span> <span data-contrast=\"auto\">quien <\/span><span data-contrast=\"auto\">realiza su servicio social en la Casa UV Molino de San Roque<\/span><span data-contrast=\"auto\">, <\/span><span data-contrast=\"auto\">explic\u00f3 a <\/span><span data-contrast=\"auto\">ni\u00f1os de preescolar, primaria y secundaria la t\u00e9cnica del correcto cepillado de dient<\/span><span data-contrast=\"auto\">es<\/span><span data-ccp-props=\"{&quot;201341983&quot;:0,&quot;335559731&quot;:708,&quot;335559739&quot;:160,&quot;335559740&quot;:240}\">: <\/span><span data-contrast=\"auto\">\u201c<\/span><span data-contrast=\"auto\">Esta actividad es muy gratificante, tambi\u00e9n es divertido porque <\/span><span data-contrast=\"auto\">los ni\u00f1os son muy ocurrentes<\/span><span data-contrast=\"auto\">\u201d.<\/span><span data-ccp-props=\"{&quot;201341983&quot;:0,&quot;335559731&quot;:708,&quot;335559739&quot;:160,&quot;335559740&quot;:240}\"><br \/>\n<\/span><\/p>\n<p><span data-contrast=\"auto\">Coment\u00f3 que\u00a0<\/span><span data-contrast=\"auto\">el trabajo que desarrolla en la comunidad ha enriquecido su formaci\u00f3n profesional:<\/span> <span data-contrast=\"auto\">\u201cHe aprendido a trabajar con los insumos que tengo y buscar las alternativas para que el paciente s<\/span><span data-contrast=\"auto\">e vaya con un buen tratamiento.\u201d<\/span><span data-ccp-props=\"{&quot;201341983&quot;:0,&quot;335559731&quot;:708,&quot;335559739&quot;:160,&quot;335559740&quot;:240}\">\u00a0<\/span><\/p>\n<p><span data-contrast=\"auto\">Ximena Robert Covarrubias y Rogelio <\/span><span data-contrast=\"auto\">Arra\u00f1aga<\/span><span data-contrast=\"auto\"> G\u00f3mez, <\/span><span data-contrast=\"auto\">de la <\/span><span data-contrast=\"auto\">L<\/span><span data-contrast=\"auto\">icenciatura en Danza Contempor\u00e1nea, impartieron el taller<\/span><span data-contrast=\"auto\"> \u201cCoraz\u00f3n, cuerpo a <\/span><span data-contrast=\"auto\">cuerpo\u201d, el cual <\/span><span data-contrast=\"auto\">fue dise\u00f1ado por artistas universitarios <\/span><span data-contrast=\"auto\">y en el que<\/span><span data-contrast=\"auto\"> emplean la danza y el movimiento como una herramienta para generar empat\u00eda.<\/span><span data-ccp-props=\"{&quot;201341983&quot;:0,&quot;335559731&quot;:708,&quot;335559739&quot;:160,&quot;335559740&quot;:240}\">\u00a0<\/span><\/p>\n<p><span data-contrast=\"auto\">L<\/span><span data-contrast=\"auto\">a SSP ofreci\u00f3 <\/span><span data-contrast=\"auto\">cursos de defensa personal y de activaci\u00f3n y realiz\u00f3 una<\/span><span data-contrast=\"auto\"> demostraci\u00f3n del escuadr\u00f3n canino.<\/span><span data-ccp-props=\"{&quot;201341983&quot;:0,&quot;335559731&quot;:708,&quot;335559739&quot;:160,&quot;335559740&quot;:240}\">\u00a0<\/span><span data-contrast=\"auto\">Tambi\u00e9n se<\/span><span data-contrast=\"auto\"> present\u00f3 la obra de t\u00edteres <\/span><i><span data-contrast=\"auto\">El le\u00f3n que no sab\u00eda escribir<\/span><\/i><span data-contrast=\"auto\"> y un concierto de r<\/span><span data-contrast=\"auto\">ock por parte de estudiantes de la Facultad de M\u00fasica.<\/span><span data-ccp-props=\"{&quot;201341983&quot;:0,&quot;335559731&quot;:708,&quot;335559739&quot;:160,&quot;335559740&quot;:240}\">\u00a0<\/span><\/p>\n<div id=\"attachment_79450\" style=\"width: 732px\" class=\"wp-caption aligncenter\"><a href=\"https:\/\/www.uv.mx\/prensa\/files\/2020\/01\/220120-FERIA-CULTURA-POR-LA-PAZ-5.jpg\"><img loading=\"lazy\" decoding=\"async\" aria-describedby=\"caption-attachment-79450\" class=\"size-full wp-image-79450\" src=\"https:\/\/www.uv.mx\/prensa\/files\/2020\/01\/220120-FERIA-CULTURA-POR-LA-PAZ-5.jpg\" alt=\"\" width=\"722\" height=\"483\" srcset=\"https:\/\/www.uv.mx\/prensa\/files\/2020\/01\/220120-FERIA-CULTURA-POR-LA-PAZ-5.jpg 722w, https:\/\/www.uv.mx\/prensa\/files\/2020\/01\/220120-FERIA-CULTURA-POR-LA-PAZ-5-300x201.jpg 300w\" sizes=\"auto, (max-width: 722px) 100vw, 722px\" \/><\/a><p id=\"caption-attachment-79450\" class=\"wp-caption-text\">Ximena Robert Covarrubias y Rogelio Arra\u00f1aga G\u00f3mez, alumnos de Danza Contempor\u00e1nea, impartieron un taller<\/p><\/div>\n","protected":false},"excerpt":{"rendered":"<p>Fue organizado por esta casa de estudios, la Secretar\u00eda de Seguridad P\u00fablica y el Ayuntamiento de Xalapa\u00a0<\/p>\n","protected":false},"author":1508,"featured_media":79489,"comment_status":"closed","ping_status":"closed","sticky":false,"template":"","format":"standard","meta":{"footnotes":""},"categories":[61],"tags":[],"class_list":["post-79442","post","type-post","status-publish","format-standard","has-post-thumbnail","hentry","category-banner"],"_links":{"self":[{"href":"https:\/\/www.uv.mx\/prensa\/wp-json\/wp\/v2\/posts\/79442","targetHints":{"allow":["GET"]}}],"collection":[{"href":"https:\/\/www.uv.mx\/prensa\/wp-json\/wp\/v2\/posts"}],"about":[{"href":"https:\/\/www.uv.mx\/prensa\/wp-json\/wp\/v2\/types\/post"}],"author":[{"embeddable":true,"href":"https:\/\/www.uv.mx\/prensa\/wp-json\/wp\/v2\/users\/1508"}],"replies":[{"embeddable":true,"href":"https:\/\/www.uv.mx\/prensa\/wp-json\/wp\/v2\/comments?post=79442"}],"version-history":[{"count":0,"href":"https:\/\/www.uv.mx\/prensa\/wp-json\/wp\/v2\/posts\/79442\/revisions"}],"wp:featuredmedia":[{"embeddable":true,"href":"https:\/\/www.uv.mx\/prensa\/wp-json\/wp\/v2\/media\/79489"}],"wp:attachment":[{"href":"https:\/\/www.uv.mx\/prensa\/wp-json\/wp\/v2\/media?parent=79442"}],"wp:term":[{"taxonomy":"category","embeddable":true,"href":"https:\/\/www.uv.mx\/prensa\/wp-json\/wp\/v2\/categories?post=79442"},{"taxonomy":"post_tag","embeddable":true,"href":"https:\/\/www.uv.mx\/prensa\/wp-json\/wp\/v2\/tags?post=79442"}],"curies":[{"name":"wp","href":"https:\/\/api.w.org\/{rel}","templated":true}]}}