{"id":79413,"date":"2020-01-22T09:01:15","date_gmt":"2020-01-22T15:01:15","guid":{"rendered":"https:\/\/www.uv.mx\/prensa\/?p=79413"},"modified":"2020-01-22T14:37:37","modified_gmt":"2020-01-22T20:37:37","slug":"alumnos-del-afel-aprenden-fundamentos-del-softbol","status":"publish","type":"post","link":"https:\/\/www.uv.mx\/prensa\/deportes\/alumnos-del-afel-aprenden-fundamentos-del-softbol\/","title":{"rendered":"Alumnos del AFEL aprenden fundamentos del softbol"},"content":{"rendered":"<ul>\n<li data-leveltext=\"\uf0b7\" data-font=\"Symbol\" data-listid=\"1\" data-aria-posinset=\"1\" data-aria-level=\"1\"><i><span data-contrast=\"auto\">El entrenador Conrado Jim\u00e9nez<\/span><\/i><i><span data-contrast=\"auto\"> busca talentos para la Selecci\u00f3n Femenil de <\/span><\/i><span data-contrast=\"auto\">Halcones<\/span><i><span data-contrast=\"auto\"> UV<\/span><\/i><span data-ccp-props=\"{&quot;201341983&quot;:0,&quot;335559739&quot;:0,&quot;335559740&quot;:240}\">\u00a0<\/span><\/li>\n<\/ul>\n<div id=\"attachment_79356\" style=\"width: 732px\" class=\"wp-caption aligncenter\"><a href=\"https:\/\/www.uv.mx\/prensa\/files\/2020\/01\/210120-SOFTBOL.jpg\"><img aria-describedby=\"caption-attachment-79356\" decoding=\"async\" loading=\"lazy\" class=\"size-full wp-image-79356\" src=\"https:\/\/www.uv.mx\/prensa\/files\/2020\/01\/210120-SOFTBOL.jpg\" alt=\"\" width=\"722\" height=\"474\" srcset=\"https:\/\/www.uv.mx\/prensa\/files\/2020\/01\/210120-SOFTBOL.jpg 722w, https:\/\/www.uv.mx\/prensa\/files\/2020\/01\/210120-SOFTBOL-300x197.jpg 300w\" sizes=\"(max-width: 722px) 100vw, 722px\" \/><\/a><p id=\"caption-attachment-79356\" class=\"wp-caption-text\">Conrado Jim\u00e9nez est\u00e1 al frente de las sesiones<\/p><\/div>\n<p><b><i><span data-contrast=\"auto\">Santiago Morales Ortiz<\/span><\/i><\/b><span data-ccp-props=\"{&quot;201341983&quot;:0,&quot;335559739&quot;:0,&quot;335559740&quot;:240}\">\u00a0<\/span><\/p>\n<p><b><i><span data-contrast=\"auto\">22\/01\/20<\/span><\/i><\/b><b><i><span data-contrast=\"auto\">20<\/span><\/i><\/b><b><i><span data-contrast=\"auto\">, <\/span><\/i><\/b><b><i><span data-contrast=\"auto\">Xalapa<\/span><\/i><\/b><b><i><span data-contrast=\"auto\">, Ver.-<\/span><\/i><\/b> <span data-contrast=\"auto\">Lo<\/span><span data-contrast=\"auto\">s alumnos que participan en el c<\/span><span data-contrast=\"auto\">urso <\/span><span data-contrast=\"auto\">i<\/span><span data-contrast=\"auto\">ntersemestral<\/span> <span data-contrast=\"auto\">de <\/span><span data-contrast=\"auto\">i<\/span><span data-contrast=\"auto\">nvierno de <\/span><span data-contrast=\"auto\">S<\/span><span data-contrast=\"auto\">oftbol del <\/span><span data-contrast=\"auto\">\u00c1rea<\/span><span data-contrast=\"auto\"> de Formaci\u00f3n <\/span><span data-contrast=\"auto\">de<\/span><span data-contrast=\"auto\"> Elecci\u00f3n Libre (AFEL)<\/span><span data-contrast=\"auto\">, que ofrece la <\/span><span data-contrast=\"auto\"><a href=\"https:\/\/www.uv.mx\/daduv\/\" target=\"_blank\" rel=\"noopener noreferrer\">Direcci\u00f3n de Actividades Deportivas<\/a> <\/span><span data-contrast=\"auto\">de la Universidad Veracruzana (<\/span><span data-contrast=\"auto\">DADUV<\/span><span data-contrast=\"auto\">)<\/span><span data-contrast=\"auto\">, <\/span><span data-contrast=\"auto\">aprenden t\u00e9cnicas y t\u00e1cticas de este deporte, <\/span><span data-contrast=\"auto\">novedoso <\/span><span data-contrast=\"auto\">en la <\/span><span data-contrast=\"auto\">m\u00e1xima casa de estudios de Veracruz<\/span><span data-contrast=\"auto\">.<\/span><span data-ccp-props=\"{&quot;201341983&quot;:0,&quot;335559739&quot;:0,&quot;335559740&quot;:240}\">\u00a0<\/span><\/p>\n<p><span data-contrast=\"auto\">El instructor Conrado Jim\u00e9nez <\/span><span data-contrast=\"auto\">Gonz\u00e1lez<\/span> <span data-contrast=\"auto\">destac\u00f3<\/span><span data-contrast=\"auto\"> el inter\u00e9s de los j\u00f3venes <\/span><span data-contrast=\"auto\">e<\/span><span data-contrast=\"auto\">n las sesiones que se <\/span><span data-contrast=\"auto\">llevan a cabo de<\/span><span data-contrast=\"auto\">sde el<\/span><span data-contrast=\"auto\"> 6 <\/span><span data-contrast=\"auto\">y hasta el <\/span><span data-contrast=\"auto\">31 de enero<\/span> <span data-contrast=\"auto\">y <\/span><span data-contrast=\"auto\">que o<\/span><span data-contrast=\"auto\">torgan <\/span><span data-contrast=\"auto\">cuatro cr\u00e9ditos <\/span><span data-contrast=\"auto\">para<\/span><span data-contrast=\"auto\"> su formaci\u00f3n acad\u00e9mica.<\/span><span data-ccp-props=\"{&quot;201341983&quot;:0,&quot;335559731&quot;:708,&quot;335559739&quot;:0,&quot;335559740&quot;:240}\">\u00a0<\/span><\/p>\n<p><span data-contrast=\"auto\">El curso se lleva a cabo de lunes a viernes<\/span><span data-contrast=\"auto\">,<\/span><span data-contrast=\"auto\"> de 10:00 a 13:00 horas, en la Unidad Deportiva del Campus para la Cultura, las Artes y del Deporte, que cuenta con un campo especial para la pr\u00e1ctica del sof<\/span><span data-contrast=\"auto\">tbol, disciplina derivada del <\/span><span data-contrast=\"auto\">beisbol<\/span><span data-contrast=\"auto\"> con algunas modificaciones en su reglamento.<\/span><span data-ccp-props=\"{&quot;201341983&quot;:0,&quot;335559731&quot;:708,&quot;335559739&quot;:0,&quot;335559740&quot;:240}\">\u00a0<\/span><\/p>\n<p><span data-contrast=\"auto\">Explic\u00f3 que debido a <\/span><span data-contrast=\"auto\">la temporada invernal<\/span><span data-contrast=\"auto\"> se han tenido que adelantar algunas sesio<\/span><span data-contrast=\"auto\">nes te\u00f3ricas y cuando <\/span><span data-contrast=\"auto\">el clima <\/span><span data-contrast=\"auto\">lo permita <\/span><span data-contrast=\"auto\">se intensifica<\/span><span data-contrast=\"auto\">r\u00e1<\/span><span data-contrast=\"auto\"> el trabajo en el campo.<\/span><span data-ccp-props=\"{&quot;201341983&quot;:0,&quot;335559731&quot;:708,&quot;335559739&quot;:0,&quot;335559740&quot;:240}\">\u00a0<\/span><\/p>\n<p>&nbsp;<\/p>\n<p><strong>Rumbo a la Universiada<\/strong><\/p>\n<p><span data-contrast=\"auto\">Conrado Jim\u00e9nez se\u00f1al\u00f3 que en l<\/span><span data-contrast=\"auto\">a rama femenil<\/span><span data-contrast=\"auto\"> se buscan talentos<\/span><span data-contrast=\"auto\"> para integrarlos a<\/span><span data-contrast=\"auto\">l representativo de <\/span><i><span data-contrast=\"auto\">Halcones<\/span><\/i><span data-contrast=\"auto\"> UV, <\/span><span data-contrast=\"auto\">rumbo<\/span><span data-contrast=\"auto\"> a la <\/span><span data-contrast=\"auto\">Universiada<\/span><span data-contrast=\"auto\"> Nacional <\/span><span data-contrast=\"auto\">Le\u00f3n <\/span><span data-contrast=\"auto\">2020.<\/span><span data-ccp-props=\"{&quot;201341983&quot;:0,&quot;335559731&quot;:708,&quot;335559739&quot;:0,&quot;335559740&quot;:240}\">\u00a0<\/span><\/p>\n<p><span data-contrast=\"auto\">En l<\/span><span data-contrast=\"auto\">a etapa Regional, que se llevar\u00e1 a cabo del 22 de marzo al 2 de abril, las seleccionadas de la UV se medir\u00e1n <\/span><span data-contrast=\"auto\">ante instituciones de Puebla, Hidalgo, Tlaxcala y Oaxaca, en busca de un lugar <\/span><span data-contrast=\"auto\">en <\/span><span data-contrast=\"auto\">la m\u00e1xima justa estudiantil del pa\u00eds<\/span><span data-contrast=\"auto\">.<\/span><span data-ccp-props=\"{&quot;201341983&quot;:0,&quot;335559731&quot;:708,&quot;335559739&quot;:0,&quot;335559740&quot;:240}\">\u00a0<\/span><\/p>\n<p><span data-contrast=\"auto\">El entrenador r<\/span><span data-contrast=\"auto\">econoci\u00f3 el compromiso de la <\/span><span data-contrast=\"auto\">S<\/span><span data-contrast=\"auto\">elecci\u00f3n de <\/span><i><span data-contrast=\"auto\">Halcones<\/span><\/i><span data-contrast=\"auto\"> para superar la justa Regional y posteriormente <\/span><span data-contrast=\"auto\">ser protagonista <\/span><span data-contrast=\"auto\">en la Universiada Nacional, <\/span><span data-contrast=\"auto\">que tendr\u00e1 como sed<\/span><span data-contrast=\"auto\">e la ciudad de Le\u00f3n, Guanajuato, del 24 de abril al 11 de mayo.<\/span><span data-ccp-props=\"{&quot;201341983&quot;:0,&quot;335559731&quot;:708,&quot;335559739&quot;:0,&quot;335559740&quot;:240}\">\u00a0<\/span><\/p>\n","protected":false},"excerpt":{"rendered":"<p>El entrenador Conrado Jim\u00e9nez se\u00f1al\u00f3 que se buscan talentos para la Selecci\u00f3n Femenil de <em>Halcones<\/em> UV\u00a0<\/p>\n","protected":false},"author":1508,"featured_media":79356,"comment_status":"closed","ping_status":"closed","sticky":false,"template":"","format":"standard","meta":[],"categories":[12],"tags":[],"_links":{"self":[{"href":"https:\/\/www.uv.mx\/prensa\/wp-json\/wp\/v2\/posts\/79413"}],"collection":[{"href":"https:\/\/www.uv.mx\/prensa\/wp-json\/wp\/v2\/posts"}],"about":[{"href":"https:\/\/www.uv.mx\/prensa\/wp-json\/wp\/v2\/types\/post"}],"author":[{"embeddable":true,"href":"https:\/\/www.uv.mx\/prensa\/wp-json\/wp\/v2\/users\/1508"}],"replies":[{"embeddable":true,"href":"https:\/\/www.uv.mx\/prensa\/wp-json\/wp\/v2\/comments?post=79413"}],"version-history":[{"count":0,"href":"https:\/\/www.uv.mx\/prensa\/wp-json\/wp\/v2\/posts\/79413\/revisions"}],"wp:featuredmedia":[{"embeddable":true,"href":"https:\/\/www.uv.mx\/prensa\/wp-json\/wp\/v2\/media\/79356"}],"wp:attachment":[{"href":"https:\/\/www.uv.mx\/prensa\/wp-json\/wp\/v2\/media?parent=79413"}],"wp:term":[{"taxonomy":"category","embeddable":true,"href":"https:\/\/www.uv.mx\/prensa\/wp-json\/wp\/v2\/categories?post=79413"},{"taxonomy":"post_tag","embeddable":true,"href":"https:\/\/www.uv.mx\/prensa\/wp-json\/wp\/v2\/tags?post=79413"}],"curies":[{"name":"wp","href":"https:\/\/api.w.org\/{rel}","templated":true}]}}