{"id":79392,"date":"2020-01-22T08:37:39","date_gmt":"2020-01-22T14:37:39","guid":{"rendered":"https:\/\/www.uv.mx\/prensa\/?p=79392"},"modified":"2020-01-22T14:38:35","modified_gmt":"2020-01-22T20:38:35","slug":"uv-impartira-el-diplomado-diseno-curricular-arquitectura-pedagogica","status":"publish","type":"post","link":"https:\/\/www.uv.mx\/prensa\/general\/uv-impartira-el-diplomado-diseno-curricular-arquitectura-pedagogica\/","title":{"rendered":"UV impartir\u00e1 el diplomado Dise\u00f1o Curricular: Arquitectura Pedag\u00f3gica"},"content":{"rendered":"<ul>\n<li><i><span data-contrast=\"auto\">Es de modalidad <\/span><\/i><i><span data-contrast=\"auto\">semi<\/span><\/i><i><span data-contrast=\"auto\">presencial y beneficiar\u00e1 a 25 empleados de la Secretar\u00eda de Educaci\u00f3n de Veracruz<\/span><\/i><span data-ccp-props=\"{&quot;134233279&quot;:true}\">\u00a0<\/span><\/li>\n<li data-leveltext=\"\uf0b7\" data-font=\"Symbol\" data-listid=\"1\" data-aria-posinset=\"1\" data-aria-level=\"1\"><i><span data-contrast=\"auto\">\u201cCon ello<\/span><\/i><i> <\/i><i><span data-contrast=\"auto\">l<\/span><\/i><i><span data-contrast=\"auto\">a <\/span><\/i><i><span data-contrast=\"auto\">instituci\u00f3n<\/span><\/i> <i><span data-contrast=\"auto\">participa<\/span><\/i><i><span data-contrast=\"auto\"> directamente en el <\/span><\/i><i><span data-contrast=\"auto\">fortalecimiento de<\/span><\/i><i><span data-contrast=\"auto\">l sistema educativo estatal<\/span><\/i><i><span data-contrast=\"auto\">\u201d<\/span><\/i><i><span data-contrast=\"auto\">: <\/span><\/i><i><span data-contrast=\"auto\">Maribel Dom\u00ednguez<\/span><\/i><i><span data-contrast=\"auto\">,<\/span><\/i> <i><span data-contrast=\"auto\">directora <\/span><\/i><i><span data-contrast=\"auto\">de la Facultad de Pedagog\u00eda<\/span><\/i><span data-ccp-props=\"{&quot;134233279&quot;:true}\">\u00a0<\/span><i><\/i><\/li>\n<\/ul>\n<div id=\"attachment_79362\" style=\"width: 732px\" class=\"wp-caption aligncenter\"><a href=\"https:\/\/www.uv.mx\/prensa\/files\/2020\/01\/200120-diplomado-diseno-curricular.jpg\"><img loading=\"lazy\" decoding=\"async\" aria-describedby=\"caption-attachment-79362\" class=\"size-full wp-image-79362\" src=\"https:\/\/www.uv.mx\/prensa\/files\/2020\/01\/200120-diplomado-diseno-curricular.jpg\" alt=\"\" width=\"722\" height=\"481\" srcset=\"https:\/\/www.uv.mx\/prensa\/files\/2020\/01\/200120-diplomado-diseno-curricular.jpg 722w, https:\/\/www.uv.mx\/prensa\/files\/2020\/01\/200120-diplomado-diseno-curricular-300x200.jpg 300w\" sizes=\"auto, (max-width: 722px) 100vw, 722px\" \/><\/a><p id=\"caption-attachment-79362\" class=\"wp-caption-text\">Maribel Dom\u00ednguez, directora de Pedagog\u00eda, y Carlos Pulido, <span data-contrast=\"auto\">coordinador del diplomado<\/span><\/p><\/div>\n<p><b><i><span data-contrast=\"auto\">David Sandoval Rodr\u00edguez<\/span><\/i><\/b><span data-ccp-props=\"{}\">\u00a0<\/span><\/p>\n<p><b><i><span data-contrast=\"auto\">22\/01\/<\/span><\/i><\/b><b><i><span data-contrast=\"auto\">20<\/span><\/i><\/b><b><i><span data-contrast=\"auto\">20<\/span><\/i><\/b><b><i><span data-contrast=\"auto\">,<\/span><\/i><\/b><b><i><span data-contrast=\"auto\"> Xalapa, Ver.-<\/span><\/i><\/b><span data-contrast=\"auto\"> La Universidad Veracruzana (UV), a trav\u00e9s de la <a href=\"https:\/\/www.uv.mx\/pedagogia\/\" target=\"_blank\" rel=\"noopener noreferrer\">Facultad de Pedagog\u00eda<\/a>, impartir\u00e1 el diplomado <\/span><span data-contrast=\"auto\">Dise\u00f1o Curricular: Arquitectura Pedag\u00f3gica<\/span><span data-contrast=\"auto\">,<\/span><span data-contrast=\"auto\"> cuyo <\/span><span data-contrast=\"auto\">prop\u00f3sito es capacitar a <\/span><span data-contrast=\"auto\">personal de la Secretar\u00eda de Educaci\u00f3n de Veracruz (SEV) responsable de evaluar la viabilidad de las instituciones educativas en la entidad,<\/span><span data-contrast=\"auto\"> que buscan obtener su <\/span><span data-contrast=\"auto\">Reconocimiento de Validez Oficial de Estudios (RVOE).<\/span><span data-ccp-props=\"{}\">\u00a0<\/span><\/p>\n<p><span data-contrast=\"auto\">Maribel Dom\u00ednguez Basurto<\/span><span data-contrast=\"auto\">, directora de la F<\/span><span data-contrast=\"auto\">acultad<\/span><span data-contrast=\"auto\">,<\/span><span data-contrast=\"auto\"> y <\/span><span data-contrast=\"auto\">Carlos Alonso Pulido Ocampo, coordinador del diplomado<\/span><span data-contrast=\"auto\">, destacaron que se busca generar un cambio en las pol\u00edticas educativas de Veracruz, incidiendo directamente en la formaci\u00f3n de sujetos cr\u00edticos y familiarizados con la metodolog\u00eda requerida para evaluar el dise\u00f1o curricular.<\/span><span data-ccp-props=\"{}\">\u00a0<\/span><\/p>\n<p><span data-contrast=\"auto\">Es la primera vez que se imparte y <\/span><span data-contrast=\"auto\">se<\/span><span data-contrast=\"auto\">r\u00e1 del <\/span><span data-contrast=\"auto\">24<\/span><span data-contrast=\"auto\"> de enero al 31 de marzo<\/span><span data-contrast=\"auto\">,<\/span><span data-contrast=\"auto\"> con sesiones de <\/span><span data-contrast=\"auto\">16:00 a 21:00 horas<\/span><span data-contrast=\"auto\"> los viernes, y de 8:00 a 14:00 los s\u00e1bados, a trav\u00e9s de la plataforma <\/span><i><span data-contrast=\"auto\">Eminus<\/span><\/i><span data-contrast=\"auto\">.<\/span><span data-ccp-props=\"{}\">\u00a0<\/span><\/p>\n<p><span data-contrast=\"auto\">El objetivo es b<\/span><span data-contrast=\"auto\">rindar una<\/span><span data-contrast=\"auto\"> formaci\u00f3n te\u00f3rico-metodol\u00f3gica<\/span><span data-contrast=\"auto\"> en e<\/span><span data-contrast=\"auto\">l \u00e1mbito del dise\u00f1o curricular <\/span><span data-contrast=\"auto\">para identificar los antecedentes, la forma y la supervisi\u00f3n de la arqu<\/span><span data-contrast=\"auto\">itectura de un plan de estudio<\/span><span data-contrast=\"auto\">s<\/span><span data-contrast=\"auto\">.<\/span><span data-ccp-props=\"{&quot;335559731&quot;:708}\">\u00a0<\/span><\/p>\n<p><span data-contrast=\"auto\">Para ello se efectuar\u00e1 <\/span><span data-contrast=\"auto\">el an\u00e1lisis de casos, la discusi\u00f3n y la comparaci\u00f3n de propuestas, normativa y modelos curriculares en un ambiente de congruencia, <\/span><span data-contrast=\"auto\">honestidad y \u00e9tica, todo bajo el<\/span><span data-contrast=\"auto\"> escenario de la visi\u00f3n cr\u00edtica<\/span><span data-contrast=\"auto\">.<\/span><span data-ccp-props=\"{&quot;335559731&quot;:708}\">\u00a0<\/span><\/p>\n<p><span data-contrast=\"auto\">En el diplomado, <\/span><span data-contrast=\"auto\">avalado<\/span><span data-contrast=\"auto\"> por el Departamento de Educaci\u00f3n Continua de la Direcci\u00f3n General de Desarrollo Acad\u00e9mico e Innovaci\u00f3n Educativa <\/span><span data-contrast=\"auto\">de la UV<\/span><span data-contrast=\"auto\">,<\/span><span data-ccp-props=\"{&quot;335559731&quot;:708}\"> participar\u00e1n 25 personas que fueron elegidas por la propia SEV, con base en su perfil profesional.<\/span><\/p>\n<p><span data-contrast=\"auto\">Dom\u00ednguez Basurto<\/span><span data-contrast=\"auto\"> explic\u00f3 que <\/span><span data-contrast=\"auto\">el Consejo Interinstitucional Veracruzano de Educaci\u00f3n <\/span><span data-contrast=\"auto\">(CIVE) de la SEV<\/span><span data-contrast=\"auto\"> tiene tres comisiones, entre <\/span><span data-contrast=\"auto\">ellas<\/span><span data-contrast=\"auto\"> la <\/span><span data-contrast=\"auto\">Comisi\u00f3n Estatal para la Planeaci\u00f3n de la Educaci\u00f3n Superior (<\/span><i><span data-contrast=\"auto\">Coepes<\/span><\/i><span data-contrast=\"auto\">)<\/span><span data-contrast=\"auto\">, responsable de revisar las propuestas de planes de estudio<\/span><span data-contrast=\"auto\">s<\/span><span data-contrast=\"auto\"> que elaboran los particulares con miras a obtener su RVOE.<\/span><\/p>\n<p><span data-contrast=\"auto\">\u201c<\/span><span data-contrast=\"auto\">El diplomado se hizo posible debido a que la rectora Sara Ladr\u00f3n de Guevara funge como vicepresidenta del CIVE y me solicit\u00f3,<\/span><span data-contrast=\"auto\"> como directora de la F<\/span><span data-contrast=\"auto\">acultad, fungir como enlace ins<\/span><span data-contrast=\"auto\">titucional de la UV con el CIVE\u201d, detall\u00f3 Dom\u00ednguez Basurto<\/span><span data-contrast=\"auto\">.<\/span><span data-ccp-props=\"{&quot;335559731&quot;:708}\">\u00a0<\/span><\/p>\n<p><span data-contrast=\"auto\">Ah\u00ed <\/span><span data-contrast=\"auto\">contact\u00f3 a<\/span><span data-contrast=\"auto\"> Francisco Javier Rocha Gonz\u00e1lez, presidente del <\/span><i><span data-contrast=\"auto\">Coepes<\/span><\/i><span data-contrast=\"auto\">, <\/span><span data-contrast=\"auto\">y comenzaron a trabajar en propuestas para optimizar la e<\/span><span data-contrast=\"auto\">valuaci\u00f3n del dise\u00f1o curricular y sobre qui\u00e9nes est\u00e1n evaluando y dictaminando\u00a0 los planes de estudios<\/span><span data-contrast=\"auto\">.<\/span><span data-ccp-props=\"{&quot;335559731&quot;:708}\">\u00a0<\/span><\/p>\n<p><span data-contrast=\"auto\">A partir de ello se elabor\u00f3 una propuesta, considerando el perfil de los acad\u00e9micos, y en funci\u00f3n de ello<\/span><span data-contrast=\"auto\"> se sum\u00f3<\/span><span data-contrast=\"auto\"> al trabajo Pulido Ocampo para crear<\/span><span data-contrast=\"auto\"> el diplomado.<\/span> <span data-contrast=\"auto\">\u201c<\/span><span data-contrast=\"auto\">Es as\u00ed que l<\/span><span data-contrast=\"auto\">a Universidad <\/span><span data-contrast=\"auto\">Veracruzana<\/span><span data-contrast=\"auto\"> se v<\/span><span data-contrast=\"auto\">incula y aqu\u00ed est\u00e1 el resultado;<\/span><span data-contrast=\"auto\"> es una satisfacci\u00f3n <\/span><span data-contrast=\"auto\">echar a andar el diplomado <\/span><span data-contrast=\"auto\">el<\/span><span data-contrast=\"auto\"> viernes 24 de enero\u201d<\/span><span data-contrast=\"auto\">, agreg\u00f3 Maribel Dom\u00ednguez<\/span><span data-contrast=\"auto\">.<\/span><span data-ccp-props=\"{&quot;335559731&quot;:708}\">\u00a0<\/span><\/p>\n<p><span data-contrast=\"auto\">Por su parte, <\/span><span data-contrast=\"auto\">Carlos Alonso Pulido <\/span><span data-contrast=\"auto\">explic\u00f3<\/span><span data-contrast=\"auto\">:<\/span><span data-contrast=\"auto\"> \u201c<\/span><span data-contrast=\"auto\">I<\/span><span data-contrast=\"auto\">dentificamos <\/span><span data-contrast=\"auto\">cu\u00e1<\/span><span data-contrast=\"auto\">l ser\u00eda la propuesta ideal, considerando los rasgos prescriptivos y normativos del dise\u00f1o curricular, tomando en cuenta no generar un proceso te\u00f3rico excesivo, sino id\u00f3neo para quienes estar\u00e1n realizando la valoraci\u00f3n de los planes de estudio<\/span><span data-contrast=\"auto\">s<\/span><span data-contrast=\"auto\">\u201d.<\/span><span data-ccp-props=\"{&quot;335559731&quot;:708}\">\u00a0<\/span><\/p>\n<p><span data-contrast=\"auto\">El planteamiento central fue un proceso de formaci\u00f3n complejo, pero adaptado a las condiciones del personal<\/span><span data-contrast=\"auto\">,<\/span><span data-contrast=\"auto\"> tant<\/span><span data-contrast=\"auto\">o universitario como de la SEV<\/span><span data-contrast=\"auto\">,<\/span><span data-contrast=\"auto\"> que cursar\u00e1n <\/span><span data-contrast=\"auto\">tres m\u00f3dulos con una duraci\u00f3n total de 120 hor<\/span><span data-contrast=\"auto\">as.<\/span><span data-ccp-props=\"{&quot;335559731&quot;:708}\">\u00a0<\/span><\/p>\n<p><span data-contrast=\"auto\">\u201cCreemos que puede ser la punta de lanza de procesos m\u00e1s complejos<\/span><span data-contrast=\"auto\">;<\/span> <span data-contrast=\"auto\">la profesora Maribel Dom\u00ednguez<\/span> <span data-contrast=\"auto\">y <\/span><span data-contrast=\"auto\">un servidor <\/span><span data-contrast=\"auto\">estaremos desarr<\/span><span data-contrast=\"auto\">ollando cada uno de los m\u00f3dulos<\/span><span data-contrast=\"auto\"> porque queremos sentar las bases del dise\u00f1o curricular con nuestros participantes\u201d<\/span><span data-contrast=\"auto\">, apunt\u00f3 Pulido Ocampo.<\/span><span data-ccp-props=\"{&quot;335559731&quot;:708}\">\u00a0<\/span><\/p>\n<p><span data-contrast=\"auto\">\u201cTodo esto va m\u00e1s all\u00e1 del diplomado, es el impacto que tiene a nivel pol\u00edtico, educativo, social y profesional; qu\u00e9 mejor que la Facultad de Pedagog\u00eda abone a estas pol\u00edticas educativas para formar personas de las que realmente necesitamos<\/span><span data-contrast=\"auto\">,<\/span> <span data-contrast=\"auto\">\u00e9<\/span><span data-contrast=\"auto\">sta es una aportaci\u00f3n que hace la UV al estado d<\/span><span data-contrast=\"auto\">e Veracruz<\/span><span data-contrast=\"auto\">\u201d, <\/span><span data-contrast=\"auto\">afirm\u00f3 l<\/span><span data-contrast=\"auto\">a <\/span><span data-contrast=\"auto\">D<\/span><span data-contrast=\"auto\">irectora.<\/span><span data-ccp-props=\"{&quot;335559731&quot;:708}\">\u00a0<\/span><\/p>\n","protected":false},"excerpt":{"rendered":"<p>El objetivo es brindar una formaci\u00f3n te\u00f3rico-metodol\u00f3gica en el \u00e1mbito del dise\u00f1o curricular para identificar los antecedentes, la forma y la supervisi\u00f3n de la arquitectura de un plan de estudios<\/p>\n","protected":false},"author":1508,"featured_media":79362,"comment_status":"closed","ping_status":"closed","sticky":false,"template":"","format":"standard","meta":{"footnotes":""},"categories":[1],"tags":[],"class_list":["post-79392","post","type-post","status-publish","format-standard","has-post-thumbnail","hentry","category-general"],"_links":{"self":[{"href":"https:\/\/www.uv.mx\/prensa\/wp-json\/wp\/v2\/posts\/79392","targetHints":{"allow":["GET"]}}],"collection":[{"href":"https:\/\/www.uv.mx\/prensa\/wp-json\/wp\/v2\/posts"}],"about":[{"href":"https:\/\/www.uv.mx\/prensa\/wp-json\/wp\/v2\/types\/post"}],"author":[{"embeddable":true,"href":"https:\/\/www.uv.mx\/prensa\/wp-json\/wp\/v2\/users\/1508"}],"replies":[{"embeddable":true,"href":"https:\/\/www.uv.mx\/prensa\/wp-json\/wp\/v2\/comments?post=79392"}],"version-history":[{"count":0,"href":"https:\/\/www.uv.mx\/prensa\/wp-json\/wp\/v2\/posts\/79392\/revisions"}],"wp:featuredmedia":[{"embeddable":true,"href":"https:\/\/www.uv.mx\/prensa\/wp-json\/wp\/v2\/media\/79362"}],"wp:attachment":[{"href":"https:\/\/www.uv.mx\/prensa\/wp-json\/wp\/v2\/media?parent=79392"}],"wp:term":[{"taxonomy":"category","embeddable":true,"href":"https:\/\/www.uv.mx\/prensa\/wp-json\/wp\/v2\/categories?post=79392"},{"taxonomy":"post_tag","embeddable":true,"href":"https:\/\/www.uv.mx\/prensa\/wp-json\/wp\/v2\/tags?post=79392"}],"curies":[{"name":"wp","href":"https:\/\/api.w.org\/{rel}","templated":true}]}}