{"id":79330,"date":"2020-01-21T13:00:27","date_gmt":"2020-01-21T19:00:27","guid":{"rendered":"https:\/\/www.uv.mx\/prensa\/?p=79330"},"modified":"2020-01-21T14:35:17","modified_gmt":"2020-01-21T20:35:17","slug":"cineclub-del-aula-clavijero-proyecta-masacre-en-columbine","status":"publish","type":"post","link":"https:\/\/www.uv.mx\/prensa\/eventos\/cineclub-del-aula-clavijero-proyecta-masacre-en-columbine\/","title":{"rendered":"Cine Club del Aula Clavijero proyectar\u00e1 <em>Masacre en Columbine<\/em>"},"content":{"rendered":"<ul>\n<li><em>El mi\u00e9rcoles 22 de enero, a las 18:00 horas<\/em><\/li>\n<\/ul>\n<div id=\"attachment_79012\" style=\"width: 476px\" class=\"wp-caption aligncenter\"><a href=\"https:\/\/www.uv.mx\/prensa\/files\/2020\/01\/140120-Cine-Club.jpg\"><img loading=\"lazy\" decoding=\"async\" aria-describedby=\"caption-attachment-79012\" class=\"size-full wp-image-79012\" src=\"https:\/\/www.uv.mx\/prensa\/files\/2020\/01\/140120-Cine-Club.jpg\" alt=\"\" width=\"466\" height=\"722\" srcset=\"https:\/\/www.uv.mx\/prensa\/files\/2020\/01\/140120-Cine-Club.jpg 466w, https:\/\/www.uv.mx\/prensa\/files\/2020\/01\/140120-Cine-Club-194x300.jpg 194w\" sizes=\"auto, (max-width: 466px) 100vw, 466px\" \/><\/a><p id=\"caption-attachment-79012\" class=\"wp-caption-text\">La proyecci\u00f3n ser\u00e1 el mi\u00e9rcoles 22 de enero, a las 18:00 horas<\/p><\/div>\n<p><b><i><span data-contrast=\"auto\">21\/01\/2020, Xalapa, Ver.- <\/span><\/i><\/b><span data-contrast=\"auto\">Dentro del ciclo <\/span><i><span data-contrast=\"auto\">La realidad en el cine. Documentales ic\u00f3nicos<\/span><\/i><span data-contrast=\"auto\">, organizado por el Departamento de Cinematograf\u00eda de la Universidad Veracruzana (UV), el mi\u00e9rcoles 22 de enero se exhib<\/span><span data-contrast=\"auto\">ir\u00e1<\/span><span data-contrast=\"auto\"> en el Aula Clavijero la pel\u00edcula <\/span><i><span data-contrast=\"auto\">Masacre en <\/span><\/i><i><span data-contrast=\"auto\">Columbine<\/span><\/i><span data-contrast=\"auto\"> (Estados Unidos, 2002, de Michael Moore), que trata sobre la violencia en Estados Unidos, donde anualmente mueren 11 mil personas por armas de fuego.\u00a0<\/span><span data-ccp-props=\"{&quot;201341983&quot;:0,&quot;335559739&quot;:160,&quot;335559740&quot;:240}\">\u00a0<\/span><\/p>\n<p><span data-contrast=\"auto\">Este<\/span><span data-contrast=\"auto\"> documental se remite a <\/span><span data-contrast=\"auto\">un asesinato colectivo efectuado<\/span> <span data-contrast=\"auto\">por dos estudiantes<\/span><span data-contrast=\"auto\"> (Eric Harris y Dylan <\/span><span data-contrast=\"auto\">Klebold<\/span><span data-contrast=\"auto\">)<\/span> <span data-contrast=\"auto\">en abril de 1999 en la escuela secundaria de <\/span><span data-contrast=\"auto\">Columbine<\/span><span data-contrast=\"auto\">, <\/span><span data-contrast=\"auto\">Colorado<\/span><span data-contrast=\"auto\">. <\/span><span data-contrast=\"auto\">El resultado<\/span><span data-contrast=\"auto\"> fueron <\/span><span data-contrast=\"auto\">12<\/span> <span data-contrast=\"auto\">e<\/span><span data-contrast=\"auto\">s<\/span><span data-contrast=\"auto\">tudiantes y un profesor muert<\/span><span data-contrast=\"auto\">os<\/span><span data-contrast=\"auto\">.<\/span><span data-ccp-props=\"{&quot;201341983&quot;:0,&quot;335559731&quot;:708,&quot;335559739&quot;:160,&quot;335559740&quot;:240}\">\u00a0<\/span><\/p>\n<p><span data-contrast=\"auto\">Este acto dio pie al debate f\u00edlmico sobre la pertinencia del control legal de las armas de fuego. De ah\u00ed que Michael Moore interrogara a personalidades como Charlton <\/span><span data-contrast=\"auto\">Heston<\/span><span data-contrast=\"auto\">, George W. Bush y Marilyn <\/span><span data-contrast=\"auto\">Manson<\/span><span data-contrast=\"auto\">, abusando tal vez con el primero al ser cuestionado sobre el uso de las armas cuando ya estaba enfermo de demencia degenerativa.<\/span><span data-ccp-props=\"{&quot;201341983&quot;:0,&quot;335559731&quot;:708,&quot;335559739&quot;:160,&quot;335559740&quot;:240}\">\u00a0<\/span><\/p>\n<p><span data-contrast=\"auto\">Si bien la figura de Moore sigue resultando pol\u00e9mica<\/span><span data-contrast=\"auto\"> por <\/span><span data-contrast=\"auto\">situaciones como la mencionada<\/span><span data-contrast=\"auto\">, <\/span><span data-contrast=\"auto\">en <\/span><i><span data-contrast=\"auto\">Masacre en <\/span><\/i><i><span data-contrast=\"auto\">Columbine<\/span><\/i> <span data-contrast=\"auto\">puso el<\/span><span data-contrast=\"auto\"> dedo en la llaga sobre la turbulencia<\/span> <span data-contrast=\"auto\">cotidiana en un pa\u00eds<\/span><span data-contrast=\"auto\"> donde el ciudadano est\u00e1 ampara<\/span><span data-contrast=\"auto\">do constitucionalmente en la compr<\/span><span data-contrast=\"auto\">a y posesi\u00f3n de armas de fuego.<\/span><span data-ccp-props=\"{&quot;201341983&quot;:0,&quot;335559731&quot;:708,&quot;335559739&quot;:160,&quot;335559740&quot;:240}\">\u00a0<\/span><\/p>\n<p><span data-contrast=\"auto\">En su<\/span><span data-contrast=\"auto\"> aborda<\/span><span data-contrast=\"auto\">je sobre<\/span><span data-contrast=\"auto\"> los<\/span><span data-contrast=\"auto\"> miedos de una sociedad<\/span><span data-contrast=\"auto\">, <\/span><span data-contrast=\"auto\">Moore refiere<\/span> <span data-contrast=\"auto\">visiones<\/span><span data-contrast=\"auto\"> donde la vertiente<\/span><span data-contrast=\"auto\"> criminal encarna en el <\/span><span data-contrast=\"auto\">d<\/span><span data-contrast=\"auto\">iablo o<\/span><span data-contrast=\"auto\"> los videojuegos,<\/span> <span data-contrast=\"auto\">percepci\u00f3n m\u00e1s cercana <\/span><span data-contrast=\"auto\">al <\/span><span data-contrast=\"auto\">mundo<\/span><span data-contrast=\"auto\"> fant\u00e1stico que a la realidad. Lo que ciertamen<\/span><span data-contrast=\"auto\">te refleja este documental es <\/span><span data-contrast=\"auto\">la paranoia de una sociedad d<\/span><span data-contrast=\"auto\">esbordada en el consumismo y con <\/span><span data-contrast=\"auto\">un <\/span><span data-contrast=\"auto\">alto \u00ed<\/span><span data-contrast=\"auto\">ndice de descomposici\u00f3n<\/span><span data-contrast=\"auto\">. <\/span><span data-contrast=\"auto\">De ah\u00ed e<\/span><span data-contrast=\"auto\">l miedo<\/span><span data-contrast=\"auto\"> a grupos excluidos socialmente como las comun<\/span><span data-contrast=\"auto\">idades latina, negra o musulmana<\/span><span data-contrast=\"auto\">.<\/span><span data-ccp-props=\"{&quot;201341983&quot;:0,&quot;335559731&quot;:708,&quot;335559739&quot;:160,&quot;335559740&quot;:240}\">\u00a0<\/span><\/p>\n<p><span data-contrast=\"auto\">Si bien Moore es un<\/span><span data-contrast=\"auto\"> ave de tempestades en sus incursiones <\/span><span data-contrast=\"auto\">f\u00edlmica<\/span><span data-contrast=\"auto\">s<\/span><span data-contrast=\"auto\">, <\/span><span data-contrast=\"auto\">en <\/span><i><span data-contrast=\"auto\">Masacre en <\/span><\/i><i><span data-contrast=\"auto\">Columbine<\/span><\/i><span data-contrast=\"auto\"> plante\u00f3 con pertinencia la <\/span><span data-contrast=\"auto\">influencia<\/span><span data-contrast=\"auto\"> de los medios de comunicaci\u00f3n. <\/span><span data-contrast=\"auto\">E<\/span><span data-contrast=\"auto\">n buena medida <\/span><span data-contrast=\"auto\">se remite <\/span><span data-contrast=\"auto\">aqu\u00ed <\/span><span data-contrast=\"auto\">al sector juvenil, <\/span><span data-contrast=\"auto\">de cuya poblaci\u00f3n<\/span><span data-contrast=\"auto\"> eman\u00f3 el suceso lamentable<\/span> <span data-contrast=\"auto\">de <\/span><span data-contrast=\"auto\">Columbine<\/span><span data-contrast=\"auto\">.<\/span><span data-ccp-props=\"{&quot;201341983&quot;:0,&quot;335559731&quot;:708,&quot;335559739&quot;:160,&quot;335559740&quot;:240}\">\u00a0<\/span><\/p>\n<p><span data-contrast=\"auto\">Un a\u00f1o despu\u00e9s de <\/span><span data-contrast=\"auto\">realizado <\/span><span data-contrast=\"auto\">este <\/span><span data-contrast=\"auto\">documental, <\/span><span data-contrast=\"auto\">Gus<\/span><span data-contrast=\"auto\"> Van <\/span><span data-contrast=\"auto\">Sant<\/span><span data-contrast=\"auto\"> hizo<\/span><span data-contrast=\"auto\"> un<\/span><span data-contrast=\"auto\">a <\/span><span data-contrast=\"auto\">ficci\u00f3n sobre esta masacre <\/span><span data-contrast=\"auto\">en <\/span><i><span data-contrast=\"auto\">Elefante<\/span><\/i><span data-contrast=\"auto\"> (Estados Unidos<\/span><span data-contrast=\"auto\">,<\/span><span data-contrast=\"auto\"> 2003), una apuesta diferente que compleme<\/span><span data-contrast=\"auto\">nta lo expuesto por Moore en <\/span><span data-contrast=\"auto\">ton<\/span><span data-contrast=\"auto\">o m\u00e1s period\u00edstico y medi\u00e1tico.<\/span><span data-ccp-props=\"{&quot;201341983&quot;:0,&quot;335559731&quot;:708,&quot;335559739&quot;:160,&quot;335559740&quot;:240}\">\u00a0<\/span><\/p>\n<p><i><span data-contrast=\"auto\">Masacre en <\/span><\/i><i><span data-contrast=\"auto\">Columbine<\/span><\/i><span data-contrast=\"auto\"> se proyecta<\/span><span data-contrast=\"auto\"> el mi\u00e9rcoles 22 de enero a las 18:00 horas en el Aula Clavijero, ubicada en Ju\u00e1rez <\/span><span data-contrast=\"auto\">n\u00famero <\/span><span data-contrast=\"auto\">55<\/span><span data-contrast=\"auto\">, en el centro <\/span><span data-contrast=\"auto\">de Xalapa<\/span><span data-contrast=\"auto\">. La entrada es gratuita.<\/span><span data-ccp-props=\"{&quot;201341983&quot;:0,&quot;335559731&quot;:708,&quot;335559739&quot;:160,&quot;335559740&quot;:240}\">\u00a0<\/span><\/p>\n","protected":false},"excerpt":{"rendered":"<p>El documental se remite al asesinato colectivo efectuado por Eric Harris y Dylan Klebold, en una secundaria de Columbine, Colorado, en 1999<\/p>\n","protected":false},"author":1775,"featured_media":78989,"comment_status":"closed","ping_status":"closed","sticky":false,"template":"","format":"standard","meta":{"footnotes":""},"categories":[47],"tags":[],"class_list":["post-79330","post","type-post","status-publish","format-standard","has-post-thumbnail","hentry","category-eventos"],"_links":{"self":[{"href":"https:\/\/www.uv.mx\/prensa\/wp-json\/wp\/v2\/posts\/79330","targetHints":{"allow":["GET"]}}],"collection":[{"href":"https:\/\/www.uv.mx\/prensa\/wp-json\/wp\/v2\/posts"}],"about":[{"href":"https:\/\/www.uv.mx\/prensa\/wp-json\/wp\/v2\/types\/post"}],"author":[{"embeddable":true,"href":"https:\/\/www.uv.mx\/prensa\/wp-json\/wp\/v2\/users\/1775"}],"replies":[{"embeddable":true,"href":"https:\/\/www.uv.mx\/prensa\/wp-json\/wp\/v2\/comments?post=79330"}],"version-history":[{"count":0,"href":"https:\/\/www.uv.mx\/prensa\/wp-json\/wp\/v2\/posts\/79330\/revisions"}],"wp:featuredmedia":[{"embeddable":true,"href":"https:\/\/www.uv.mx\/prensa\/wp-json\/wp\/v2\/media\/78989"}],"wp:attachment":[{"href":"https:\/\/www.uv.mx\/prensa\/wp-json\/wp\/v2\/media?parent=79330"}],"wp:term":[{"taxonomy":"category","embeddable":true,"href":"https:\/\/www.uv.mx\/prensa\/wp-json\/wp\/v2\/categories?post=79330"},{"taxonomy":"post_tag","embeddable":true,"href":"https:\/\/www.uv.mx\/prensa\/wp-json\/wp\/v2\/tags?post=79330"}],"curies":[{"name":"wp","href":"https:\/\/api.w.org\/{rel}","templated":true}]}}