{"id":79131,"date":"2020-01-17T09:53:25","date_gmt":"2020-01-17T15:53:25","guid":{"rendered":"https:\/\/www.uv.mx\/prensa\/?p=79131"},"modified":"2020-01-17T12:45:39","modified_gmt":"2020-01-17T18:45:39","slug":"anfibios-elemento-importante-en-las-cadenas-ecologicas","status":"publish","type":"post","link":"https:\/\/www.uv.mx\/prensa\/ciencia\/anfibios-elemento-importante-en-las-cadenas-ecologicas\/","title":{"rendered":"Anfibios, elemento importante en las cadenas ecol\u00f3gicas"},"content":{"rendered":"<ul>\n<li data-leveltext=\"\uf0b7\" data-font=\"Symbol\" data-listid=\"1\" data-aria-posinset=\"1\" data-aria-level=\"1\"><i><span data-contrast=\"auto\">El proyecto de investigaci\u00f3n de Montserrat M\u00e9ndez, estudiante de <\/span><\/i><i><span data-contrast=\"auto\">la Maestr\u00eda en Ecolog\u00eda Tropical, busca que estudiantes de bachillerato comprendan la imp<\/span><\/i><i><span data-contrast=\"auto\">ortancia de los anfibios en el ecosistema<\/span><\/i><span data-ccp-props=\"{&quot;134233279&quot;:true}\">\u00a0<\/span><\/li>\n<\/ul>\n<div id=\"attachment_79112\" style=\"width: 732px\" class=\"wp-caption aligncenter\"><a href=\"https:\/\/www.uv.mx\/prensa\/files\/2020\/01\/150120-Montserrat-Mendez.jpg\"><img loading=\"lazy\" decoding=\"async\" aria-describedby=\"caption-attachment-79112\" class=\"size-full wp-image-79112\" src=\"https:\/\/www.uv.mx\/prensa\/files\/2020\/01\/150120-Montserrat-Mendez.jpg\" alt=\"\" width=\"722\" height=\"481\" srcset=\"https:\/\/www.uv.mx\/prensa\/files\/2020\/01\/150120-Montserrat-Mendez.jpg 722w, https:\/\/www.uv.mx\/prensa\/files\/2020\/01\/150120-Montserrat-Mendez-300x200.jpg 300w\" sizes=\"auto, (max-width: 722px) 100vw, 722px\" \/><\/a><p id=\"caption-attachment-79112\" class=\"wp-caption-text\">Montserrat M\u00e9ndez Buvandel<\/p><\/div>\n<p><b><i><span data-contrast=\"auto\">Paola Cort\u00e9s P\u00e9rez<\/span><\/i><\/b><span data-ccp-props=\"{}\">\u00a0<\/span><\/p>\n<p><b><i><span data-contrast=\"auto\">1<\/span><\/i><\/b><b><i><span data-contrast=\"auto\">7<\/span><\/i><\/b><b><i><span data-contrast=\"auto\">\/01\/2020, Xalapa, Ver.-<\/span><\/i><\/b> <span data-contrast=\"auto\">M\u00e9xico es <\/span><span data-contrast=\"auto\">el quinto pa\u00eds m\u00e1s diverso en anfibios, pero tambi\u00e9n tiene mayor<\/span><span data-contrast=\"auto\">es<\/span><span data-contrast=\"auto\"> \u00edndices d<\/span><span data-contrast=\"auto\">e posible extinci\u00f3n<\/span><span data-contrast=\"auto\">, por ello la relevanci<\/span><span data-contrast=\"auto\">a de involucrar a la ciudadan\u00eda <\/span><span data-contrast=\"auto\">\u2013<\/span><span data-contrast=\"auto\">especialmente <\/span><span data-contrast=\"auto\">a<\/span><span data-contrast=\"auto\"> los j\u00f3venes<\/span><span data-contrast=\"auto\">\u2013<\/span><span data-contrast=\"auto\"> en actividades y toma de decisiones en pro de la conservaci\u00f3n de estos organismos, apunt\u00f3 Mo<\/span><span data-contrast=\"auto\">n<\/span><span data-contrast=\"auto\">tserrat M\u00e9ndez <\/span><span data-contrast=\"auto\">Buvandel<\/span><span data-contrast=\"auto\">, estudiante de la Maestr\u00eda en Ecolog\u00eda Tropical del <a href=\"https:\/\/www.uv.mx\/citro\/\">Centro de Investigaciones Tropicales<\/a> (<\/span><i><span data-contrast=\"auto\">Citro<\/span><\/i><span data-contrast=\"auto\">) de la Universidad Veracruzana (UV).<\/span><span data-ccp-props=\"{}\">\u00a0<\/span><\/p>\n<p><span data-contrast=\"auto\">Detall\u00f3 que <\/span><span data-contrast=\"auto\">la Norma Oficial Mexicana <\/span><span data-contrast=\"auto\">059 (<\/span><span data-contrast=\"auto\">que <\/span><span data-contrast=\"auto\">identifica las especies o poblaciones de flora y fauna silvestres en riesgo en el pa\u00eds) de 2010 registraba alrededor del 48 por ciento de los anfibios<\/span><span data-contrast=\"auto\"> en alguna categor\u00eda de riesgo.<\/span><span data-ccp-props=\"{&quot;335559731&quot;:708}\">\u00a0<\/span><\/p>\n<p><span data-contrast=\"auto\">E<\/span><span data-contrast=\"auto\">n 2019, la Lista Roja de Especies Amenazadas de la Uni\u00f3n Internacional para la Conservaci\u00f3n de la Naturaleza (IUCN, por sus siglas en ingl\u00e9s), dio a conocer que la cifra est\u00e1 por arriba del 50 por ciento de anfibios en alguna categor\u00eda de riesgo.<\/span><span data-ccp-props=\"{&quot;335559731&quot;:708}\">\u00a0<\/span><\/p>\n<p><span data-contrast=\"auto\">Por ello, Montserrat M\u00e9ndez desarrolla la tesis <\/span><span data-contrast=\"auto\">\u201c<\/span><span data-contrast=\"auto\">Evaluaci\u00f3n de dos experiencias de documental colaborativo en el cambio de percepci\u00f3n sobre los anfibios de estudiantes de bachillerato en Veracruz, M\u00e9xico<\/span><span data-contrast=\"auto\">\u201d<\/span><span data-contrast=\"auto\">, dirigida por <\/span><span data-contrast=\"auto\">Evodia<\/span><span data-contrast=\"auto\"> Silva Rivera, investigadora del <\/span><i><span data-contrast=\"auto\">Citro<\/span><\/i><span data-contrast=\"auto\">; en ella trabaja con <\/span><span data-contrast=\"auto\">alumnos<\/span><span data-contrast=\"auto\"> de nivel <\/span><span data-contrast=\"auto\">preparatoria <\/span><span data-contrast=\"auto\">para analizar la percepci\u00f3n que tienen de los anfibios.<\/span><span data-ccp-props=\"{&quot;335559731&quot;:708}\">\u00a0<\/span><\/p>\n<p><span data-contrast=\"auto\">El objetivo del proyecto, destac\u00f3, <\/span><span data-contrast=\"auto\">es <\/span><span data-contrast=\"auto\">evaluar el cambio de percepci\u00f3n de estudiantes de bachillerato sobre los anfibios a trav\u00e9s de la elaboraci\u00f3n de documentales colaborativos en el centro de Veracruz.<\/span><span data-ccp-props=\"{&quot;335559731&quot;:708}\">\u00a0<\/span><\/p>\n<p><span data-contrast=\"auto\">Mencion\u00f3 que seleccion\u00f3 este tema de investigaci\u00f3n debido al declive que han sufrido los anfibios desde los a\u00f1os noventa y cada a\u00f1o la IUCN actualiza su lista roja; en 2019 dio a conocer que el 40 por ciento de las especies de anfibios del mundo est\u00e1<\/span><span data-contrast=\"auto\">n<\/span> <span data-contrast=\"auto\">desde amenazados hasta en peligro de<\/span><span data-contrast=\"auto\"> extinci\u00f3n.<\/span><span data-ccp-props=\"{&quot;335559731&quot;:708}\">\u00a0<\/span><\/p>\n<p><span data-contrast=\"auto\">\u201cLos anfibios son un eslab\u00f3n en<\/span> <span data-contrast=\"auto\">la cadena tr\u00f3fica, se alimentan de insectos \u2013que son pura prote\u00edna\u2013<\/span><span data-contrast=\"auto\">;<\/span><span data-contrast=\"auto\"> al no tener pelos,<\/span><span data-contrast=\"auto\"> escamas, u\u00f1as y dientes<\/span><span data-contrast=\"auto\">, no gastan energ\u00eda en ninguna otra cosa m\u00e1s que en sus \u00f3rganos; entonces<\/span><span data-contrast=\"auto\">,<\/span><span data-contrast=\"auto\"> los animales que se los comen capturan mucha prote\u00edna de ellos.<\/span><span data-ccp-props=\"{&quot;335559731&quot;:708}\">\u00a0<\/span><\/p>\n<p><span data-contrast=\"auto\">\u201d<\/span><span data-contrast=\"auto\">P<\/span><span data-contrast=\"auto\">ara los humanos son importantes porque controlan plagas, incluso los renacuajos controlan las poblaciones de algas en los r\u00edos. Por lo tanto, la importancia de los anfibios es alta dentro de las cadenas ecol\u00f3gicas.\u201d<\/span><span data-ccp-props=\"{&quot;335559731&quot;:708}\">\u00a0<\/span><\/p>\n<p><span data-contrast=\"auto\">A prop\u00f3sito de <\/span><span data-contrast=\"auto\">su tesis, coment\u00f3 que <\/span><span data-contrast=\"auto\">al desarrollarla <\/span><span data-contrast=\"auto\">cambi\u00f3 <\/span><span data-contrast=\"auto\">su <\/span><span data-contrast=\"auto\">percepci\u00f3n sobre los adolescentes respecto a que tienen apat\u00eda a determinadas actividades, sobre todo las relacionadas con la escuela.<\/span><span data-ccp-props=\"{&quot;335559731&quot;:708}\">\u00a0<\/span><\/p>\n<p><span data-contrast=\"auto\">\u201cHan tenido una actitud positiva al proyecto de investigaci\u00f3n, estuvieron muy activos; aunque hubo ocasiones en la<\/span><span data-contrast=\"auto\">s<\/span><span data-contrast=\"auto\"> que se cansaron porque tuvieron que investigar, estudiar y razonar cr\u00edticamente. En definitiva, tienen mucho que dar y aportar, tienen una voz que debe hacerse escuchar.\u201d<\/span><span data-ccp-props=\"{&quot;335559731&quot;:708}\">\u00a0<\/span><\/p>\n<p>Al preguntarle si alcanz\u00f3 el objetivo de su tesis, Montserrat M\u00e9ndez dijo que a\u00fan no termina de analizar los resultados, pero hasta el momento s\u00ed\u00a0nota cambios sustanciales en la percepci\u00f3n que tienen los adolescentes de los anfibios.<\/p>\n<p><span data-contrast=\"auto\">\u201cSi bien el objetivo no fue que los amaran o que fueran adoradores de los anfibios, <\/span><span data-contrast=\"auto\">s<\/span><span data-contrast=\"auto\">\u00ed<\/span><span data-contrast=\"auto\"> lo fue propiciar que los estudiantes reconocieran la importancia que tienen dentro del ecosistema, y as\u00ed hacerlos razonar cr\u00edticamente para que las decisiones que tomen sean en pro de la conservaci\u00f3n de estos organismos\u201d, finaliz\u00f3.<\/span><span data-ccp-props=\"{&quot;335559731&quot;:708}\">\u00a0<\/span><\/p>\n","protected":false},"excerpt":{"rendered":"<p>El proyecto de investigaci\u00f3n de Montserrat M\u00e9ndez, estudiante de la Maestr\u00eda en Ecolog\u00eda Tropical, busca que estudiantes de bachillerato comprendan la importancia de los anfibios en el ecosistema\u00a0<\/p>\n","protected":false},"author":1508,"featured_media":79112,"comment_status":"closed","ping_status":"closed","sticky":false,"template":"","format":"standard","meta":{"footnotes":""},"categories":[45],"tags":[],"class_list":["post-79131","post","type-post","status-publish","format-standard","has-post-thumbnail","hentry","category-ciencia"],"_links":{"self":[{"href":"https:\/\/www.uv.mx\/prensa\/wp-json\/wp\/v2\/posts\/79131","targetHints":{"allow":["GET"]}}],"collection":[{"href":"https:\/\/www.uv.mx\/prensa\/wp-json\/wp\/v2\/posts"}],"about":[{"href":"https:\/\/www.uv.mx\/prensa\/wp-json\/wp\/v2\/types\/post"}],"author":[{"embeddable":true,"href":"https:\/\/www.uv.mx\/prensa\/wp-json\/wp\/v2\/users\/1508"}],"replies":[{"embeddable":true,"href":"https:\/\/www.uv.mx\/prensa\/wp-json\/wp\/v2\/comments?post=79131"}],"version-history":[{"count":0,"href":"https:\/\/www.uv.mx\/prensa\/wp-json\/wp\/v2\/posts\/79131\/revisions"}],"wp:featuredmedia":[{"embeddable":true,"href":"https:\/\/www.uv.mx\/prensa\/wp-json\/wp\/v2\/media\/79112"}],"wp:attachment":[{"href":"https:\/\/www.uv.mx\/prensa\/wp-json\/wp\/v2\/media?parent=79131"}],"wp:term":[{"taxonomy":"category","embeddable":true,"href":"https:\/\/www.uv.mx\/prensa\/wp-json\/wp\/v2\/categories?post=79131"},{"taxonomy":"post_tag","embeddable":true,"href":"https:\/\/www.uv.mx\/prensa\/wp-json\/wp\/v2\/tags?post=79131"}],"curies":[{"name":"wp","href":"https:\/\/api.w.org\/{rel}","templated":true}]}}