{"id":78766,"date":"2020-01-08T08:00:03","date_gmt":"2020-01-08T14:00:03","guid":{"rendered":"https:\/\/www.uv.mx\/prensa\/?p=78766"},"modified":"2020-01-08T12:14:07","modified_gmt":"2020-01-08T18:14:07","slug":"con-memoria-del-corazon-celebran-hermandad-entre-japon-y-mexico","status":"publish","type":"post","link":"https:\/\/www.uv.mx\/prensa\/cultura\/con-memoria-del-corazon-celebran-hermandad-entre-japon-y-mexico\/","title":{"rendered":"Con <em>Memoria del coraz\u00f3n<\/em>, celebran hermandad entre Jap\u00f3n y M\u00e9xico"},"content":{"rendered":"<ul>\n<li data-leveltext=\"\uf0b7\" data-font=\"Symbol\" data-listid=\"1\" data-aria-posinset=\"1\" data-aria-level=\"1\"><i><span data-contrast=\"auto\">Se trata de un conjunto escult\u00f3rico ubicado en la ciudad de <\/span><\/i><i><span data-contrast=\"auto\">Otaki<\/span><\/i><i><span data-contrast=\"auto\">, autor\u00eda del japon\u00e9s Ryuichi <\/span><\/i><i><span data-contrast=\"auto\">Yahagi<\/span><\/i><i><span data-contrast=\"auto\"> y el mexicano Jorge Ismael Rodr\u00edguez<\/span><\/i><\/li>\n<\/ul>\n<div id=\"attachment_78767\" style=\"width: 732px\" class=\"wp-caption aligncenter\"><a href=\"https:\/\/www.uv.mx\/prensa\/files\/2020\/01\/070120-Ryuichi-Yahagi-1-100k.jpg\"><img loading=\"lazy\" decoding=\"async\" aria-describedby=\"caption-attachment-78767\" class=\"size-full wp-image-78767\" src=\"https:\/\/www.uv.mx\/prensa\/files\/2020\/01\/070120-Ryuichi-Yahagi-1-100k.jpg\" alt=\"La obra fue financiada por el gobierno de Otaki \" width=\"722\" height=\"481\" srcset=\"https:\/\/www.uv.mx\/prensa\/files\/2020\/01\/070120-Ryuichi-Yahagi-1-100k.jpg 722w, https:\/\/www.uv.mx\/prensa\/files\/2020\/01\/070120-Ryuichi-Yahagi-1-100k-300x200.jpg 300w\" sizes=\"auto, (max-width: 722px) 100vw, 722px\" \/><\/a><p id=\"caption-attachment-78767\" class=\"wp-caption-text\">La obra fue financiada por el gobierno de Otaki<\/p><\/div>\n<p><b><i><span data-contrast=\"auto\">Karina de la Paz Reyes D\u00edaz<\/span><\/i><\/b><span data-ccp-props=\"{&quot;134233279&quot;:true,&quot;201341983&quot;:0,&quot;335559739&quot;:160,&quot;335559740&quot;:240}\">\u00a0<\/span><\/p>\n<p><b><i><span data-contrast=\"auto\">0<\/span><\/i><\/b><b><i><span data-contrast=\"auto\">8<\/span><\/i><\/b><b><i><span data-contrast=\"auto\">\/01\/2020, Xalapa, Ver.- <\/span><\/i><\/b><span data-contrast=\"auto\">Con un conjunto escult\u00f3rico, <\/span><span data-contrast=\"auto\">Otaki<\/span><span data-contrast=\"auto\">, Jap\u00f3n, y M\u00e9xico celebran la amistad que inici\u00f3 en 1609, cuando un gale\u00f3n de la Nueva Espa\u00f1a encall\u00f3 en aquella regi\u00f3n asi\u00e1tica. La obra fue elaborada por el artista Japon\u00e9s Ryuichi <\/span><span data-contrast=\"auto\">Yahagi<\/span><span data-contrast=\"auto\"> en colaboraci\u00f3n con su colega mexicano Jorge Ismael Rodr\u00edguez.<\/span><span data-ccp-props=\"{&quot;134233279&quot;:true,&quot;201341983&quot;:0,&quot;335559739&quot;:160,&quot;335559740&quot;:240}\">\u00a0<\/span><\/p>\n<p><span data-contrast=\"auto\">Ryuichi<\/span> <span data-contrast=\"auto\">Yahagi<\/span><span data-contrast=\"auto\">, acad\u00e9mico del <a href=\"https:\/\/www.uv.mx\/iap\/\" target=\"_blank\" rel=\"noopener noreferrer\">Instituto de Artes Pl\u00e1sticas<\/a> (IAP) de la Universidad Veracruzana (UV)<\/span><span data-contrast=\"auto\">,<\/span><span data-contrast=\"auto\"> relat\u00f3 que e<\/span><span data-contrast=\"auto\">n septiembre de 1609 (<\/span><span data-contrast=\"auto\">considerado el <\/span><span data-contrast=\"auto\">a\u00f1o 14 de la era <\/span><span data-contrast=\"auto\">japonesa <\/span><span data-contrast=\"auto\">Keich\u014d<\/span><span data-contrast=\"auto\">) el Gale\u00f3n San Francisco, al mando de <\/span><span data-contrast=\"auto\">d<\/span><span data-contrast=\"auto\">on Rodrigo<\/span><span data-contrast=\"auto\"> de Vivero<\/span><span data-contrast=\"auto\">, gobernad<\/span><span data-contrast=\"auto\">or extraordinario de Filipinas, <\/span><span data-contrast=\"auto\">entonces Virreina<\/span><span data-contrast=\"auto\">to de la Nueva Espa\u00f1a<\/span><span data-contrast=\"auto\">, navegaba cerca de costas japonesas cuando una tormenta lo hizo enca<\/span><span data-contrast=\"auto\">llar con m\u00e1s de 350 tripulantes.<\/span><span data-ccp-props=\"{&quot;134233279&quot;:true,&quot;201341983&quot;:0,&quot;335559731&quot;:708,&quot;335559739&quot;:160,&quot;335559740&quot;:240}\">\u00a0<\/span><\/p>\n<p><span data-contrast=\"auto\">D<\/span><span data-contrast=\"auto\">e<\/span><span data-contrast=\"auto\"> ellos,<\/span> <span data-contrast=\"auto\">cerca de<\/span><span data-contrast=\"auto\"> 300 lograron llegar a playas de <\/span><span data-contrast=\"auto\">Iwawada<\/span><span data-contrast=\"auto\">, pueblo de<\/span> <span data-contrast=\"auto\">Onjuku<\/span><span data-contrast=\"auto\">, antes regi\u00f3n de <\/span><span data-contrast=\"auto\">Otaki<\/span><span data-contrast=\"auto\">, quienes <\/span><span data-contrast=\"auto\">regresar<\/span><span data-contrast=\"auto\">on<\/span><span data-contrast=\"auto\"> a M\u00e9xico, luego de que <\/span><span data-contrast=\"auto\">la autoridad japonesa <\/span><span data-contrast=\"auto\">en turno ordenara la constru<\/span><span data-contrast=\"auto\">cci\u00f3n de una nueva embarcaci\u00f3n.<\/span><span data-ccp-props=\"{&quot;134233279&quot;:true,&quot;201341983&quot;:0,&quot;335559731&quot;:708,&quot;335559739&quot;:160,&quot;335559740&quot;:240}\">\u00a0<\/span><\/p>\n<p><span data-contrast=\"auto\">\u201c<\/span><span data-contrast=\"auto\">Los aldeanos, enterados del naufr<\/span><span data-contrast=\"auto\">agio, atendieron amablemente a d<\/span><span data-contrast=\"auto\">on Rodrigo y su tripulaci\u00f3n, y les proporcionaron vestido y alimento. Estos sucesos en el antiguo territorio de <\/span><span data-contrast=\"auto\">Otaki<\/span><span data-contrast=\"auto\"> dieron pauta al hermanamiento del ahora pueblo de <\/span><span data-contrast=\"auto\">Otaki<\/span><span data-contrast=\"auto\"> con la ciudad de Cuernavaca, <\/span><span data-contrast=\"auto\">Morelos, <\/span><span data-contrast=\"auto\">M\u00e9xico. <\/span><span data-contrast=\"auto\">Hoy en d\u00eda<\/span><span data-contrast=\"auto\">, despu\u00e9s de 400 a\u00f1os, seguimos fuertemente unidos e intercambiando cultura.<\/span><span data-contrast=\"auto\">\u201d<\/span><\/p>\n<div id=\"attachment_78768\" style=\"width: 732px\" class=\"wp-caption aligncenter\"><a href=\"https:\/\/www.uv.mx\/prensa\/files\/2020\/01\/070120-Ryuichi-Yahagi-2-100k.jpg\"><img loading=\"lazy\" decoding=\"async\" aria-describedby=\"caption-attachment-78768\" class=\"size-full wp-image-78768\" src=\"https:\/\/www.uv.mx\/prensa\/files\/2020\/01\/070120-Ryuichi-Yahagi-2-100k.jpg\" alt=\"Los materiales empleados son caracter\u00edsticos de ambas naciones: obsidiana y granito\" width=\"722\" height=\"405\" srcset=\"https:\/\/www.uv.mx\/prensa\/files\/2020\/01\/070120-Ryuichi-Yahagi-2-100k.jpg 722w, https:\/\/www.uv.mx\/prensa\/files\/2020\/01\/070120-Ryuichi-Yahagi-2-100k-300x168.jpg 300w\" sizes=\"auto, (max-width: 722px) 100vw, 722px\" \/><\/a><p id=\"caption-attachment-78768\" class=\"wp-caption-text\">Los materiales empleados son caracter\u00edsticos de ambas naciones: obsidiana y granito<\/p><\/div>\n<p><span data-contrast=\"auto\">En marzo de 2019 inici\u00f3 la producci\u00f3n<\/span><span data-contrast=\"auto\"> financia<\/span><span data-contrast=\"auto\">da por el gobierno local de <\/span><span data-contrast=\"auto\">Otaki<\/span><span data-contrast=\"auto\"> y fue inaugurada a finales de octubre del mismo a\u00f1o<\/span><span data-contrast=\"auto\">. Est\u00e1 elaborada con<\/span><span data-contrast=\"auto\"> obsidiana mexicana y granito orienta<\/span><span data-contrast=\"auto\">l, para seguir el sentido <\/span><span data-contrast=\"auto\">de hermandad<\/span><span data-contrast=\"auto\">,<\/span><span data-contrast=\"auto\"> y su nombre es <\/span><i><span data-contrast=\"auto\">Memoria del coraz\u00f3n<\/span><\/i><i><span data-contrast=\"auto\">.<\/span><\/i><span data-ccp-props=\"{&quot;134233279&quot;:true,&quot;201341983&quot;:0,&quot;335559731&quot;:708,&quot;335559739&quot;:160,&quot;335559740&quot;:240}\">\u00a0<\/span><\/p>\n<p><span data-contrast=\"auto\">Se trata de cuatro embarcaciones, tres de dos metros de largo cada una, y una de tres<\/span><span data-contrast=\"auto\"> metros<\/span><span data-contrast=\"auto\">, todas ellas en granito; <\/span><span data-contrast=\"auto\">tambi\u00e9n <\/span><span data-contrast=\"auto\">una escultura de gran tama\u00f1o en obsidiana<\/span><span data-contrast=\"auto\"> \u2013que est\u00e1 colocada<\/span><span data-contrast=\"auto\"> al centro<\/span><span data-contrast=\"auto\">\u2013<\/span><span data-contrast=\"auto\">, y cuatro m\u00e1s <\/span><span data-contrast=\"auto\">de la roca mexicana<\/span><span data-contrast=\"auto\"> coronan cada una de las embarcaciones<\/span><span data-contrast=\"auto\">, cuyo acabado <\/span><span data-contrast=\"auto\">finamente <\/span><span data-contrast=\"auto\">bru\u00f1ido hace l<\/span><span data-contrast=\"auto\">a suerte de un espejo esf\u00e9rico<\/span><span data-contrast=\"auto\">.<\/span><span data-ccp-props=\"{&quot;134233279&quot;:true,&quot;201341983&quot;:0,&quot;335559731&quot;:708,&quot;335559739&quot;:160,&quot;335559740&quot;:240}\">\u00a0<\/span><\/p>\n<p><span data-contrast=\"auto\">\u201cGeneralmente vienen a visitar el Castillo de <\/span><span data-contrast=\"auto\">Otaki<\/span><span data-contrast=\"auto\">, pues est\u00e1 cerca de Tokio. La idea es que la gente pase a este peque\u00f1o parquecito (que est\u00e1 muy cerca de la estaci\u00f3n del tren), se sienten en un barco, toquen las piedras y lean una placa que hay sob<\/span><span data-contrast=\"auto\">re la historia de M\u00e9xico y <\/span><span data-contrast=\"auto\">Otaki<\/span><span data-contrast=\"auto\">.\u201d<\/span><span data-ccp-props=\"{&quot;134233279&quot;:true,&quot;201341983&quot;:0,&quot;335559731&quot;:708,&quot;335559739&quot;:160,&quot;335559740&quot;:240}\">\u00a0<\/span><\/p>\n<p><span data-contrast=\"auto\">P<\/span><span data-contrast=\"auto\">ara este a\u00f1o<\/span><span data-contrast=\"auto\">, <\/span><span data-contrast=\"auto\">Ryuichi<\/span> <span data-contrast=\"auto\">Yahagi<\/span><span data-contrast=\"auto\"> y <\/span><span data-contrast=\"auto\">Jorge Ismael Rodr\u00edguez<\/span><span data-contrast=\"auto\"> trabajar\u00e1n u<\/span><span data-contrast=\"auto\">n libro <\/span><span data-contrast=\"auto\">de artista que documente a detalle este conjunto escult\u00f3r<\/span><span data-contrast=\"auto\">ico que <\/span><span data-contrast=\"auto\">ilustra<\/span> <span data-contrast=\"auto\">la historia de amistad que enlaza a <\/span><span data-contrast=\"auto\">Otaki<\/span><span data-contrast=\"auto\"> y M\u00e9xico.<\/span><\/p>\n<div id=\"attachment_78769\" style=\"width: 732px\" class=\"wp-caption aligncenter\"><a href=\"https:\/\/www.uv.mx\/prensa\/files\/2020\/01\/070120-Ryuichi-Yahagi-3-100k.jpg\"><img loading=\"lazy\" decoding=\"async\" aria-describedby=\"caption-attachment-78769\" class=\"size-full wp-image-78769\" src=\"https:\/\/www.uv.mx\/prensa\/files\/2020\/01\/070120-Ryuichi-Yahagi-3-100k.jpg\" alt=\"Ryuichi Yahagi, acad\u00e9mico del IAP de la UV \" width=\"722\" height=\"478\" srcset=\"https:\/\/www.uv.mx\/prensa\/files\/2020\/01\/070120-Ryuichi-Yahagi-3-100k.jpg 722w, https:\/\/www.uv.mx\/prensa\/files\/2020\/01\/070120-Ryuichi-Yahagi-3-100k-300x199.jpg 300w\" sizes=\"auto, (max-width: 722px) 100vw, 722px\" \/><\/a><p id=\"caption-attachment-78769\" class=\"wp-caption-text\">Ryuichi Yahagi, acad\u00e9mico del IAP de la UV<\/p><\/div>\n","protected":false},"excerpt":{"rendered":"<p>Se trata de un conjunto escult\u00f3rico ubicado en la ciudad de Otaki, autor\u00eda del japon\u00e9s Ryuichi Yahagi y el mexicano Jorge Ismael Rodr\u00edguez <\/p>\n","protected":false},"author":1775,"featured_media":78768,"comment_status":"closed","ping_status":"closed","sticky":false,"template":"","format":"standard","meta":{"footnotes":""},"categories":[11],"tags":[],"class_list":["post-78766","post","type-post","status-publish","format-standard","has-post-thumbnail","hentry","category-cultura"],"_links":{"self":[{"href":"https:\/\/www.uv.mx\/prensa\/wp-json\/wp\/v2\/posts\/78766","targetHints":{"allow":["GET"]}}],"collection":[{"href":"https:\/\/www.uv.mx\/prensa\/wp-json\/wp\/v2\/posts"}],"about":[{"href":"https:\/\/www.uv.mx\/prensa\/wp-json\/wp\/v2\/types\/post"}],"author":[{"embeddable":true,"href":"https:\/\/www.uv.mx\/prensa\/wp-json\/wp\/v2\/users\/1775"}],"replies":[{"embeddable":true,"href":"https:\/\/www.uv.mx\/prensa\/wp-json\/wp\/v2\/comments?post=78766"}],"version-history":[{"count":0,"href":"https:\/\/www.uv.mx\/prensa\/wp-json\/wp\/v2\/posts\/78766\/revisions"}],"wp:featuredmedia":[{"embeddable":true,"href":"https:\/\/www.uv.mx\/prensa\/wp-json\/wp\/v2\/media\/78768"}],"wp:attachment":[{"href":"https:\/\/www.uv.mx\/prensa\/wp-json\/wp\/v2\/media?parent=78766"}],"wp:term":[{"taxonomy":"category","embeddable":true,"href":"https:\/\/www.uv.mx\/prensa\/wp-json\/wp\/v2\/categories?post=78766"},{"taxonomy":"post_tag","embeddable":true,"href":"https:\/\/www.uv.mx\/prensa\/wp-json\/wp\/v2\/tags?post=78766"}],"curies":[{"name":"wp","href":"https:\/\/api.w.org\/{rel}","templated":true}]}}