{"id":78743,"date":"2020-01-08T08:00:53","date_gmt":"2020-01-08T14:00:53","guid":{"rendered":"https:\/\/www.uv.mx\/prensa\/?p=78743"},"modified":"2020-01-08T11:11:14","modified_gmt":"2020-01-08T17:11:14","slug":"vitelio-ahumada-un-campeon-para-la-historia","status":"publish","type":"post","link":"https:\/\/www.uv.mx\/prensa\/deportes\/vitelio-ahumada-un-campeon-para-la-historia\/","title":{"rendered":"Vitelio Ahumada, un campe\u00f3n para la historia"},"content":{"rendered":"<ul>\n<li data-leveltext=\"\uf0b7\" data-font=\"Symbol\" data-listid=\"2\" data-aria-posinset=\"1\" data-aria-level=\"1\"><i><span data-contrast=\"auto\">Suma 235 medallas en torneos de nataci\u00f3n, defendiendo l<\/span><\/i><i><span data-contrast=\"auto\">os colores<\/span><\/i><i><span data-contrast=\"auto\"> de <\/span><\/i><span data-contrast=\"auto\">Halcones<\/span><i><span data-contrast=\"auto\"> UV<\/span><\/i><span data-ccp-props=\"{&quot;201341983&quot;:0,&quot;335559739&quot;:0,&quot;335559740&quot;:240}\">\u00a0<\/span><\/li>\n<\/ul>\n<div id=\"attachment_78749\" style=\"width: 732px\" class=\"wp-caption aligncenter\"><a href=\"https:\/\/www.uv.mx\/prensa\/files\/2020\/01\/080120-Vitelio.jpg\"><img loading=\"lazy\" decoding=\"async\" aria-describedby=\"caption-attachment-78749\" class=\"size-full wp-image-78749\" src=\"https:\/\/www.uv.mx\/prensa\/files\/2020\/01\/080120-Vitelio.jpg\" alt=\"\" width=\"722\" height=\"481\" srcset=\"https:\/\/www.uv.mx\/prensa\/files\/2020\/01\/080120-Vitelio.jpg 722w, https:\/\/www.uv.mx\/prensa\/files\/2020\/01\/080120-Vitelio-300x200.jpg 300w\" sizes=\"auto, (max-width: 722px) 100vw, 722px\" \/><\/a><p id=\"caption-attachment-78749\" class=\"wp-caption-text\">Vitelio Ahumada, al centro, con la titular de la DADUV, Maribel Barradas, y el coordinador de los equipos representativos de Halcones UV, Jer\u00f3nimo Guzm\u00e1n<\/p><\/div>\n<p><b><i><span data-contrast=\"auto\">Santiago Morales Ortiz<\/span><\/i><\/b><span data-ccp-props=\"{&quot;201341983&quot;:0,&quot;335559739&quot;:0,&quot;335559740&quot;:240}\">\u00a0<\/span><\/p>\n<p><b><i><span data-contrast=\"auto\">08\/01\/<\/span><\/i><\/b><b><i><span data-contrast=\"auto\">20<\/span><\/i><\/b><b><i><span data-contrast=\"auto\">20, X<\/span><\/i><\/b><b><i><span data-contrast=\"auto\">alapa<\/span><\/i><\/b><b><i><span data-contrast=\"auto\">, Ver.-<\/span><\/i><\/b> <span data-contrast=\"auto\">Veterano de mil ba<\/span><span data-contrast=\"auto\">tallas, Vitelio Ahumada S\u00e1nchez<\/span><span data-contrast=\"auto\"> suma 235 medallas en torneos nacionales e internacionales<\/span><span data-contrast=\"auto\"> de nataci\u00f3n<\/span><span data-contrast=\"auto\">, defendiendo los colores de la Universidad Veracruzana<\/span><span data-contrast=\"auto\"> (UV)<\/span><span data-contrast=\"auto\">.<\/span><span data-ccp-props=\"{&quot;201341983&quot;:0,&quot;335559739&quot;:0,&quot;335559740&quot;:240}\">\u00a0<\/span><\/p>\n<p><span data-contrast=\"auto\">A s<\/span><span data-contrast=\"auto\">u colecci\u00f3n de <\/span><span data-contrast=\"auto\">preseas <\/span><span data-contrast=\"auto\">que ha acumulado en su trayectoria de <\/span><span data-contrast=\"auto\">12<\/span><span data-contrast=\"auto\"> a\u00f1os<\/span><span data-contrast=\"auto\">, <\/span><span data-contrast=\"auto\">Ahumada S\u00e1nchez<\/span> <span data-contrast=\"auto\">sum\u00f3 cinco m\u00e1s en los pasados <\/span><span data-contrast=\"auto\">Juegos Nacionales M\u00e1<\/span><span data-contrast=\"auto\">ster Curso Corto, celebrados en Emiliano Zapata, Morelos.<\/span><span data-ccp-props=\"{&quot;201341983&quot;:0,&quot;335559731&quot;:708,&quot;335559739&quot;:0,&quot;335559740&quot;:240}\">\u00a0<\/span><\/p>\n<p><span data-contrast=\"auto\">El destacado nadador de<\/span> <i><span data-contrast=\"auto\">Halcones<\/span><\/i> <span data-contrast=\"auto\">UV<\/span><span data-contrast=\"auto\"> visit\u00f3 a la titular de<\/span> <span data-contrast=\"auto\">la <a href=\"https:\/\/www.uv.mx\/daduv\/\" target=\"_blank\" rel=\"noopener noreferrer\">Direcci\u00f3n<\/a><\/span><span data-contrast=\"auto\"> de Actividades Deportivas de la Universidad Veracruzana<\/span><span data-contrast=\"auto\"> (DADUV)<\/span><span data-contrast=\"auto\">, Maribel Barradas Landa, para mostrarle las preseas logradas<\/span><span data-contrast=\"auto\">.<\/span><span data-ccp-props=\"{&quot;201341983&quot;:0,&quot;335559731&quot;:708,&quot;335559739&quot;:0,&quot;335559740&quot;:240}\">\u00a0<\/span><\/p>\n<p><span data-contrast=\"auto\">Coment\u00f3 <\/span><span data-contrast=\"auto\">que<\/span><span data-contrast=\"auto\">,<\/span><span data-contrast=\"auto\"> en la justa nacional, que avala la Federaci\u00f3n Mexicana de Nataci\u00f3n, tomaron parte m\u00e1s de mil participantes de los clubes m\u00e1s importantes del pa\u00eds.<\/span><span data-ccp-props=\"{&quot;201341983&quot;:0,&quot;335559731&quot;:708,&quot;335559739&quot;:0,&quot;335559740&quot;:240}\">\u00a0<\/span><\/p>\n<p><span data-contrast=\"auto\">Ahumada S\u00e1nchez logr\u00f3 una medalla de oro, en los 800 metros crol; dos medallas de plata en los 400 y 200 metros libres; adem\u00e1s <\/span><span data-contrast=\"auto\">de un <\/span><span data-contrast=\"auto\">par de bronces, en 200 y 50 metros misma modalidad, en la categor\u00eda de elementos de 70-74 a\u00f1os de edad.<\/span><span data-ccp-props=\"{&quot;201341983&quot;:0,&quot;335559731&quot;:708,&quot;335559739&quot;:0,&quot;335559740&quot;:240}\">\u00a0<\/span><\/p>\n<p><span data-contrast=\"auto\">S<\/span><span data-contrast=\"auto\">e\u00f1al\u00f3 que con este<\/span><span data-contrast=\"auto\"> evento<\/span><span data-contrast=\"auto\"> cerr<\/span><span data-contrast=\"auto\">\u00f3<\/span><span data-contrast=\"auto\"> su ciclo de competencias de <\/span><span data-contrast=\"auto\">2019<\/span><span data-contrast=\"auto\"> y <\/span><span data-contrast=\"auto\">en lo que resta del a\u00f1o tendr\u00e1 descanso activo, haciendo un poco de atletismo para mantenerse en forma, ya que el 13 de enero de 2020 volver\u00e1 a las compet<\/span><span data-contrast=\"auto\">encias al tomar parte en los <\/span><span data-contrast=\"auto\">Nacionales Curso Corto y La<\/span><span data-contrast=\"auto\">rgo de Nataci\u00f3n;<\/span><span data-contrast=\"auto\"> adem\u00e1s<\/span><span data-contrast=\"auto\">,<\/span><span data-contrast=\"auto\"> tiene planeado competir en el Campeonato Panamericano de Nataci\u00f3n a celebrarse en Medell\u00edn, Colombia, a mediados del pr\u00f3ximo a\u00f1o.<\/span><span data-ccp-props=\"{&quot;201341983&quot;:0,&quot;335559731&quot;:708,&quot;335559739&quot;:0,&quot;335559740&quot;:240}\">\u00a0<\/span><\/p>\n<p><span data-contrast=\"auto\">De la vasta experiencia que tiene en las competencias, <\/span><span data-contrast=\"auto\">resalt\u00f3 el oro y bronce<\/span><span data-contrast=\"auto\"> conquistado en Juegos Panamericanos de 2010; adem\u00e1s de partic<\/span><span data-contrast=\"auto\">ipar en el Campeonato Mundial M\u00e1<\/span><span data-contrast=\"auto\">ster de Nataci\u00f3n, en Budapest, Hungr\u00eda, <\/span><span data-contrast=\"auto\">que lo<\/span><span data-contrast=\"auto\"> ubic\u00f3 en el lugar 16 del <\/span><i><span data-contrast=\"auto\">ranking<\/span><\/i><span data-contrast=\"auto\"> mundial<\/span><span data-contrast=\"auto\"> en su categor\u00eda.<\/span><span data-ccp-props=\"{&quot;201341983&quot;:0,&quot;335559731&quot;:708,&quot;335559739&quot;:0,&quot;335559740&quot;:240}\">\u00a0<\/span><\/p>\n","protected":false},"excerpt":{"rendered":"<p>Suma 235 medallas en torneos de nataci\u00f3n, defendiendo los colores de <em>Halcones<\/em> UV <\/p>\n","protected":false},"author":1508,"featured_media":78749,"comment_status":"closed","ping_status":"closed","sticky":false,"template":"","format":"standard","meta":{"footnotes":""},"categories":[12],"tags":[],"class_list":["post-78743","post","type-post","status-publish","format-standard","has-post-thumbnail","hentry","category-deportes"],"_links":{"self":[{"href":"https:\/\/www.uv.mx\/prensa\/wp-json\/wp\/v2\/posts\/78743","targetHints":{"allow":["GET"]}}],"collection":[{"href":"https:\/\/www.uv.mx\/prensa\/wp-json\/wp\/v2\/posts"}],"about":[{"href":"https:\/\/www.uv.mx\/prensa\/wp-json\/wp\/v2\/types\/post"}],"author":[{"embeddable":true,"href":"https:\/\/www.uv.mx\/prensa\/wp-json\/wp\/v2\/users\/1508"}],"replies":[{"embeddable":true,"href":"https:\/\/www.uv.mx\/prensa\/wp-json\/wp\/v2\/comments?post=78743"}],"version-history":[{"count":0,"href":"https:\/\/www.uv.mx\/prensa\/wp-json\/wp\/v2\/posts\/78743\/revisions"}],"wp:featuredmedia":[{"embeddable":true,"href":"https:\/\/www.uv.mx\/prensa\/wp-json\/wp\/v2\/media\/78749"}],"wp:attachment":[{"href":"https:\/\/www.uv.mx\/prensa\/wp-json\/wp\/v2\/media?parent=78743"}],"wp:term":[{"taxonomy":"category","embeddable":true,"href":"https:\/\/www.uv.mx\/prensa\/wp-json\/wp\/v2\/categories?post=78743"},{"taxonomy":"post_tag","embeddable":true,"href":"https:\/\/www.uv.mx\/prensa\/wp-json\/wp\/v2\/tags?post=78743"}],"curies":[{"name":"wp","href":"https:\/\/api.w.org\/{rel}","templated":true}]}}