{"id":78713,"date":"2020-01-07T10:15:13","date_gmt":"2020-01-07T16:15:13","guid":{"rendered":"https:\/\/www.uv.mx\/prensa\/?p=78713"},"modified":"2020-01-07T12:44:30","modified_gmt":"2020-01-07T18:44:30","slug":"egresadas-uv-y-asociacion-civil-realizaron-campana-inclusiva","status":"publish","type":"post","link":"https:\/\/www.uv.mx\/prensa\/banner\/egresadas-uv-y-asociacion-civil-realizaron-campana-inclusiva\/","title":{"rendered":"Egresadas UV y asociaci\u00f3n civil realizaron campa\u00f1a inclusiva"},"content":{"rendered":"<ul>\n<li><em><span class=\"TextRun BCX2 SCXW114336189\" lang=\"ES-MX\" xml:lang=\"ES-MX\" data-contrast=\"auto\"><span class=\"NormalTextRun BCX2 SCXW114336189\">La campa\u00f1a \u201cYo incluyo: c<\/span><\/span><span class=\"TextRun BCX2 SCXW114336189\" lang=\"ES-MX\" xml:lang=\"ES-MX\" data-contrast=\"auto\"><span class=\"NormalTextRun BCX2 SCXW114336189\">onstruyendo ciudades inclusivas\u201d t<span class=\"TextRun SCXW42591671 BCX2\" lang=\"ES-MX\" xml:lang=\"ES-MX\" data-contrast=\"auto\"><span class=\"NormalTextRun SCXW42591671 BCX2\">uvo lugar <\/span><\/span><span class=\"TextRun SCXW42591671 BCX2\" lang=\"ES-MX\" xml:lang=\"ES-MX\" data-contrast=\"auto\"><span class=\"NormalTextRun SCXW42591671 BCX2\">en la Unidad Acad\u00e9mica de Artes, <\/span><\/span><span class=\"TextRun SCXW42591671 BCX2\" lang=\"ES-MX\" xml:lang=\"ES-MX\" data-contrast=\"auto\"><span class=\"NormalTextRun SCXW42591671 BCX2\">con el objetivo de sensibilizar a docentes y estudiantes sobre la inclusi\u00f3n de las personas ciegas y d\u00e9biles visuales<\/span><\/span><br \/>\n<\/span><\/span><\/em><\/li>\n<\/ul>\n<div id=\"attachment_78716\" style=\"width: 732px\" class=\"wp-caption aligncenter\"><a href=\"https:\/\/www.uv.mx\/prensa\/files\/2020\/01\/070120-Artes-1.jpg\"><img loading=\"lazy\" decoding=\"async\" aria-describedby=\"caption-attachment-78716\" class=\"size-full wp-image-78716\" src=\"https:\/\/www.uv.mx\/prensa\/files\/2020\/01\/070120-Artes-1.jpg\" alt=\"\" width=\"722\" height=\"481\" srcset=\"https:\/\/www.uv.mx\/prensa\/files\/2020\/01\/070120-Artes-1.jpg 722w, https:\/\/www.uv.mx\/prensa\/files\/2020\/01\/070120-Artes-1-300x200.jpg 300w\" sizes=\"auto, (max-width: 722px) 100vw, 722px\" \/><\/a><p id=\"caption-attachment-78716\" class=\"wp-caption-text\">Funcionarios universitarios e integrantes de la asociaci\u00f3n civil<\/p><\/div>\n<p><b><i><span data-contrast=\"auto\">Paola Cort\u00e9s P\u00e9rez<\/span><\/i><\/b><\/p>\n<p><b><i><span data-contrast=\"auto\">07<\/span><\/i><\/b><b><i><span data-contrast=\"auto\">\/<\/span><\/i><\/b><b><i><span data-contrast=\"auto\">0<\/span><\/i><\/b><b><i><span data-contrast=\"auto\">1<\/span><\/i><\/b><b><i><span data-contrast=\"auto\">\/2020<\/span><\/i><\/b><b><i><span data-contrast=\"auto\">, Xalapa, Ver.-<\/span><\/i><\/b> <span data-contrast=\"auto\">Estudiantes de la <a href=\"https:\/\/www.uv.mx\/artesplasticas\/\" target=\"_blank\" rel=\"noopener noreferrer\">Facultad de Artes<\/a> de la Universidad Veracruzana (UV) <\/span><span data-contrast=\"auto\">y de <\/span><span data-contrast=\"auto\">la asociaci\u00f3n civil <\/span><span data-contrast=\"auto\">Estudiantes o T<\/span><span data-contrast=\"auto\">rabajadores <\/span><span data-contrast=\"auto\">C<\/span><span data-contrast=\"auto\">iegos y <\/span><span data-contrast=\"auto\">D<\/span><span data-contrast=\"auto\">\u00e9biles <\/span><span data-contrast=\"auto\">V<\/span><span data-contrast=\"auto\">isuales del Estado de Veracruz (ETCDVEV, A.C<\/span><span data-contrast=\"auto\">.<\/span><span data-contrast=\"auto\">)<\/span><span data-contrast=\"auto\"> presenta<\/span><span data-contrast=\"auto\">ron <\/span><span data-contrast=\"auto\">la campa\u00f1a <\/span><span data-contrast=\"auto\">\u201cYo incluyo: c<\/span><span data-contrast=\"auto\">onstruyendo ciudades inclusivas\u201d en la <\/span><span data-contrast=\"auto\">explanada de la <\/span><span data-contrast=\"auto\">Unidad <\/span><span data-contrast=\"auto\">Acad\u00e9mica de Artes.<\/span><span data-ccp-props=\"{}\">\u00a0<\/span><\/p>\n<p><span data-contrast=\"auto\">La actividad, que tuvo por objetivo sensibilizar a los estudiantes y acad\u00e9micos sobre la manera en que las personas ciegas y d\u00e9biles visuales experimentan el mundo, consisti\u00f3 en hacer un recorrido por parejas, uno fue gu\u00eda vidente y otro una persona vendada<\/span><span data-contrast=\"auto\">,<\/span><span data-contrast=\"auto\"> esto a fin de experimentar la realidad de los ciegos y\/o d\u00e9biles visuales.<\/span><span data-ccp-props=\"{&quot;335559731&quot;:708}\">\u00a0<\/span><\/p>\n<p><span data-contrast=\"auto\">Alma Evelia Rodr\u00edguez Luna, <\/span><span data-contrast=\"auto\">presidenta de <\/span><span data-contrast=\"auto\">ETCDVEV, A.C.<\/span><span data-contrast=\"auto\">, coment\u00f3 que esta actividad tiene como finalidad que la sociedad tome conciencia y conozca las posibilidades reales que una persona con discapacidad tiene para incluirse educativa y socialmente.<\/span><span data-ccp-props=\"{&quot;335559731&quot;:708}\">\u00a0<\/span><\/p>\n<p><span data-contrast=\"auto\">\u201cAgradecemos al director general del \u00c1rea Acad\u00e9mica de Artes, Miguel Flores Covarrubias, por la apertura en esta unidad acad\u00e9mica para <\/span><span data-contrast=\"auto\">que <\/span><span data-contrast=\"auto\">los docentes y estudiantes conozcan y se sumen a la campa\u00f1a \u2018Yo incluyo: construyendo ciudades inclusiva<\/span><span data-contrast=\"auto\">s\u2019, es importante que tomen con<\/span><span data-contrast=\"auto\">ciencia de que las personas con discapacidad deben ser visibilizadas.\u201d<\/span><span data-ccp-props=\"{&quot;335559731&quot;:708}\">\u00a0<\/span><\/p>\n<p><span data-contrast=\"auto\">Por su parte, Miguel Flores celebr\u00f3 que <\/span><span data-contrast=\"auto\">las organizadoras <\/span><span data-contrast=\"auto\">fueran egresadas de la Facultad de Artes Pl\u00e1<\/span><span data-contrast=\"auto\">s<\/span><span data-contrast=\"auto\">ticas y a\u00f1adi\u00f3 que es un tema en el que docentes deben prepararse para saber guiar a los estudiantes con discapacidad.<\/span><span data-ccp-props=\"{&quot;335559731&quot;:708}\">\u00a0<\/span><\/p>\n<p><span data-contrast=\"auto\">Alexa Sald\u00edvar N\u00fa\u00f1ez<\/span> <span data-contrast=\"auto\">y Jessica <\/span><span data-contrast=\"auto\">Lizeth<\/span><span data-contrast=\"auto\"> Soler <\/span><span data-contrast=\"auto\">Bal\u00e1n<\/span><span data-contrast=\"auto\">,<\/span> <span data-contrast=\"auto\">egresada<\/span><span data-contrast=\"auto\">s de los<\/span><span data-contrast=\"auto\"> programa<\/span><span data-contrast=\"auto\">s<\/span><span data-contrast=\"auto\"> educativo<\/span><span data-contrast=\"auto\">s<\/span> <span data-contrast=\"auto\">de Artes Visuales<\/span> <span data-contrast=\"auto\">y<\/span><span data-contrast=\"auto\"> de Dise\u00f1o de la Comunicaci\u00f3n, <\/span><span data-contrast=\"auto\">respectivamente, <\/span><span data-contrast=\"auto\">trabaj<\/span><span data-contrast=\"auto\">an en el proyecto <\/span><a href=\"https:\/\/www.uv.mx\/prensa\/banner\/egresadas-uv-muestran-importancia-del-arte-para-lograr-ciudades-inclusivas\/\"><span data-contrast=\"none\">Haptizar<\/span> <span data-contrast=\"none\">Map<\/span><\/a><span data-contrast=\"auto\">, el cual es apoyado por ETCDVEV, A.C., <\/span><span data-contrast=\"auto\">por lo<\/span><span data-contrast=\"auto\"> que decidieron llevar a <\/span><span data-contrast=\"auto\">cabo esta actividad como parte de la campa\u00f1a \u201cYo incluyo: Construyendo ciudades inclusivas\u201d.<\/span><span data-ccp-props=\"{&quot;335559731&quot;:708}\">\u00a0<\/span><\/p>\n<p><span data-contrast=\"auto\">Cabe mencionar que <\/span><span data-contrast=\"auto\">Haptizar<\/span> <span data-contrast=\"auto\">Map<\/span><span data-contrast=\"auto\"> es una propuesta que consiste en el dise\u00f1o de mapas <\/span><span data-contrast=\"auto\">h\u00e1pticos<\/span><span data-contrast=\"auto\">, cuya finalidad es facilitar la circulaci\u00f3n de personas ciegas o d\u00e9biles visuales en espacios urbanos, as\u00ed como en instituciones p\u00fablicas o privadas.<\/span><span data-ccp-props=\"{&quot;335559731&quot;:708}\">\u00a0<\/span><\/p>\n<div id=\"attachment_78715\" style=\"width: 732px\" class=\"wp-caption aligncenter\"><a href=\"https:\/\/www.uv.mx\/prensa\/files\/2020\/01\/070120-Artes-2.jpg\"><img loading=\"lazy\" decoding=\"async\" aria-describedby=\"caption-attachment-78715\" class=\"size-full wp-image-78715\" src=\"https:\/\/www.uv.mx\/prensa\/files\/2020\/01\/070120-Artes-2.jpg\" alt=\"\" width=\"722\" height=\"481\" srcset=\"https:\/\/www.uv.mx\/prensa\/files\/2020\/01\/070120-Artes-2.jpg 722w, https:\/\/www.uv.mx\/prensa\/files\/2020\/01\/070120-Artes-2-300x200.jpg 300w\" sizes=\"auto, (max-width: 722px) 100vw, 722px\" \/><\/a><p id=\"caption-attachment-78715\" class=\"wp-caption-text\">Gu\u00edas y personas ciegas realizaron recorridos en pareja<\/p><\/div>\n","protected":false},"excerpt":{"rendered":"<p>Presentaron la campa\u00f1a \u201cYo incluyo: construyendo ciudades inclusivas\u201d en la explanada de la Unidad Acad\u00e9mica de Artes<\/p>\n","protected":false},"author":1508,"featured_media":78714,"comment_status":"closed","ping_status":"closed","sticky":false,"template":"","format":"standard","meta":{"footnotes":""},"categories":[61],"tags":[],"class_list":["post-78713","post","type-post","status-publish","format-standard","has-post-thumbnail","hentry","category-banner"],"_links":{"self":[{"href":"https:\/\/www.uv.mx\/prensa\/wp-json\/wp\/v2\/posts\/78713","targetHints":{"allow":["GET"]}}],"collection":[{"href":"https:\/\/www.uv.mx\/prensa\/wp-json\/wp\/v2\/posts"}],"about":[{"href":"https:\/\/www.uv.mx\/prensa\/wp-json\/wp\/v2\/types\/post"}],"author":[{"embeddable":true,"href":"https:\/\/www.uv.mx\/prensa\/wp-json\/wp\/v2\/users\/1508"}],"replies":[{"embeddable":true,"href":"https:\/\/www.uv.mx\/prensa\/wp-json\/wp\/v2\/comments?post=78713"}],"version-history":[{"count":0,"href":"https:\/\/www.uv.mx\/prensa\/wp-json\/wp\/v2\/posts\/78713\/revisions"}],"wp:featuredmedia":[{"embeddable":true,"href":"https:\/\/www.uv.mx\/prensa\/wp-json\/wp\/v2\/media\/78714"}],"wp:attachment":[{"href":"https:\/\/www.uv.mx\/prensa\/wp-json\/wp\/v2\/media?parent=78713"}],"wp:term":[{"taxonomy":"category","embeddable":true,"href":"https:\/\/www.uv.mx\/prensa\/wp-json\/wp\/v2\/categories?post=78713"},{"taxonomy":"post_tag","embeddable":true,"href":"https:\/\/www.uv.mx\/prensa\/wp-json\/wp\/v2\/tags?post=78713"}],"curies":[{"name":"wp","href":"https:\/\/api.w.org\/{rel}","templated":true}]}}