{"id":78602,"date":"2020-01-04T08:03:53","date_gmt":"2020-01-04T14:03:53","guid":{"rendered":"https:\/\/www.uv.mx\/prensa\/?p=78602"},"modified":"2020-01-06T11:13:00","modified_gmt":"2020-01-06T17:13:00","slug":"personas-estresadas-liberan-mas-cortisol","status":"publish","type":"post","link":"https:\/\/www.uv.mx\/prensa\/ciencia\/personas-estresadas-liberan-mas-cortisol\/","title":{"rendered":"Personas estresadas liberan m\u00e1s cortisol"},"content":{"rendered":"<ul>\n<li data-leveltext=\"\uf0b7\" data-font=\"Symbol\" data-listid=\"1\" data-aria-posinset=\"1\" data-aria-level=\"1\"><i><span data-contrast=\"auto\">Estudios con cirujanos<\/span><\/i><i><span data-contrast=\"auto\">,<\/span><\/i><i><span data-contrast=\"auto\"> cuidadoras de enfermos y discapacitados demuestran que<\/span><\/i><i><span data-contrast=\"auto\"> sus niveles de<\/span><\/i><i><span data-contrast=\"auto\"> esta hormona<\/span><\/i><i><span data-contrast=\"auto\"> son altos<\/span><\/i><span data-ccp-props=\"{&quot;134233279&quot;:true,&quot;201341983&quot;:0,&quot;335559739&quot;:160,&quot;335559740&quot;:240}\">\u00a0<\/span><\/li>\n<li data-leveltext=\"\uf0b7\" data-font=\"Symbol\" data-listid=\"1\" data-aria-posinset=\"2\" data-aria-level=\"1\"><i><span data-contrast=\"auto\">El investigador Carlos Contreras se\u00f1al\u00f3 que 14 por ciento de la poblaci\u00f3n padece depresi\u00f3n <\/span><\/i><i><span data-contrast=\"auto\">y<\/span><\/i><i><span data-contrast=\"auto\"> una cuarta parte de este porcentaje se suicida<\/span><\/i><\/li>\n<\/ul>\n<div id=\"attachment_78603\" style=\"width: 732px\" class=\"wp-caption aligncenter\"><a href=\"https:\/\/www.uv.mx\/prensa\/files\/2020\/01\/040120-CORTISOL.jpg\"><img loading=\"lazy\" decoding=\"async\" aria-describedby=\"caption-attachment-78603\" class=\"size-full wp-image-78603\" src=\"https:\/\/www.uv.mx\/prensa\/files\/2020\/01\/040120-CORTISOL.jpg\" alt=\"\" width=\"722\" height=\"481\" srcset=\"https:\/\/www.uv.mx\/prensa\/files\/2020\/01\/040120-CORTISOL.jpg 722w, https:\/\/www.uv.mx\/prensa\/files\/2020\/01\/040120-CORTISOL-300x200.jpg 300w\" sizes=\"auto, (max-width: 722px) 100vw, 722px\" \/><\/a><p id=\"caption-attachment-78603\" class=\"wp-caption-text\">Carlos Manuel Contreras P\u00e9rez, investigador del Instituto de Neuroetolog\u00eda<\/p><\/div>\n<p><b><i><span data-contrast=\"auto\">Claudia Peralta V\u00e1zquez<\/span><\/i><\/b><span data-ccp-props=\"{&quot;201341983&quot;:0,&quot;335559739&quot;:160,&quot;335559740&quot;:240}\">\u00a0<\/span><\/p>\n<p><b><i><span data-contrast=\"auto\">04\/01\/2020, Xalapa, <\/span><\/i><\/b><b><i><span data-contrast=\"auto\">Ver.-<\/span><\/i><\/b> <span data-contrast=\"auto\">El cortisol es una sustancia generada por los mam\u00edferos<\/span><span data-contrast=\"auto\"> y animales de otras clases<\/span><span data-contrast=\"auto\">; sin embargo, una persona en situaci\u00f3n de estr\u00e9s libera dicha hormona en una mayor proporci\u00f3n, desencaden\u00e1ndose consecuencias que van desde la aparici\u00f3n de \u00falceras e hipertensi\u00f3n arterial hasta muerte temprana, es decir todo lo que se conoce como s\u00edndrome de Cushing.<\/span><span data-ccp-props=\"{&quot;201341983&quot;:0,&quot;335559739&quot;:160,&quot;335559740&quot;:240}\">\u00a0<\/span><\/p>\n<p><span data-contrast=\"auto\">Carlos Manuel Contreras P\u00e9rez,<\/span> <span data-contrast=\"auto\">investigador del <a href=\"https:\/\/www.uv.mx\/neuro\/\" target=\"_blank\" rel=\"noopener noreferrer\">Instituto de <\/a><\/span><span data-contrast=\"auto\">Neuroetolog\u00eda<\/span><span data-contrast=\"auto\"> de la Universidad Veracruzana (UV), d<\/span><span data-contrast=\"auto\">ijo que al tratar de identificar las sustancias que reaccionan cuando una persona est\u00e1 en condici\u00f3n de estr\u00e9s<\/span><span data-contrast=\"auto\">, en un inicio se empez\u00f3 a trabajar con adrenalina<\/span><span data-contrast=\"auto\">, respuesta general del estr\u00e9s, p<\/span><span data-contrast=\"auto\">ero con el tiempo se supo del cortisol, mejor conocido como cortisona (en su presentaci\u00f3n sint\u00e9tica), cuya liberaci\u00f3n m\u00e1xima es durante las primeras horas del d\u00eda.<\/span><span data-ccp-props=\"{&quot;201341983&quot;:0,&quot;335559739&quot;:160,&quot;335559740&quot;:240}\">\u00a0<\/span><\/p>\n<p><span data-contrast=\"auto\">El cient\u00edfico, <\/span><span data-contrast=\"auto\">egres<\/span><span data-contrast=\"auto\">ado de <\/span><span data-contrast=\"auto\">la carrera de Medicina en la <\/span><span data-contrast=\"auto\">Universidad Nac<\/span><span data-contrast=\"auto\">ional Aut\u00f3noma de M\u00e9xico (UNAM)<\/span><span data-contrast=\"auto\"> y<\/span><span data-contrast=\"auto\"> con<\/span> <span data-contrast=\"auto\">D<\/span><span data-contrast=\"auto\">octorado en Ciencias Fisiol\u00f3gicas por la misma instituci\u00f3n<\/span><span data-contrast=\"auto\">, trabaja en esta l\u00ednea de estudio desde hace m\u00e1s de 40 a\u00f1os<\/span><span data-contrast=\"auto\"> y<\/span><span data-contrast=\"auto\"> explic\u00f3 que hoy en d\u00eda se sabe que el mejor analg\u00e9sico desinflamatorio que conocemos es la cortisona y sus 40 derivados.<\/span><span data-ccp-props=\"{&quot;201341983&quot;:0,&quot;335559731&quot;:708,&quot;335559739&quot;:160,&quot;335559740&quot;:240}\">\u00a0<\/span><\/p>\n<p><span data-contrast=\"auto\">Sin embargo, para el ser humano el cortisol no es ben\u00e9fico, por el contrario, tiene efectos colaterales tales como \u00falceras e hipertensi\u00f3n arteri<\/span><span data-contrast=\"auto\">a<\/span><span data-contrast=\"auto\">l<\/span><span data-contrast=\"auto\">, l<\/span><span data-contrast=\"auto\">o que se conoce como s\u00edndrome de Cushing, el cual se desencadena cuando hay un exceso de esta hormona producida por las gl\u00e1ndulas adrenales.<\/span><span data-ccp-props=\"{&quot;201341983&quot;:0,&quot;335559731&quot;:708,&quot;335559739&quot;:160,&quot;335559740&quot;:240}\">\u00a0<\/span><\/p>\n<p><span data-contrast=\"auto\">\u201cS<\/span><span data-contrast=\"auto\">uponemos que<\/span><span data-contrast=\"auto\">,<\/span><span data-contrast=\"auto\"> a trav\u00e9s de un proceso de selecci\u00f3n natural, el cual ocurre en todas las especies, <\/span><span data-contrast=\"auto\">se ha determinado que haya ciertas condiciones enca<\/span><span data-contrast=\"auto\">minadas hacia la supervivencia.\u201d<\/span><span data-ccp-props=\"{&quot;201341983&quot;:0,&quot;335559731&quot;:708,&quot;335559739&quot;:160,&quot;335559740&quot;:240}\">\u00a0<\/span><\/p>\n<p><span data-contrast=\"auto\">Reiter\u00f3 que la generaci\u00f3n del cortisol es una r<\/span><span data-contrast=\"auto\">espuesta que p<\/span><span data-contrast=\"auto\">ertenece a varias especies y prepara al organismo de los individuos para el d\u00eda y para<\/span><span data-contrast=\"auto\"> una eventualidad de estr\u00e9s.<\/span><span data-ccp-props=\"{&quot;201341983&quot;:0,&quot;335559731&quot;:708,&quot;335559739&quot;:160,&quot;335559740&quot;:240}\">\u00a0<\/span><\/p>\n<p><span data-contrast=\"auto\">Dio a conocer algunos resultados sobre estudios realizados al respecto. Uno de ellos fue entre cirujanos, el paciente y el camillero, y se determin\u00f3 que el que m\u00e1s se infarta es el primero de ellos.<\/span> <span data-contrast=\"auto\">\u201cSe encontr\u00f3 que el nivel m\u00e1s alto de cortisol lo tiene el cirujano, pero en paralelo se midieron sus niveles de ansiedad y result\u00f3 que tambi\u00e9n este especialista es el menos ansioso, lo cual quiere decir que ya no percibe su estr\u00e9s<\/span><span data-contrast=\"auto\">\u201d<\/span><span data-contrast=\"auto\">.<\/span><span data-ccp-props=\"{&quot;201341983&quot;:0,&quot;335559731&quot;:708,&quot;335559739&quot;:160,&quot;335559740&quot;:240}\">\u00a0<\/span><\/p>\n<p><span data-contrast=\"auto\">De ah\u00ed deriv\u00f3 otro estudio con cuidadoras de enfermos y personas con<\/span><span data-contrast=\"auto\"> discapaci<\/span><span data-contrast=\"auto\">dad, cuyos resultados dieron a conocer que ellas son las que liberan m\u00e1s cortisol (el cual se mide en saliva, orina o plasma)<\/span><span data-contrast=\"auto\">. P<\/span><span data-contrast=\"auto\">ero al igual que los cirujanos, se han hecho <\/span><span data-contrast=\"auto\">resilientes<\/span><span data-contrast=\"auto\">, pues ya no se dan cuenta que viven una<\/span><span data-contrast=\"auto\"> situaci\u00f3n de divergencia constante.<\/span><span data-ccp-props=\"{&quot;201341983&quot;:0,&quot;335559731&quot;:708,&quot;335559739&quot;:160,&quot;335559740&quot;:240}\">\u00a0<\/span><\/p>\n<p>&nbsp;<\/p>\n<p><b><span data-contrast=\"auto\">14 millones de mexicanos sufren depresi\u00f3n<\/span><\/b><span data-ccp-props=\"{&quot;201341983&quot;:0,&quot;335559739&quot;:160,&quot;335559740&quot;:240}\">\u00a0<\/span><\/p>\n<p><span data-contrast=\"auto\">En otro orden de ideas, <\/span><span data-contrast=\"auto\">el<\/span><span data-contrast=\"auto\"> investigador adscrito al Sistema Nacional de Investigadores (SNI), <\/span><span data-contrast=\"auto\">se refiri\u00f3 a otros estudios sobre el an\u00e1lisis de la <\/span><span data-contrast=\"auto\">aspirina y<\/span><span data-contrast=\"auto\"> los<\/span><span data-contrast=\"auto\"> antidepresivos<\/span><span data-contrast=\"auto\"> desde hace m\u00e1s de <\/span><span data-contrast=\"auto\">20<\/span><span data-contrast=\"auto\"> a\u00f1os.<\/span><span data-ccp-props=\"{&quot;201341983&quot;:0,&quot;335559731&quot;:708,&quot;335559739&quot;:160,&quot;335559740&quot;:240}\">\u00a0<\/span><\/p>\n<p><span data-contrast=\"auto\">La intenci\u00f3n inicial fue para saber <\/span><span data-contrast=\"auto\">por qu\u00e9 la gente se deprime<\/span><span data-contrast=\"auto\">; hay quienes salen adelante<\/span> <span data-contrast=\"auto\">ante situaciones dif\u00edciles, <\/span><span data-contrast=\"auto\">mientras que<\/span><span data-contrast=\"auto\"> otras personas<\/span><span data-contrast=\"auto\"> no.<\/span> <span data-contrast=\"auto\">\u201c<\/span><span data-contrast=\"auto\">No se trata de que sean cobardes e in\u00fatiles, simplemente que hay una falla en su proceso sin\u00f3ptico que no s<\/span><span data-contrast=\"auto\">e ha acabado de identificar, <\/span><span data-contrast=\"auto\">eso impide que las personas reaccionen, se levante<\/span><span data-contrast=\"auto\">n<\/span><span data-contrast=\"auto\"> y siga<\/span><span data-contrast=\"auto\">n<\/span><span data-contrast=\"auto\"> adelante<\/span><span data-contrast=\"auto\">\u201d<\/span><span data-contrast=\"auto\">.<\/span><span data-ccp-props=\"{&quot;201341983&quot;:0,&quot;335559731&quot;:708,&quot;335559739&quot;:160,&quot;335559740&quot;:240}\">\u00a0<\/span><\/p>\n<p><span data-contrast=\"auto\">Esto es algo que se conoce una vez que se estudia lo <\/span><span data-contrast=\"auto\">que ocurre en cerebro deprimido, comparado con uno sano <\/span><span data-contrast=\"auto\">y ver <\/span><span data-contrast=\"auto\">c\u00f3mo restablecerlo.<\/span><span data-ccp-props=\"{&quot;201341983&quot;:0,&quot;335559731&quot;:708,&quot;335559739&quot;:160,&quot;335559740&quot;:240}\">\u00a0<\/span><\/p>\n<p><span data-contrast=\"auto\">Se\u00f1al\u00f3 que la <\/span><span data-contrast=\"auto\">depresi\u00f3n<\/span><span data-contrast=\"auto\"> es una patolog\u00eda<\/span><span data-contrast=\"auto\"> muy frecuente,<\/span><span data-contrast=\"auto\"> ya que el <\/span><span data-contrast=\"auto\">14 por ciento<\/span><span data-contrast=\"auto\"> de la poblaci\u00f3n <\/span><span data-contrast=\"auto\">la padece<\/span><span data-contrast=\"auto\">;<\/span> <span data-contrast=\"auto\">e<\/span><span data-contrast=\"auto\">s decir, 14 <\/span><span data-contrast=\"auto\">millones de mexicanos sufren<\/span><span data-contrast=\"auto\"> depresi\u00f3n <\/span><span data-contrast=\"auto\">en la actualidad, <\/span><span data-contrast=\"auto\">problem\u00e1tica que va al alza.<\/span> <span data-contrast=\"auto\">Lo anterior, acarrea <\/span><span data-contrast=\"auto\">el<\/span> <span data-contrast=\"auto\">enorme <\/span><span data-contrast=\"auto\">riesgo <\/span><span data-contrast=\"auto\">d<\/span><span data-contrast=\"auto\">el suicidio pues una cuarta part<\/span><span data-contrast=\"auto\">e de los deprimidos se suicida.<\/span><span data-ccp-props=\"{&quot;201341983&quot;:0,&quot;335559731&quot;:708,&quot;335559739&quot;:160,&quot;335559740&quot;:240}\">\u00a0<\/span><\/p>\n<p><span data-contrast=\"auto\">Esta l\u00ednea de investigaci\u00f3n, dijo,<\/span><span data-contrast=\"auto\"> se apoya mucho en Darwin, sobre <\/span><span data-contrast=\"auto\">cu\u00e1les<\/span><span data-contrast=\"auto\"> son las estrategias que ha seguido la naturaleza para establecer una selecci\u00f3n natural que nos hace ser como somos.<\/span><span data-ccp-props=\"{&quot;201341983&quot;:0,&quot;335559731&quot;:708,&quot;335559739&quot;:160,&quot;335559740&quot;:240}\">\u00a0<\/span><\/p>\n<p><span data-contrast=\"auto\">Asever\u00f3 que el<\/span><span data-contrast=\"auto\"> trabajo de la ciencia es la generaci\u00f3n de conocimiento s\u00f3lido y fuerte<\/span><span data-contrast=\"auto\">. Por tanto, el estudio del<\/span><span data-contrast=\"auto\"> cerebro lleva <\/span><span data-contrast=\"auto\">a comprender mejor el comportamiento de los individuos.<\/span><span data-ccp-props=\"{&quot;201341983&quot;:0,&quot;335559731&quot;:708,&quot;335559739&quot;:160,&quot;335559740&quot;:240}\">\u00a0<\/span><\/p>\n<p><span data-contrast=\"auto\">\u201c<\/span><span data-contrast=\"auto\">Las neuronas son elementos del sistema nervioso<\/span><span data-contrast=\"auto\"> que<\/span><span data-contrast=\"auto\"> funcionan de forma id\u00e9ntica en <\/span><span data-contrast=\"auto\">todas las especies.\u201d<\/span><span data-ccp-props=\"{&quot;201341983&quot;:0,&quot;335559731&quot;:708,&quot;335559739&quot;:160,&quot;335559740&quot;:240}\">\u00a0<\/span><\/p>\n<p><span data-contrast=\"auto\">En la medida que sepamos m\u00e1s y mejor c\u00f3mo funciona el cerebro podremos establecer mejores alternativas de tratam<\/span><span data-contrast=\"auto\">iento, diagn\u00f3stico y prevenci\u00f3n de los padecimientos, acot\u00f3.<\/span><span data-ccp-props=\"{&quot;201341983&quot;:0,&quot;335559731&quot;:708,&quot;335559739&quot;:160,&quot;335559740&quot;:240}\">\u00a0<\/span><\/p>\n","protected":false},"excerpt":{"rendered":"<p>Carlos Manuel Contreras, investigador del Instituto de Neuroetolog\u00eda, explic\u00f3 que esta sustancia es generada por las gl\u00e1ndulas adrenales como respuesta al estr\u00e9s; sin embargo, si se produce en grandes cantidades, puede ocasionar \u00falceras e hipertensi\u00f3n arterial<\/p>\n","protected":false},"author":1508,"featured_media":0,"comment_status":"closed","ping_status":"closed","sticky":false,"template":"","format":"standard","meta":{"footnotes":""},"categories":[45],"tags":[],"class_list":["post-78602","post","type-post","status-publish","format-standard","hentry","category-ciencia"],"_links":{"self":[{"href":"https:\/\/www.uv.mx\/prensa\/wp-json\/wp\/v2\/posts\/78602","targetHints":{"allow":["GET"]}}],"collection":[{"href":"https:\/\/www.uv.mx\/prensa\/wp-json\/wp\/v2\/posts"}],"about":[{"href":"https:\/\/www.uv.mx\/prensa\/wp-json\/wp\/v2\/types\/post"}],"author":[{"embeddable":true,"href":"https:\/\/www.uv.mx\/prensa\/wp-json\/wp\/v2\/users\/1508"}],"replies":[{"embeddable":true,"href":"https:\/\/www.uv.mx\/prensa\/wp-json\/wp\/v2\/comments?post=78602"}],"version-history":[{"count":0,"href":"https:\/\/www.uv.mx\/prensa\/wp-json\/wp\/v2\/posts\/78602\/revisions"}],"wp:attachment":[{"href":"https:\/\/www.uv.mx\/prensa\/wp-json\/wp\/v2\/media?parent=78602"}],"wp:term":[{"taxonomy":"category","embeddable":true,"href":"https:\/\/www.uv.mx\/prensa\/wp-json\/wp\/v2\/categories?post=78602"},{"taxonomy":"post_tag","embeddable":true,"href":"https:\/\/www.uv.mx\/prensa\/wp-json\/wp\/v2\/tags?post=78602"}],"curies":[{"name":"wp","href":"https:\/\/api.w.org\/{rel}","templated":true}]}}