{"id":7855,"date":"2016-03-08T12:24:22","date_gmt":"2016-03-08T18:24:22","guid":{"rendered":"https:\/\/www.uv.mx\/prensa\/?p=7855"},"modified":"2016-03-08T12:24:22","modified_gmt":"2016-03-08T18:24:22","slug":"la-uam-azcapotzalco-tambien-expresa-su-apoyo-a-la-uv","status":"publish","type":"post","link":"https:\/\/www.uv.mx\/prensa\/general\/la-uam-azcapotzalco-tambien-expresa-su-apoyo-a-la-uv\/","title":{"rendered":"La UAM Azcapotzalco tambi\u00e9n expresa su apoyo a la UV"},"content":{"rendered":"<ul>\n<li><em>Nos solidarizamos con sus resoluciones y con las movilizaciones en defensa de esta instituci\u00f3n, dice el Consejo Acad\u00e9mico en un comunicado oficial<\/em><\/li>\n<\/ul>\n<p>&nbsp;<\/p>\n<p><strong><em>Edgar Onofre<\/em><\/strong><\/p>\n<p>&nbsp;<\/p>\n<p>La oficina de Comunicaci\u00f3n de la Unidad Azcapotzalco de la Universidad Aut\u00f3noma Metropolitana (UAM) dio a conocer el lunes 7 de marzo, a trav\u00e9s de su cuenta oficial en <em>Facebook<\/em>, que el Consejo Acad\u00e9mico de esta instituci\u00f3n emiti\u00f3 un pronunciamiento de apoyo a la Universidad Veracruzana (UV).<\/p>\n<p>El comunicado est\u00e1 dirigido tanto al Consejo Universitario General (CUG) como a la comunidad UV:<\/p>\n<p>\u201cLos integrantes del Consejo Acad\u00e9mico de la Unidad Azcapotzalco de la Universidad Aut\u00f3noma Metropolitana estamos convencidos de la justeza de las demandas del Consejo Universitario de la Universidad Veracruzana, por lo cual nos solidarizamos con sus resoluciones y con las movilizaciones de la comunidad universitaria y de la sociedad veracruzana en defensa de esta instituci\u00f3n.\u201d<\/p>\n<div id=\"attachment_7856\" style=\"width: 310px\" class=\"wp-caption aligncenter\"><a href=\"https:\/\/www.uv.mx\/prensa\/files\/2016\/03\/Apoyo-UAM-08.jpg\"><img loading=\"lazy\" decoding=\"async\" aria-describedby=\"caption-attachment-7856\" class=\"size-medium wp-image-7856\" src=\"https:\/\/www.uv.mx\/prensa\/files\/2016\/03\/Apoyo-UAM-08-300x154.jpg\" alt=\"La UAM-Azcapotzalco se solidariza con la lucha de la UV\" width=\"300\" height=\"154\" srcset=\"https:\/\/www.uv.mx\/prensa\/files\/2016\/03\/Apoyo-UAM-08-300x154.jpg 300w, https:\/\/www.uv.mx\/prensa\/files\/2016\/03\/Apoyo-UAM-08.jpg 624w\" sizes=\"auto, (max-width: 300px) 100vw, 300px\" \/><\/a><p id=\"caption-attachment-7856\" class=\"wp-caption-text\">La UAM-Azcapotzalco se solidariza con la lucha de la UV<\/p><\/div>\n<p>Esta comunicaci\u00f3n oficial de la UAM Azcapotzaco est\u00e1 firmada por el secretario del Consejo Acad\u00e9mico, Abelardo Gonz\u00e1lez Arag\u00f3n, y se une a la exigencia universitaria y social, cada vez m\u00e1s generalizada, para que el gobierno del estado entregue a la UV recursos retenidos por m\u00e1s de dos mil millones de pesos, entre otras demandas.<\/p>\n<p>\u201cReconocemos a la educaci\u00f3n superior p\u00fablica como un derecho social. Rechazamos los incumplimientos por parte del gobierno del estado de Veracruz en perjuicio de la Universidad Veracruzana y exigimos la entrega de los recursos p\u00fablicos asignados para su funcionamiento. Asimismo, hacemos un llamado a la sociedad mexicana a sumarse a las demandas formuladas por los universitarios veracruzanos en defensa de las instituciones de educaci\u00f3n p\u00fablica del pa\u00eds\u201d, se\u00f1ala el documento disponible en la red social.<\/p>\n<p>La UAM es una de las m\u00e1s importantes universidades de nuestro pa\u00eds y el \u00f3rgano acad\u00e9mico de la Unidad Azcapotzalco advierte que con la \u201cretenci\u00f3n de recursos se pone en riesgo el desempe\u00f1o de las funciones sustantivas de esa instituci\u00f3n, indispensables para el desarrollo nacional: la formaci\u00f3n de profesionistas, el desarrollo de la investigaci\u00f3n cient\u00edfica y human\u00edstica, la preservaci\u00f3n y difusi\u00f3n de la cultura\u201d.<\/p>\n<p>La UAM tambi\u00e9n se\u00f1ala que \u201cel conflicto en la Universidad Veracruzana se inscribe dentro de un contexto general de incertidumbre presupuestal que afecta negativamente la estabilidad del sector educativo y pone en riesgo el derecho a la educaci\u00f3n y las necesidades de desarrollo cient\u00edfico y tecnol\u00f3gico de nuestro pa\u00eds\u201d.<\/p>\n","protected":false},"excerpt":{"rendered":"<p><strong><em> Edgar Onofre.-<\/em><\/strong> La oficina de Comunicaci\u00f3n de la Unidad Azcapotzalco de la Universidad Aut\u00f3noma Metropolitana (UAM) dio a conocer el lunes 7 de marzo, a trav\u00e9s de su cuenta oficial en Facebook, que el Consejo Acad\u00e9mico de esta instituci\u00f3n emiti\u00f3 un pronunciamiento de apoyo a la Universidad Veracruzana (UV).<\/p>\n","protected":false},"author":1809,"featured_media":7857,"comment_status":"closed","ping_status":"closed","sticky":false,"template":"","format":"standard","meta":{"footnotes":""},"categories":[1],"tags":[2],"class_list":["post-7855","post","type-post","status-publish","format-standard","has-post-thumbnail","hentry","category-general","tag-principal"],"_links":{"self":[{"href":"https:\/\/www.uv.mx\/prensa\/wp-json\/wp\/v2\/posts\/7855","targetHints":{"allow":["GET"]}}],"collection":[{"href":"https:\/\/www.uv.mx\/prensa\/wp-json\/wp\/v2\/posts"}],"about":[{"href":"https:\/\/www.uv.mx\/prensa\/wp-json\/wp\/v2\/types\/post"}],"author":[{"embeddable":true,"href":"https:\/\/www.uv.mx\/prensa\/wp-json\/wp\/v2\/users\/1809"}],"replies":[{"embeddable":true,"href":"https:\/\/www.uv.mx\/prensa\/wp-json\/wp\/v2\/comments?post=7855"}],"version-history":[{"count":0,"href":"https:\/\/www.uv.mx\/prensa\/wp-json\/wp\/v2\/posts\/7855\/revisions"}],"wp:featuredmedia":[{"embeddable":true,"href":"https:\/\/www.uv.mx\/prensa\/wp-json\/wp\/v2\/media\/7857"}],"wp:attachment":[{"href":"https:\/\/www.uv.mx\/prensa\/wp-json\/wp\/v2\/media?parent=7855"}],"wp:term":[{"taxonomy":"category","embeddable":true,"href":"https:\/\/www.uv.mx\/prensa\/wp-json\/wp\/v2\/categories?post=7855"},{"taxonomy":"post_tag","embeddable":true,"href":"https:\/\/www.uv.mx\/prensa\/wp-json\/wp\/v2\/tags?post=7855"}],"curies":[{"name":"wp","href":"https:\/\/api.w.org\/{rel}","templated":true}]}}