{"id":78460,"date":"2019-12-22T08:00:05","date_gmt":"2019-12-22T14:00:05","guid":{"rendered":"https:\/\/www.uv.mx\/prensa\/?p=78460"},"modified":"2020-01-06T13:27:55","modified_gmt":"2020-01-06T19:27:55","slug":"uso-de-las-tic-determinado-por-cada-disciplina-alberto-ramirez","status":"publish","type":"post","link":"https:\/\/www.uv.mx\/prensa\/banner\/uso-de-las-tic-determinado-por-cada-disciplina-alberto-ramirez\/","title":{"rendered":"Uso de las TIC, determinado por cada disciplina: Alberto Ram\u00edrez"},"content":{"rendered":"<ul>\n<li data-leveltext=\"\uf0b7\" data-font=\"Symbol\" data-listid=\"2\" data-aria-posinset=\"1\" data-aria-level=\"1\"><i><span data-contrast=\"auto\">El acad\u00e9mico del CIIES-UV realiz\u00f3 un estudio een la <\/span><\/i><i><i><span data-contrast=\"auto\">Universid<\/span><\/i><\/i><i><span data-contrast=\"auto\">ad de <\/span><\/i><i><span data-contrast=\"auto\">Changzhou<\/span><\/i><i><span data-contrast=\"auto\"> y de la SASS, en China<\/span><\/i><span data-ccp-props=\"{&quot;134233279&quot;:true}\">\u00a0<\/span>\n<p><div id=\"attachment_78463\" style=\"width: 732px\" class=\"wp-caption aligncenter\"><a href=\"https:\/\/www.uv.mx\/prensa\/files\/2019\/12\/221219-China-1.jpg\"><img loading=\"lazy\" decoding=\"async\" aria-describedby=\"caption-attachment-78463\" class=\"size-full wp-image-78463\" src=\"https:\/\/www.uv.mx\/prensa\/files\/2019\/12\/221219-China-1.jpg\" alt=\"\" width=\"722\" height=\"481\" srcset=\"https:\/\/www.uv.mx\/prensa\/files\/2019\/12\/221219-China-1.jpg 722w, https:\/\/www.uv.mx\/prensa\/files\/2019\/12\/221219-China-1-300x200.jpg 300w\" sizes=\"auto, (max-width: 722px) 100vw, 722px\" \/><\/a><p id=\"caption-attachment-78463\" class=\"wp-caption-text\">Alberto Ram\u00edrez, profesor-investigador del CIIES<\/p><\/div><\/li>\n<\/ul>\n<p><b><i><span data-contrast=\"auto\">Paola Cort\u00e9s P\u00e9rez<\/span><\/i><\/b><span data-ccp-props=\"{}\">\u00a0<\/span><\/p>\n<p><b><i><span data-contrast=\"auto\">22\/12\/2019, Xalapa, Ver.-<\/span><\/i><\/b> <span data-contrast=\"auto\">Alberto Ram\u00edrez <\/span><span data-contrast=\"auto\">Martinell<\/span><span data-contrast=\"auto\">, profesor-investigador del <a href=\"https:\/\/www.uv.mx\/ciies\/\" target=\"_blank\" rel=\"noopener noreferrer\">Centro de Investigaci\u00f3n e Innovaci\u00f3n en Educaci\u00f3n Superior<\/a> (CIIES)<\/span><span data-contrast=\"auto\"> de la Universidad Veracruzana (UV), <\/span><span data-contrast=\"auto\">comprob\u00f3 que el uso de las<\/span><span data-contrast=\"auto\"> t<\/span><span data-contrast=\"auto\">ecnolog\u00edas de la <\/span><span data-contrast=\"auto\">i<\/span><span data-contrast=\"auto\">nformaci\u00f3n <\/span><span data-contrast=\"auto\">y <\/span><span data-contrast=\"auto\">c<\/span><span data-contrast=\"auto\">omunicaci\u00f3n (TIC) <\/span><span data-contrast=\"auto\">est\u00e1<\/span><span data-contrast=\"auto\"> determinado <\/span><span data-contrast=\"auto\">por la disciplina<\/span><span data-contrast=\"auto\">.<\/span><span data-ccp-props=\"{}\">\u00a0<\/span><\/p>\n<p><span data-contrast=\"auto\">Lo anterior, como resultado de un<\/span><span data-contrast=\"auto\">a<\/span><span data-contrast=\"auto\"> estancia acad\u00e9mica de dos semanas que realiz\u00f3 en la Universidad de Changzhou, China, que le permiti\u00f3 intercambiar y compartir experiencias con pares de la Academia de Ciencias Sociales de Shangh<\/span><span data-contrast=\"auto\">\u00e1<\/span><span data-contrast=\"auto\">i (SASS, por sus siglas en ingl\u00e9s), con el objetivo de explorar el uso de las herramientas tecnol\u00f3gicas en un contexto geogr\u00e1fico diferente al de la UV, donde actualmente realizan dicho proyecto.<\/span><span data-ccp-props=\"{&quot;335559731&quot;:708}\">\u00a0<\/span><\/p>\n<p><span data-contrast=\"auto\">\u201cNos hemos planteado investigar si hay alg\u00fan rasgo disciplinario en el uso de las TIC<\/span><span data-contrast=\"auto\">, las cuales<\/span><span data-contrast=\"auto\"> son usadas dependiendo de las profesiones<\/span><span data-contrast=\"auto\">. Entonces, hay un sello disciplinario <\/span><span data-contrast=\"auto\">que cruza esta cultura digital, as\u00ed que los miembros de una comunidad o de un campo<\/span><span data-contrast=\"auto\"> disciplinario espec\u00edfico tienen valoraciones, usos, estrategias, que son efectivamente <\/span><span data-contrast=\"auto\">digitales<\/span><span data-contrast=\"auto\">, pero definidas por caracter\u00edsticas propias de la disciplina.\u201d<\/span><span data-ccp-props=\"{&quot;335559731&quot;:708}\">\u00a0<\/span><\/p>\n<p><span data-contrast=\"auto\">Con este intercambio acad\u00e9mico, explic\u00f3, se propus<\/span><span data-contrast=\"auto\">o <\/span><span data-contrast=\"auto\">explorar si a tra<\/span><span data-contrast=\"auto\">v\u00e9s de la geograf\u00eda del mundo este<\/span><span data-contrast=\"auto\"> rasgo disciplinar <\/span><span data-contrast=\"auto\">que <\/span><span data-contrast=\"auto\">se <\/span><span data-contrast=\"auto\">plantea <\/span><span data-contrast=\"auto\">permanece, <\/span><span data-contrast=\"auto\">es decir, <\/span><span data-contrast=\"auto\">saber si los humanistas tienen usos digitales parecidos independientemente si est\u00e1n en M\u00e9xico o en China.<\/span><span data-ccp-props=\"{&quot;335559731&quot;:708}\">\u00a0<\/span><\/p>\n<p><span data-contrast=\"auto\">Por supuesto que China tiene usos tecnol\u00f3gicos distintos, <\/span><span data-contrast=\"auto\">m\u00e1s fluidos, por la cuesti\u00f3n de la conectividad y cobertura en tel\u00e9fonos m\u00f3viles, hay una valoraci\u00f3n y acce<\/span><span data-contrast=\"auto\">sibilidad econ\u00f3mica para tener I<\/span><span data-contrast=\"auto\">nternet, bajar y subir informaci\u00f3n, uso de s\u00faper aplicaciones como <\/span><i><span data-contrast=\"auto\">WeChat<\/span><\/i><span data-contrast=\"auto\">, <\/span><span data-contrast=\"auto\">el<\/span><span data-contrast=\"auto\"> celular est\u00e1 muy incorporado a la actividad cotidiana, ya sea dentro<\/span><span data-contrast=\"auto\"> o fuera de la u<\/span><span data-contrast=\"auto\">niversidad.<\/span><span data-ccp-props=\"{&quot;335559731&quot;:708}\">\u00a0<\/span><\/p>\n<div id=\"attachment_78526\" style=\"width: 732px\" class=\"wp-caption aligncenter\"><a href=\"https:\/\/www.uv.mx\/prensa\/files\/2019\/12\/171219-Vista-China-2.jpg\"><img loading=\"lazy\" decoding=\"async\" aria-describedby=\"caption-attachment-78526\" class=\"size-full wp-image-78526\" src=\"https:\/\/www.uv.mx\/prensa\/files\/2019\/12\/171219-Vista-China-2.jpg\" alt=\"\" width=\"722\" height=\"481\" srcset=\"https:\/\/www.uv.mx\/prensa\/files\/2019\/12\/171219-Vista-China-2.jpg 722w, https:\/\/www.uv.mx\/prensa\/files\/2019\/12\/171219-Vista-China-2-300x200.jpg 300w\" sizes=\"auto, (max-width: 722px) 100vw, 722px\" \/><\/a><p id=\"caption-attachment-78526\" class=\"wp-caption-text\">Alberto Ram\u00edrez y acad\u00e9micos de la SASS<\/p><\/div>\n<p><span data-contrast=\"auto\">\u201c<\/span><span data-contrast=\"auto\">Lo comprobamos, fue correcto, son m\u00e1s parecidos los humanistas de la Universidad de <\/span><span data-contrast=\"auto\">Changzhou<\/span><span data-contrast=\"auto\"> a los humanistas de la U<\/span><span data-contrast=\"auto\">V<\/span><span data-contrast=\"auto\">. Lo disciplinario es lo que marca los usos digitales y no los geogr\u00e1ficos.<\/span><span data-ccp-props=\"{&quot;335559731&quot;:708}\">\u00a0<\/span><\/p>\n<p><span data-contrast=\"auto\">\u201d<\/span><span data-contrast=\"auto\">Los usos que dan los acad\u00e9micos y estudiantes a las TIC son parecidos, aunque haya un bloqueo en tecnolog\u00edas de la informaci\u00f3n<\/span><span data-contrast=\"auto\">,<\/span><span data-contrast=\"auto\"> principalmente <\/span><i><span data-contrast=\"auto\">Facebook<\/span><\/i><span data-contrast=\"auto\"> y <\/span><i><span data-contrast=\"auto\">Google<\/span><\/i><span data-contrast=\"auto\">; s\u00ed<\/span><span data-contrast=\"auto\"> hay valoraciones para <\/span><i><span data-contrast=\"auto\">software<\/span><\/i><span data-contrast=\"auto\"> especializado similares, hay <\/span><i><span data-contrast=\"auto\">software<\/span><\/i><span data-contrast=\"auto\"> de an\u00e1lisis estad\u00edstico, <\/span><i><span data-contrast=\"auto\">Microsoft<\/span><\/i><span data-contrast=\"auto\"> est\u00e1 bien posicionado y tienen herramientas de oficina que son comunes, por ello consideramos que es la disciplina lo que delimita el uso que le dan.\u201d<\/span><span data-ccp-props=\"{&quot;335559731&quot;:708}\">\u00a0<\/span><\/p>\n<p><span data-contrast=\"auto\">Dijo que result\u00f3 interesante realizar esta exploraci\u00f3n en otro contexto geogr\u00e1ficamente lejano al mexicano y al de la UV, pero cercano a la disciplina. Tuvo la oportunidad de charlar con profesores de ingl\u00e9s y de <\/span><span data-contrast=\"auto\">d<\/span><span data-contrast=\"auto\">erecho<\/span><span data-contrast=\"auto\">, <\/span><span data-contrast=\"auto\">esto le permiti\u00f3 percatarse que tienen comportamientos digitales<\/span><span data-contrast=\"auto\"> similares a sus pares de la UV.<\/span><span data-ccp-props=\"{&quot;335559731&quot;:708}\">\u00a0<\/span><\/p>\n<p><span data-contrast=\"auto\">\u201c<\/span><span data-contrast=\"auto\">E<\/span><span data-contrast=\"auto\">s un hallazgo ver que es la disciplina la que ma<\/span><span data-contrast=\"auto\">rca los usos y no la geograf\u00eda. <\/span><span data-contrast=\"auto\">Esto nos hace pensar que vamos en el camino corre<\/span><span data-contrast=\"auto\">cto en nuestras investigaciones, que como universidad tenemos que seguir explorando los usos tecnol\u00f3gicos de las disciplinas.\u201d<\/span><span data-ccp-props=\"{&quot;335559731&quot;:708}\">\u00a0<\/span><\/p>\n<p><span data-contrast=\"auto\">Alberto Ram\u00edrez puntualiz\u00f3 que desarrollar este tipo de investigaciones permitir\u00e1 no s<\/span><span data-contrast=\"auto\">\u00f3lo <\/span><span data-contrast=\"auto\">a <\/span><span data-contrast=\"auto\">robustecer el curr\u00ed<\/span><span data-contrast=\"auto\">culum universitario, <\/span><span data-contrast=\"auto\">sino <\/span><span data-contrast=\"auto\">a preparar a los estudiantes para que se incorporen al mundo laboral, ya sea en M\u00e9xico o en China.<\/span><span data-ccp-props=\"{&quot;335559731&quot;:708}\">\u00a0<\/span><\/p>\n<p><span data-contrast=\"auto\">Finalmente, agradeci\u00f3 a Esteban <\/span><span data-contrast=\"auto\">Zottele<\/span><span data-contrast=\"auto\">, representante en Chi<\/span><span data-contrast=\"auto\">na del Centro de Estudios China-<\/span><span data-contrast=\"auto\">Veracruz (<\/span><i><span data-contrast=\"auto\">Cechiver<\/span><\/i><span data-contrast=\"auto\">) de <\/span><span data-contrast=\"auto\">la UV<\/span><span data-contrast=\"auto\">, por su apoyo para llevar a cabo este estudio en la Universidad de <\/span><span data-contrast=\"auto\">Changzhou<\/span><span data-contrast=\"auto\"> y en la SASS<\/span><span data-contrast=\"auto\">.<\/span><span data-ccp-props=\"{&quot;335559731&quot;:708}\">\u00a0<\/span><\/p>\n<div id=\"attachment_78527\" style=\"width: 732px\" class=\"wp-caption aligncenter\"><a href=\"https:\/\/www.uv.mx\/prensa\/files\/2019\/12\/171219-Vista-China-3.jpg\"><img loading=\"lazy\" decoding=\"async\" aria-describedby=\"caption-attachment-78527\" class=\"size-full wp-image-78527\" src=\"https:\/\/www.uv.mx\/prensa\/files\/2019\/12\/171219-Vista-China-3.jpg\" alt=\"\" width=\"722\" height=\"481\" srcset=\"https:\/\/www.uv.mx\/prensa\/files\/2019\/12\/171219-Vista-China-3.jpg 722w, https:\/\/www.uv.mx\/prensa\/files\/2019\/12\/171219-Vista-China-3-300x200.jpg 300w\" sizes=\"auto, (max-width: 722px) 100vw, 722px\" \/><\/a><p id=\"caption-attachment-78527\" class=\"wp-caption-text\">El acad\u00e9mico comparti\u00f3 experiencias con sus colegas chinos<\/p><\/div>\n","protected":false},"excerpt":{"rendered":"<p>El acad\u00e9mico del CIIES realiz\u00f3 una estancia en la U. de Changzhou, China, donde explor\u00f3 el uso de las herramientas tecnol\u00f3gicas en contextos diferentes<\/p>\n","protected":false},"author":1508,"featured_media":78464,"comment_status":"closed","ping_status":"closed","sticky":false,"template":"","format":"standard","meta":{"footnotes":""},"categories":[61],"tags":[],"class_list":["post-78460","post","type-post","status-publish","format-standard","has-post-thumbnail","hentry","category-banner"],"_links":{"self":[{"href":"https:\/\/www.uv.mx\/prensa\/wp-json\/wp\/v2\/posts\/78460","targetHints":{"allow":["GET"]}}],"collection":[{"href":"https:\/\/www.uv.mx\/prensa\/wp-json\/wp\/v2\/posts"}],"about":[{"href":"https:\/\/www.uv.mx\/prensa\/wp-json\/wp\/v2\/types\/post"}],"author":[{"embeddable":true,"href":"https:\/\/www.uv.mx\/prensa\/wp-json\/wp\/v2\/users\/1508"}],"replies":[{"embeddable":true,"href":"https:\/\/www.uv.mx\/prensa\/wp-json\/wp\/v2\/comments?post=78460"}],"version-history":[{"count":0,"href":"https:\/\/www.uv.mx\/prensa\/wp-json\/wp\/v2\/posts\/78460\/revisions"}],"wp:featuredmedia":[{"embeddable":true,"href":"https:\/\/www.uv.mx\/prensa\/wp-json\/wp\/v2\/media\/78464"}],"wp:attachment":[{"href":"https:\/\/www.uv.mx\/prensa\/wp-json\/wp\/v2\/media?parent=78460"}],"wp:term":[{"taxonomy":"category","embeddable":true,"href":"https:\/\/www.uv.mx\/prensa\/wp-json\/wp\/v2\/categories?post=78460"},{"taxonomy":"post_tag","embeddable":true,"href":"https:\/\/www.uv.mx\/prensa\/wp-json\/wp\/v2\/tags?post=78460"}],"curies":[{"name":"wp","href":"https:\/\/api.w.org\/{rel}","templated":true}]}}