{"id":78210,"date":"2019-12-16T08:59:42","date_gmt":"2019-12-16T14:59:42","guid":{"rendered":"https:\/\/www.uv.mx\/prensa\/?p=78210"},"modified":"2019-12-17T11:24:10","modified_gmt":"2019-12-17T17:24:10","slug":"tesista-investiga-historia-de-la-guerrilla-en-veracruz","status":"publish","type":"post","link":"https:\/\/www.uv.mx\/prensa\/general\/tesista-investiga-historia-de-la-guerrilla-en-veracruz\/","title":{"rendered":"Tesista investiga historia de la guerrilla en Veracruz"},"content":{"rendered":"<ul>\n<li data-leveltext=\"\uf0b7\" data-font=\"Symbol\" data-listid=\"1\" data-aria-posinset=\"1\" data-aria-level=\"1\"><i><span data-contrast=\"auto\">\u201cViolencia y resistencia. La guerrilla en Veracruz 1972-2016\u201d<\/span><\/i><i><span data-contrast=\"auto\"> es el t\u00edtulo de la investigaci\u00f3n realizada por Gerardo Alarc\u00f3n Campos, e<\/span><\/i><i><span data-contrast=\"auto\">studiante de Sociolog\u00eda<\/span><\/i><span data-ccp-props=\"{&quot;134233279&quot;:true,&quot;201341983&quot;:0,&quot;335559739&quot;:160,&quot;335559740&quot;:240}\">\u00a0<\/span><\/li>\n<li data-leveltext=\"\uf0b7\" data-font=\"Symbol\" data-listid=\"1\" data-aria-posinset=\"2\" data-aria-level=\"1\"><i><span data-contrast=\"auto\">La Liga 23 de septiembre, el Partido de los Pobres y\u00a0el Movimiento de Acci\u00f3n Revolucionaria tuvieron presencia en el norte, sur y centro de la entidad<\/span><\/i><span data-ccp-props=\"{&quot;134233279&quot;:true,&quot;201341983&quot;:0,&quot;335559739&quot;:160,&quot;335559740&quot;:240}\">\u00a0<\/span><\/li>\n<\/ul>\n<div id=\"attachment_78209\" style=\"width: 732px\" class=\"wp-caption aligncenter\"><a href=\"https:\/\/www.uv.mx\/prensa\/files\/2019\/12\/161219-Guerrilla-en-Veracruz.jpg\"><img loading=\"lazy\" decoding=\"async\" aria-describedby=\"caption-attachment-78209\" class=\"size-full wp-image-78209\" src=\"https:\/\/www.uv.mx\/prensa\/files\/2019\/12\/161219-Guerrilla-en-Veracruz.jpg\" alt=\"\" width=\"722\" height=\"322\" srcset=\"https:\/\/www.uv.mx\/prensa\/files\/2019\/12\/161219-Guerrilla-en-Veracruz.jpg 722w, https:\/\/www.uv.mx\/prensa\/files\/2019\/12\/161219-Guerrilla-en-Veracruz-300x134.jpg 300w\" sizes=\"auto, (max-width: 722px) 100vw, 722px\" \/><\/a><p id=\"caption-attachment-78209\" class=\"wp-caption-text\">La informaci\u00f3n sobre el tema es escasa, lament\u00f3 Gerardo Alarc\u00f3n<\/p><\/div>\n<p><b><i><span data-contrast=\"auto\">Karina de la Paz Reyes D\u00edaz<\/span><\/i><\/b><span data-ccp-props=\"{&quot;134233279&quot;:true,&quot;201341983&quot;:0,&quot;335559739&quot;:160,&quot;335559740&quot;:240}\">\u00a0<\/span><\/p>\n<p><b><i><span data-contrast=\"auto\">16\/12\/2019, Xalapa, Ver.- <\/span><\/i><\/b><span data-contrast=\"auto\">Gerardo Alarc\u00f3n Campos, quien desarrolla su trabajo recepcional para obtener el t\u00edtulo de Licenciado en <a href=\"https:\/\/www.uv.mx\/sociologia\/\" target=\"_blank\" rel=\"noopener noreferrer\">Sociolog\u00eda de la Universidad Veracruzana<\/a> (UV), se\u00f1al\u00f3 que en el estado de Veracruz hay una tradici\u00f3n pol\u00edtica centralista, en la que hasta la fecha se niega la existencia de grupos guerrilleros.<br \/>\n<\/span><\/p>\n<p>En su tesis, titulada<span data-contrast=\"auto\">\u201c<\/span><span data-contrast=\"auto\">Violencia y resistencia. La guerrilla en Veracruz 1972-2016<\/span><span data-contrast=\"auto\">\u201d, bajo la direcci\u00f3n del acad\u00e9mico Aldo Colorado Carvajal, Gerardo Alarc\u00f3n hace una reconstrucci\u00f3n hist\u00f3rica de los movimientos armado: <\/span><span data-contrast=\"auto\">\u201cEmpiezo con una recapitulaci\u00f3n de una pretendida c\u00e9lula arma<\/span><span data-contrast=\"auto\">da<\/span><span data-contrast=\"auto\"> del Partido de los Pobres (PP) de Lucio Caba\u00f1as<\/span><span data-contrast=\"auto\">,<\/span><span data-contrast=\"auto\"> que se intent\u00f3 implantar en Actopan; posteriormente hay un suceso que no est\u00e1 muy cubierto por la historia de este movimiento, que es el del Frente Armado del Pueblo, una organizaci\u00f3n pol\u00edtico-militar que se estableci\u00f3 en los l\u00edmites de las huastecas veracruzana e hidalguense.<\/span><span data-contrast=\"auto\">\u201d<\/span><span data-ccp-props=\"{&quot;134233279&quot;:true,&quot;201341983&quot;:0,&quot;335559731&quot;:708,&quot;335559739&quot;:160,&quot;335559740&quot;:240}\">\u00a0<\/span><\/p>\n<p><span data-contrast=\"auto\">Lo importante de<\/span><span data-contrast=\"auto\">l Frente Armado del Pueblo<\/span><span data-contrast=\"auto\"> es que surgi\u00f3 como un proyecto conjunto entre el Movimiento de Acci\u00f3n Revolucionar<\/span><span data-contrast=\"auto\">ia \u2013grupo entrenado en Corea<\/span><span data-contrast=\"auto\"> del Norte que es descubierto en Xalapa<\/span><span data-contrast=\"auto\">\u2013<\/span><span data-contrast=\"auto\"> y el PP.<\/span><span data-ccp-props=\"{&quot;134233279&quot;:true,&quot;201341983&quot;:0,&quot;335559731&quot;:708,&quot;335559739&quot;:160,&quot;335559740&quot;:240}\">\u00a0<\/span><\/p>\n<p><span data-contrast=\"auto\">El <\/span><span data-contrast=\"auto\">resultado<\/span><span data-contrast=\"auto\"> fue<\/span><span data-contrast=\"auto\"> el nacimiento de una organizaci\u00f3n militar que estaba conformada principalmente por campesino<\/span><span data-contrast=\"auto\">s<\/span><span data-contrast=\"auto\">, ind\u00edgenas y j\u00f3venes estudiantes de la<\/span><span data-contrast=\"auto\"> Escuela Normal Rural \u201cLuis Villarreal\u201d de la comunidad El <\/span><span data-contrast=\"auto\">Mexe<\/span><span data-contrast=\"auto\">,<\/span><span data-contrast=\"auto\"> en el estado de Hidalgo.<\/span><span data-ccp-props=\"{&quot;134233279&quot;:true,&quot;201341983&quot;:0,&quot;335559731&quot;:708,&quot;335559739&quot;:160,&quot;335559740&quot;:240}\">\u00a0<\/span><\/p>\n<p><span data-contrast=\"auto\">En este caso, se sabe de la \u201ctr\u00e1gica represi\u00f3n\u201d que en 1974 protagonizaron sus integrantes: \u201cHubo un desplazamiento militar que ha sido negado por la Secretar\u00eda de la Defensa Nacional (<\/span><i><span data-contrast=\"auto\">Sedena<\/span><\/i><span data-contrast=\"auto\">). Hubo solicitudes de informaci\u00f3n respecto a los <\/span><span data-contrast=\"auto\">movimiento<\/span><span data-contrast=\"auto\">s<\/span><span data-contrast=\"auto\"> militares<\/span><span data-contrast=\"auto\"> y la <\/span><i><span data-contrast=\"auto\">Sedena<\/span><\/i><span data-contrast=\"auto\"> niega todo\u201d.<\/span><span data-ccp-props=\"{&quot;134233279&quot;:true,&quot;201341983&quot;:0,&quot;335559731&quot;:708,&quot;335559739&quot;:160,&quot;335559740&quot;:240}\">\u00a0<\/span><\/p>\n<p><span data-contrast=\"auto\">S<\/span><span data-contrast=\"auto\">in embargo, <\/span><span data-contrast=\"auto\">cita el entrevistado, <\/span><span data-contrast=\"auto\">en los expedientes referentes a la Direcci\u00f3n Federal de Seguridad <\/span><span data-contrast=\"auto\">que est\u00e1n en el<\/span><span data-contrast=\"auto\"> Archivo General de la Naci\u00f3n<\/span> <span data-contrast=\"auto\">s\u00ed mencionan los movimientos milita<\/span><span data-contrast=\"auto\">res y hasta est\u00e1n<\/span><span data-contrast=\"auto\"> los nombres de los generales<\/span><span data-contrast=\"auto\"> a cargo<\/span><span data-contrast=\"auto\">, uno de ellos es Francisco Quiroz Hermosillo, acusado junto con Mario Arturo Acosta Chaparro de ejecutar cr\u00edmenes de lesa humanidad en Guerrero.<\/span><span data-ccp-props=\"{&quot;134233279&quot;:true,&quot;201341983&quot;:0,&quot;335559731&quot;:708,&quot;335559739&quot;:160,&quot;335559740&quot;:240}\">\u00a0<\/span><\/p>\n<p><span data-contrast=\"auto\">\u201cHay fichas, declaraciones firmadas de maestros y campesinos que est\u00e1n en calidad de desaparecidos. Fueron detenidos <\/span><span data-contrast=\"auto\">y <\/span><span data-contrast=\"auto\">desaparecidos y sus<\/span><span data-contrast=\"auto\"> familiares<\/span><span data-contrast=\"auto\"> todav\u00eda hasta 1982 estaban reclamando su presentaci\u00f3n con vida. Nunca tuvieron \u00e9xito.<\/span><span data-contrast=\"auto\">\u201d<\/span><span data-ccp-props=\"{&quot;134233279&quot;:true,&quot;201341983&quot;:0,&quot;335559731&quot;:708,&quot;335559739&quot;:160,&quot;335559740&quot;:240}\">\u00a0<\/span><\/p>\n<p><span data-contrast=\"auto\">En el caso de Xalapa<\/span><span data-contrast=\"auto\">,<\/span><span data-contrast=\"auto\"> cit\u00f3 un incidente de 1971: <\/span><span data-contrast=\"auto\">d<\/span><span data-contrast=\"auto\">escubrieron una escuela del Movimiento de Acci\u00f3n Revolucionaria<\/span><span data-contrast=\"auto\"> (MAR)<\/span><span data-contrast=\"auto\">. Un grupo que surgi\u00f3 de unos estudiantes de la<\/span><span data-contrast=\"auto\"> Universidad <\/span><span data-contrast=\"auto\">de la Amistad de los Pueblos \u201c<\/span><span data-contrast=\"auto\">Patricio <\/span><span data-contrast=\"auto\">Lumumba<\/span><span data-contrast=\"auto\">\u201d<\/span><span data-contrast=\"auto\"> de la Uni\u00f3n Sovi\u00e9tica.\u00a0<\/span><span data-ccp-props=\"{&quot;134233279&quot;:true,&quot;201341983&quot;:0,&quot;335559731&quot;:708,&quot;335559739&quot;:160,&quot;335559740&quot;:240}\">\u00a0<\/span><\/p>\n<p><span data-contrast=\"auto\">\u201c<\/span><span data-contrast=\"auto\">Este grupo de mexicanos ve<\/span><span data-contrast=\"auto\"> la situaci\u00f3n en M\u00e9xico y piensan que es importante hacer algo, armar una respuesta militar para derrocar al r\u00e9gimen. Ellos encontraron apoyo en el Gobierno de Corea del Norte y los entren\u00f3. Volvieron a M\u00e9xico e intenta<\/span><span data-contrast=\"auto\">ro<\/span><span data-contrast=\"auto\">n crear una insurrecci\u00f3n, pero para eso primero recluta<\/span><span data-contrast=\"auto\">ro<\/span><span data-contrast=\"auto\">n j\u00f3venes y los concentra<\/span><span data-contrast=\"auto\">ro<\/span><span data-contrast=\"auto\">n en estas escuelas que hab\u00eda de formaci\u00f3n pol\u00edtic<\/span><span data-contrast=\"auto\">o<\/span><span data-contrast=\"auto\">-militar.\u201d<\/span><span data-ccp-props=\"{&quot;134233279&quot;:true,&quot;201341983&quot;:0,&quot;335559731&quot;:708,&quot;335559739&quot;:160,&quot;335559740&quot;:240}\">\u00a0<\/span><\/p>\n<p><span data-contrast=\"auto\">Una de esas escuelas estaba en Xalapa<\/span><span data-contrast=\"auto\">;<\/span><span data-contrast=\"auto\"> no obstante,<\/span><span data-contrast=\"auto\"> el due\u00f1o de<\/span><span data-contrast=\"auto\"> la casa de segur<\/span><span data-contrast=\"auto\">idad que rentaban para tal fin<\/span><span data-contrast=\"auto\">, ubicada en la calle <\/span><span data-contrast=\"auto\">Victoria, era <\/span><span data-contrast=\"auto\">de un <\/span><span data-contrast=\"auto\">polic\u00eda judicial <\/span><span data-contrast=\"auto\">(otros citan que era ex polic\u00eda<\/span><span data-contrast=\"auto\"> judicial<\/span><span data-contrast=\"auto\">: <\/span><a href=\"https:\/\/bit.ly\/2OZeqQk\"><span data-contrast=\"none\">https:\/\/bit.ly\/2OZeqQk<\/span><\/a><span data-contrast=\"auto\">) <\/span><span data-contrast=\"auto\">y se percat\u00f3 de movimientos irregulares, inspeccion\u00f3 el inmueble y encontr\u00f3 propaganda, <\/span><span data-contrast=\"auto\">un arma<\/span><span data-contrast=\"auto\">, planos, manuales de explosivos.<\/span><span data-ccp-props=\"{&quot;134233279&quot;:true,&quot;201341983&quot;:0,&quot;335559731&quot;:708,&quot;335559739&quot;:160,&quot;335559740&quot;:240}\">\u00a0<\/span><\/p>\n<p><span data-contrast=\"auto\">Esto <\/span><span data-contrast=\"auto\">desencaden\u00f3 una pol\u00e9mica <\/span><span data-contrast=\"auto\">internacional<\/span><span data-contrast=\"auto\"> a grado tal que expulsaron a cinco diplom\u00e1ticos de la Uni\u00f3n Sovi\u00e9tica, aunque \u00e9sta no hab\u00eda estado involucrada en <\/span><span data-contrast=\"auto\">el <\/span><span data-contrast=\"auto\">suceso.<\/span><span data-ccp-props=\"{&quot;134233279&quot;:true,&quot;201341983&quot;:0,&quot;335559731&quot;:708,&quot;335559739&quot;:160,&quot;335559740&quot;:240}\">\u00a0<\/span><\/p>\n<p><span data-contrast=\"auto\">Otra organizaci\u00f3n que tuvo presencia en Veracr<\/span><span data-contrast=\"auto\">uz fue la Liga Comunista 23 de S<\/span><span data-contrast=\"auto\">eptiembre, concretamente en el <\/span><span data-contrast=\"auto\">s<\/span><span data-contrast=\"auto\">ur de la entidad.<\/span><span data-contrast=\"auto\"> Incluso,<\/span> <span data-contrast=\"auto\">en 1973 <\/span><span data-contrast=\"auto\">protagonizaron un enfrentamiento <\/span><span data-contrast=\"auto\">contra el Ej\u00e9rcito Mexicano <\/span><span data-contrast=\"auto\">en Acayucan, donde les identificaron una casa de seguridad.<\/span><span data-contrast=\"auto\">\u00a0<\/span><span data-ccp-props=\"{&quot;134233279&quot;:true,&quot;201341983&quot;:0,&quot;335559731&quot;:708,&quot;335559739&quot;:160,&quot;335559740&quot;:240}\">\u00a0<\/span><\/p>\n<p><span data-contrast=\"auto\">Incluso, <\/span><span data-contrast=\"auto\">el E<\/span><span data-contrast=\"auto\">j\u00e9rcito ocup\u00f3 la cabecera municipal ante la prevenci\u00f3n de que bajaran los grupos de guerrilleros <\/span><span data-contrast=\"auto\">de la sierra <\/span><span data-contrast=\"auto\">a pretender tomar el pueblo.<\/span><span data-ccp-props=\"{&quot;134233279&quot;:true,&quot;201341983&quot;:0,&quot;335559731&quot;:708,&quot;335559739&quot;:160,&quot;335559740&quot;:240}\">\u00a0<\/span><\/p>\n<p><span data-contrast=\"auto\">El entrevistado coment\u00f3 que si bien la investigaci\u00f3n abarca toda <\/span><span data-contrast=\"auto\">la <\/span><span data-contrast=\"auto\">entidad y por varias d\u00e9cadas, se ha encontrado con informaci\u00f3n <\/span><span data-contrast=\"auto\">de baja calidad<\/span> <span data-contrast=\"auto\">argumentativa <\/span><span data-contrast=\"auto\">al respecto.<\/span><span data-ccp-props=\"{&quot;134233279&quot;:true,&quot;201341983&quot;:0,&quot;335559731&quot;:708,&quot;335559739&quot;:160,&quot;335559740&quot;:240}\">\u00a0<\/span><\/p>\n<p><span data-contrast=\"auto\">\u201cA nivel de estudios regionales o de movimientos sociales y nacional sobre movimientos armados no hay nada sobre Veracruz\u201d<\/span><span data-contrast=\"auto\">,<\/span><span data-contrast=\"auto\"> dijo; pese a que hay poca informaci\u00f3n, \u00e9l sostiene que la guerrilla en esta entidad \u201ces una realidad<\/span><span data-contrast=\"auto\">,<\/span><span data-contrast=\"auto\"> que hubo y que hay<\/span><span data-contrast=\"auto\">.<\/span><span data-contrast=\"auto\">\u201d<\/span><span data-ccp-props=\"{&quot;134233279&quot;:true,&quot;201341983&quot;:0,&quot;335559731&quot;:708,&quot;335559739&quot;:160,&quot;335559740&quot;:240}\">\u00a0<\/span><\/p>\n<p><span data-contrast=\"auto\">Para <\/span><span data-contrast=\"auto\">muestra, cit\u00f3<\/span><span data-contrast=\"auto\"> al Ej\u00e9rcito Popular Revolucionario (EPR), que en 2007 atent\u00f3 contra los ductos de Petr\u00f3leos Mexicanos en <\/span><span data-contrast=\"auto\">Omealca<\/span><span data-contrast=\"auto\">, C\u00f3rdoba y La Antigua; <\/span><span data-contrast=\"auto\">fue una manera de <\/span><span data-contrast=\"auto\">presionar al <\/span><span data-contrast=\"auto\">E<\/span><span data-contrast=\"auto\">stado <\/span><span data-contrast=\"auto\">mexicano<\/span><span data-contrast=\"auto\"> por la desaparici\u00f3n forzada de Edmundo Reyes Amaya y Gabriel <\/span><span data-contrast=\"auto\">Alberto <\/span><span data-contrast=\"auto\">Cruz S\u00e1nchez, militantes de alto rango del EPR.<\/span><span data-ccp-props=\"{&quot;134233279&quot;:true,&quot;201341983&quot;:0,&quot;335559731&quot;:708,&quot;335559739&quot;:160,&quot;335559740&quot;:240}\">\u00a0<\/span><\/p>\n<p><span data-contrast=\"auto\">El hecho tuvo como resultado una comisi\u00f3n de mediaci\u00f3n <\/span><span data-contrast=\"auto\">donde participaron intelectuales como Rosario Ibarra, Miguel \u00c1ngel Gra<\/span><span data-contrast=\"auto\">nados Chapa y<\/span><span data-contrast=\"auto\"> Carlos Montemayor;<\/span><span data-contrast=\"auto\"> sin embargo<\/span><span data-contrast=\"auto\">, tal organismo<\/span><span data-contrast=\"auto\"> no tuvo \u00e9xito y ambos luchadores sociales siguen desaparecidos.<\/span><span data-ccp-props=\"{&quot;134233279&quot;:true,&quot;201341983&quot;:0,&quot;335559731&quot;:708,&quot;335559739&quot;:160,&quot;335559740&quot;:240}\">\u00a0<\/span><\/p>\n<p><span data-contrast=\"auto\">Para Alarc\u00f3n Campos<\/span><span data-contrast=\"auto\"> es necesario entender <\/span><span data-contrast=\"auto\">y estudiar <\/span><span data-contrast=\"auto\">e<\/span><span data-contrast=\"auto\">sas luchas sociales que van m\u00e1s all\u00e1 de los marcos democr\u00e1ti<\/span><span data-contrast=\"auto\">cos del E<\/span><span data-contrast=\"auto\">stado. Mencion\u00f3<\/span><span data-contrast=\"auto\"> a Nelson Mandela (Sud\u00e1frica, 1918-2013) <\/span><span data-contrast=\"auto\">y el movimiento que encabez\u00f3 <\/span><span data-contrast=\"auto\">\u2013qu<\/span><span data-contrast=\"auto\">i<\/span><span data-contrast=\"auto\">e<\/span><span data-contrast=\"auto\">n<\/span><span data-contrast=\"auto\"> entre sus frases <\/span><span data-contrast=\"auto\">c\u00e9lebres tiene \u00e9sta<\/span><span data-contrast=\"auto\">: <\/span><span data-contrast=\"auto\">\u201c<\/span><span data-contrast=\"auto\">Cuando decidimos tomar las armas fue porque la \u00fanica opci\u00f3n restante era rendirse y someterse a la esclavitud\u201d.<\/span><span data-ccp-props=\"{&quot;134233279&quot;:true,&quot;201341983&quot;:0,&quot;335559731&quot;:708,&quot;335559739&quot;:160,&quot;335559740&quot;:240}\">\u00a0<\/span><\/p>\n<p><span data-contrast=\"auto\">El universitario a<\/span><span data-contrast=\"auto\">\u00f1adi\u00f3: <\/span><span data-contrast=\"auto\">\u201cEstas expresiones no nacen de la noche a la ma\u00f1ana, no son procesos espont\u00e1neos. Como dijo Carlos Montemayor: son la culminaci\u00f3n de distintos procesos sociales. La violencia no nace como un impulso irracional, sino simplemente que ante la cerraz\u00f3n de <\/span><span data-contrast=\"auto\">los <\/span><span data-contrast=\"auto\">canales de comunicaci\u00f3n democr\u00e1ticos o de <\/span><span data-contrast=\"auto\">las <\/span><span data-contrast=\"auto\">instituciones <\/span><span data-contrast=\"auto\">por las demandas populares, dejan a los pueblos si<\/span><span data-contrast=\"auto\">n mayor opci\u00f3n que la violencia.\u201d<\/span><span data-ccp-props=\"{&quot;134233279&quot;:true,&quot;201341983&quot;:0,&quot;335559739&quot;:160,&quot;335559740&quot;:240}\">\u00a0<\/span><\/p>\n","protected":false},"excerpt":{"rendered":"<p>\u201cViolencia y resistencia. La guerrilla en Veracruz 1972-2016\u201d es el t\u00edtulo de la investigaci\u00f3n realizada por Gerardo Alarc\u00f3n Campos, estudiante de Sociolog\u00eda\u00a0<\/p>\n","protected":false},"author":1508,"featured_media":78209,"comment_status":"closed","ping_status":"closed","sticky":false,"template":"","format":"standard","meta":{"footnotes":""},"categories":[1],"tags":[],"class_list":["post-78210","post","type-post","status-publish","format-standard","has-post-thumbnail","hentry","category-general"],"_links":{"self":[{"href":"https:\/\/www.uv.mx\/prensa\/wp-json\/wp\/v2\/posts\/78210","targetHints":{"allow":["GET"]}}],"collection":[{"href":"https:\/\/www.uv.mx\/prensa\/wp-json\/wp\/v2\/posts"}],"about":[{"href":"https:\/\/www.uv.mx\/prensa\/wp-json\/wp\/v2\/types\/post"}],"author":[{"embeddable":true,"href":"https:\/\/www.uv.mx\/prensa\/wp-json\/wp\/v2\/users\/1508"}],"replies":[{"embeddable":true,"href":"https:\/\/www.uv.mx\/prensa\/wp-json\/wp\/v2\/comments?post=78210"}],"version-history":[{"count":0,"href":"https:\/\/www.uv.mx\/prensa\/wp-json\/wp\/v2\/posts\/78210\/revisions"}],"wp:featuredmedia":[{"embeddable":true,"href":"https:\/\/www.uv.mx\/prensa\/wp-json\/wp\/v2\/media\/78209"}],"wp:attachment":[{"href":"https:\/\/www.uv.mx\/prensa\/wp-json\/wp\/v2\/media?parent=78210"}],"wp:term":[{"taxonomy":"category","embeddable":true,"href":"https:\/\/www.uv.mx\/prensa\/wp-json\/wp\/v2\/categories?post=78210"},{"taxonomy":"post_tag","embeddable":true,"href":"https:\/\/www.uv.mx\/prensa\/wp-json\/wp\/v2\/tags?post=78210"}],"curies":[{"name":"wp","href":"https:\/\/api.w.org\/{rel}","templated":true}]}}