{"id":7819,"date":"2016-03-07T15:49:03","date_gmt":"2016-03-07T21:49:03","guid":{"rendered":"https:\/\/www.uv.mx\/prensa\/?p=7819"},"modified":"2016-03-08T14:25:28","modified_gmt":"2016-03-08T20:25:28","slug":"uv-recibe-apoyo-oficial-de-la-benv-y-del-sitev","status":"publish","type":"post","link":"https:\/\/www.uv.mx\/prensa\/general\/uv-recibe-apoyo-oficial-de-la-benv-y-del-sitev\/","title":{"rendered":"BENV y SITEV expresaron su apoyo a la UV"},"content":{"rendered":"<ul>\n<li><em>\u201cLa lucha de la UV trasciende sus fronteras: es una lucha por la defensa de la educaci\u00f3n p\u00fablica de Veracruz y de M\u00e9xico\u201d, dice la Normal<\/em><\/li>\n<\/ul>\n<p>La Benem\u00e9rita Escuela Normal Veracruzana \u201cEnrique C. R\u00e9bsamen\u201d (BENV) y el Sindicato Independiente de Trabajadores de la Educaci\u00f3n de Veracruz (SITEV) manifestaron, mediante sendos oficios, su respaldo a la lucha que las autoridades de la Universidad Veracruzana (UV) encabezan en defensa de su presupuesto y de la educaci\u00f3n p\u00fablica.<\/p>\n<p>\u201cLa Respetable Junta Acad\u00e9mica de la Benem\u00e9rita Escuela Normal Veracruzana \u2018Enrique C. R\u00e9bsamen\u2019, expresa su apoyo fraterno y solidario con la m\u00e1xima casa de estudios de Veracruz, y exige que el gobierno de estado aporte el financiamiento necesario y suficiente para que la Universidad Veracruzana continu\u00e9 con su misi\u00f3n de formar a la juventud con la calidad que le distingue\u201d, se lee en el oficio firmado por Fidel Hern\u00e1ndez Fern\u00e1ndez, director de la instituci\u00f3n.<\/p>\n<div id=\"attachment_7822\" style=\"width: 240px\" class=\"wp-caption aligncenter\"><a href=\"https:\/\/www.uv.mx\/prensa\/files\/2016\/03\/UV-recibe-apoyo-oficial-1-07.jpg\"><img loading=\"lazy\" decoding=\"async\" aria-describedby=\"caption-attachment-7822\" class=\"size-medium wp-image-7822\" src=\"https:\/\/www.uv.mx\/prensa\/files\/2016\/03\/UV-recibe-apoyo-oficial-1-07-230x300.jpg\" alt=\"Oficios emitidos por la BENV y el SITEV\" width=\"230\" height=\"300\" srcset=\"https:\/\/www.uv.mx\/prensa\/files\/2016\/03\/UV-recibe-apoyo-oficial-1-07-230x300.jpg 230w, https:\/\/www.uv.mx\/prensa\/files\/2016\/03\/UV-recibe-apoyo-oficial-1-07.jpg 414w\" sizes=\"auto, (max-width: 230px) 100vw, 230px\" \/><\/a><p id=\"caption-attachment-7822\" class=\"wp-caption-text\">Oficios emitidos por la BENV y el SITEV<\/p><\/div>\n<p>En el documento tambi\u00e9n se destaca que \u201cla lucha de la Universidad Veracruzana trasciende sus fronteras: es una lucha por la defensa de la educaci\u00f3n p\u00fablica de Veracruz y de M\u00e9xico. El m\u00e1ximo organismo colegiado de esta Benem\u00e9rita Instituci\u00f3n, haciendo causa com\u00fan, permanecer\u00e1 al tanto del devenir de los acontecimientos, esperando su pronta soluci\u00f3n\u201d.<\/p>\n<p>Comparte, adem\u00e1s, su preocupaci\u00f3n por \u201cla grave crisis que priva en el estado de Veracruz, en el terreno social, econ\u00f3mico y pol\u00edtico, as\u00ed como su \u201cindignaci\u00f3n ante la evidencia de que, incluso desde el escenario nacional, la educaci\u00f3n p\u00fablica enfrenta un ataque sist\u00e9mico desde las m\u00e1s altas esferas pol\u00edticas y medi\u00e1ticas\u201d.<\/p>\n<div id=\"attachment_7824\" style=\"width: 242px\" class=\"wp-caption aligncenter\"><a href=\"https:\/\/www.uv.mx\/prensa\/files\/2016\/03\/UV-recibe-apoyo-oficial-2-07.jpg\"><img loading=\"lazy\" decoding=\"async\" aria-describedby=\"caption-attachment-7824\" class=\"size-medium wp-image-7824\" src=\"https:\/\/www.uv.mx\/prensa\/files\/2016\/03\/UV-recibe-apoyo-oficial-2-07-232x300.jpg\" alt=\"Oficios emitidos por la BENV y el SITEV\" width=\"232\" height=\"300\" srcset=\"https:\/\/www.uv.mx\/prensa\/files\/2016\/03\/UV-recibe-apoyo-oficial-2-07-232x300.jpg 232w, https:\/\/www.uv.mx\/prensa\/files\/2016\/03\/UV-recibe-apoyo-oficial-2-07.jpg 408w\" sizes=\"auto, (max-width: 232px) 100vw, 232px\" \/><\/a><p id=\"caption-attachment-7824\" class=\"wp-caption-text\">Oficios emitidos por la BENV y el SITEV<\/p><\/div>\n<p>En ese mismo sentido, Alberto Y\u00e9pez Alfonso, secretario general del SITEV, dirigi\u00f3 a la rectora Sara Ladr\u00f3n de Guevara un oficio en el que afirma que este sindicato \u201cexpresa su franco respaldo a la defensa que est\u00e1 haciendo de la Universidad Veracruzana\u201d y le reitera que \u201ccuenta con el respeto y la solidaridad de nuestra organizaci\u00f3n sindical\u201d.<\/p>\n<p>Asimismo, destaca el reconocimiento que la Universidad tiene dentro y fuera del pa\u00eds, as\u00ed como la formaci\u00f3n de excelencia que se procura en los distintos programas de licenciatura.<\/p>\n","protected":false},"excerpt":{"rendered":"<p>La Benem\u00e9rita Escuela Normal Veracruzana \u201cEnrique C. R\u00e9bsamen\u201d (BENV) y el Sindicato Independiente de Trabajadores de la Educaci\u00f3n de Veracruz (SITEV) manifestaron, mediante sendos oficios, su respaldo a la lucha que las autoridades de la Universidad Veracruzana (UV) encabezan en defensa de su presupuesto y de la educaci\u00f3n p\u00fablica.<\/p>\n","protected":false},"author":1810,"featured_media":7825,"comment_status":"closed","ping_status":"closed","sticky":false,"template":"","format":"standard","meta":{"footnotes":""},"categories":[1],"tags":[2],"class_list":["post-7819","post","type-post","status-publish","format-standard","has-post-thumbnail","hentry","category-general","tag-principal"],"_links":{"self":[{"href":"https:\/\/www.uv.mx\/prensa\/wp-json\/wp\/v2\/posts\/7819","targetHints":{"allow":["GET"]}}],"collection":[{"href":"https:\/\/www.uv.mx\/prensa\/wp-json\/wp\/v2\/posts"}],"about":[{"href":"https:\/\/www.uv.mx\/prensa\/wp-json\/wp\/v2\/types\/post"}],"author":[{"embeddable":true,"href":"https:\/\/www.uv.mx\/prensa\/wp-json\/wp\/v2\/users\/1810"}],"replies":[{"embeddable":true,"href":"https:\/\/www.uv.mx\/prensa\/wp-json\/wp\/v2\/comments?post=7819"}],"version-history":[{"count":0,"href":"https:\/\/www.uv.mx\/prensa\/wp-json\/wp\/v2\/posts\/7819\/revisions"}],"wp:featuredmedia":[{"embeddable":true,"href":"https:\/\/www.uv.mx\/prensa\/wp-json\/wp\/v2\/media\/7825"}],"wp:attachment":[{"href":"https:\/\/www.uv.mx\/prensa\/wp-json\/wp\/v2\/media?parent=7819"}],"wp:term":[{"taxonomy":"category","embeddable":true,"href":"https:\/\/www.uv.mx\/prensa\/wp-json\/wp\/v2\/categories?post=7819"},{"taxonomy":"post_tag","embeddable":true,"href":"https:\/\/www.uv.mx\/prensa\/wp-json\/wp\/v2\/tags?post=7819"}],"curies":[{"name":"wp","href":"https:\/\/api.w.org\/{rel}","templated":true}]}}