{"id":78162,"date":"2019-12-13T18:13:45","date_gmt":"2019-12-14T00:13:45","guid":{"rendered":"https:\/\/www.uv.mx\/prensa\/?p=78162"},"modified":"2019-12-17T11:40:23","modified_gmt":"2019-12-17T17:40:23","slug":"matematicas-deben-ensenarse-con-pasion-ex-alumnos","status":"publish","type":"post","link":"https:\/\/www.uv.mx\/prensa\/general\/matematicas-deben-ensenarse-con-pasion-ex-alumnos\/","title":{"rendered":"Matem\u00e1ticas deben ense\u00f1arse con pasi\u00f3n: ex alumnos"},"content":{"rendered":"<ul>\n<li data-leveltext=\"\uf0b7\" data-font=\"Symbol\" data-listid=\"1\" data-aria-posinset=\"1\" data-aria-level=\"1\"><i><span data-contrast=\"auto\">La <\/span><\/i><i><span data-contrast=\"auto\">Facultad de Matem\u00e1ticas realiz\u00f3 el <\/span><\/i><i><span data-contrast=\"auto\">1<\/span><\/i><i><span data-contrast=\"auto\">er<\/span><\/i><i><span data-contrast=\"auto\"> Foro de Egresados<\/span><\/i><span data-ccp-props=\"{&quot;134233279&quot;:true,&quot;201341983&quot;:0,&quot;335559739&quot;:160,&quot;335559740&quot;:240}\">\u00a0<\/span><\/li>\n<\/ul>\n<div id=\"attachment_78142\" style=\"width: 732px\" class=\"wp-caption aligncenter\"><a href=\"https:\/\/www.uv.mx\/prensa\/files\/2019\/12\/131219-KARINA-Encuentro-de-egresados-1.jpg\"><img loading=\"lazy\" decoding=\"async\" aria-describedby=\"caption-attachment-78142\" class=\"size-full wp-image-78142\" src=\"https:\/\/www.uv.mx\/prensa\/files\/2019\/12\/131219-KARINA-Encuentro-de-egresados-1.jpg\" alt=\"\" width=\"722\" height=\"356\" srcset=\"https:\/\/www.uv.mx\/prensa\/files\/2019\/12\/131219-KARINA-Encuentro-de-egresados-1.jpg 722w, https:\/\/www.uv.mx\/prensa\/files\/2019\/12\/131219-KARINA-Encuentro-de-egresados-1-300x148.jpg 300w\" sizes=\"auto, (max-width: 722px) 100vw, 722px\" \/><\/a><p id=\"caption-attachment-78142\" class=\"wp-caption-text\">Participantes en el 1er Foro de Egresados, acad\u00e9micos organizadores y autoridades universitarias<\/p><\/div>\n<p><b><i><span data-contrast=\"auto\">Karina de la Paz Reyes D\u00edaz<\/span><\/i><\/b><span data-ccp-props=\"{&quot;134233279&quot;:true,&quot;201341983&quot;:0,&quot;335559739&quot;:160,&quot;335559740&quot;:240}\">\u00a0<\/span><\/p>\n<p><b><i><span data-contrast=\"auto\">13\/12\/2019, Xalapa, Ver.- <\/span><\/i><\/b><span data-contrast=\"auto\">La<a href=\"https:\/\/www.uv.mx\/matematicas\/\" target=\"_blank\" rel=\"noopener noreferrer\"> Facultad de Matem\u00e1ticas <\/a>de la Universidad Veracruzana (UV) realiz\u00f3 el <\/span><span data-contrast=\"auto\">1er<\/span><span data-contrast=\"auto\"> Foro de Egresados, en el que participaron<\/span><span data-contrast=\"auto\"> quienes se desempe\u00f1an en la ense\u00f1anza, en el quehacer de la propia ciencia y estudiantes de posgrado.<\/span><span data-ccp-props=\"{&quot;134233279&quot;:true,&quot;201341983&quot;:0,&quot;335559739&quot;:160,&quot;335559740&quot;:240}\">\u00a0<\/span><\/p>\n<p><span data-contrast=\"auto\">En la Mesa 1, ante una serie de planteamientos y opiniones por parte de los protagonistas<\/span><span data-contrast=\"auto\">,<\/span><span data-contrast=\"auto\"> prevaleci\u00f3 al un\u00edsono que las matem\u00e1ticas deben ense\u00f1arse con pasi\u00f3n y pensamiento cr\u00edtico.<\/span><span data-ccp-props=\"{&quot;134233279&quot;:true,&quot;201341983&quot;:0,&quot;335559731&quot;:708,&quot;335559739&quot;:160,&quot;335559740&quot;:240}\">\u00a0<\/span><\/p>\n<p><span data-contrast=\"auto\">Francisco Gabriel Hern\u00e1ndez Zamora, director de la Facultad, <\/span><span data-contrast=\"auto\">se\u00f1al\u00f3<\/span><span data-contrast=\"auto\"> que la finalidad de este ejercicio es identificar a trav\u00e9s de un grupo de exalumnos las fortalezas y debilidades del programa educativo de la Licenciatura en Matem\u00e1ticas; conocer la opini\u00f3n de \u00e9stos acerca de las competencias, habilidades y actitudes que deben dominar los futuros profesionales de la matem\u00e1tica, para desempe\u00f1arse con \u00e9xito en el \u00e1mbito profesional.<\/span><span data-ccp-props=\"{&quot;134233279&quot;:true,&quot;201341983&quot;:0,&quot;335559731&quot;:708,&quot;335559739&quot;:160,&quot;335559740&quot;:240}\">\u00a0<\/span><\/p>\n<p><span data-contrast=\"auto\">Las actividades se realizaron el<\/span><span data-contrast=\"auto\"> 13 de diciembre en las instalaciones de la entidad educativa <\/span><span data-contrast=\"auto\">y se <\/span><span data-contrast=\"auto\">dividieron <\/span><span data-contrast=\"auto\">en cuatro mesas: \u201cEnse\u00f1anza\u201d, concerniente a los egresados que trabajan como profe<\/span><span data-contrast=\"auto\">sores de nivel preuniversitario<\/span><span data-contrast=\"auto\">; \u201cSector productivo\u201d, en el que participaron quienes se dedican a las aplicaciones o \u00e1reas afines a las matem\u00e1ticas; \u201cEl quehacer de las matem\u00e1ticas\u201d, cuyo<\/span><span data-contrast=\"auto\">s<\/span><span data-contrast=\"auto\"> protagonistas trabajan en la investigaci\u00f3n; <\/span><span data-contrast=\"auto\">y <\/span><span data-contrast=\"auto\">\u201cExperiencia en posgrado\u201d, para quienes actualmente cursan tal nivel.<\/span><span data-ccp-props=\"{&quot;134233279&quot;:true,&quot;201341983&quot;:0,&quot;335559731&quot;:708,&quot;335559739&quot;:160,&quot;335559740&quot;:240}\">\u00a0<\/span><\/p>\n<p><span data-contrast=\"auto\">Es por e<\/span><span data-contrast=\"auto\">llo que participaron<\/span><span data-contrast=\"auto\"> profesores de entidades educativas particulares y privadas \u2013como el <\/span><span data-contrast=\"auto\">Telebachillerato<\/span><span data-contrast=\"auto\"> o el Colegio de Bachilleres del Estado de Veracruz<\/span><span data-contrast=\"auto\"> (<\/span><i><span data-contrast=\"auto\">Cobaev<\/span><\/i><span data-contrast=\"auto\">)<\/span><span data-contrast=\"auto\">\u2013<\/span><span data-contrast=\"auto\">; quienes se desempe\u00f1an en entidades como el <\/span><span data-contrast=\"auto\">Laboratorio Nacional de Inform\u00e1tica Avanzada, A.C<\/span><span data-contrast=\"auto\">., el Centro de Investigaciones en Inteligencia Artificial de la UV, la <\/span><span data-contrast=\"auto\">Comisi\u00f3n Nacional para el Conocimiento y Uso de la Biodiversidad<\/span><span data-contrast=\"auto\">, <\/span><span data-contrast=\"auto\">incluso <\/span><span data-contrast=\"auto\">personas que<\/span><span data-contrast=\"auto\"> se desempe\u00f1an en la autogesti\u00f3n.<\/span><span data-ccp-props=\"{&quot;134233279&quot;:true,&quot;201341983&quot;:0,&quot;335559731&quot;:708,&quot;335559739&quot;:160,&quot;335559740&quot;:240}\">\u00a0<\/span><\/p>\n<p><span data-contrast=\"auto\">Tam<\/span><span data-contrast=\"auto\">bi\u00e9n i<\/span><span data-contrast=\"auto\">ntegrantes <\/span><span data-contrast=\"auto\">de entidades como el Departamento de Matem\u00e1ticas <\/span><span data-contrast=\"auto\">de la Universidad de Guanajuato,<\/span><span data-contrast=\"auto\"> de la Unidad de <\/span><span data-contrast=\"auto\">Ciencias B\u00e1sicas de la <\/span><span data-contrast=\"auto\">Universidad <\/span><span data-contrast=\"auto\">Aut\u00f3noma Metrop<\/span><span data-contrast=\"auto\">olitana-Unidad Azcapotzalco y de<\/span><span data-contrast=\"auto\"> la propia Facultad de Matem\u00e1ticas de la UV<\/span><span data-contrast=\"auto\">.<\/span><span data-ccp-props=\"{&quot;134233279&quot;:true,&quot;201341983&quot;:0,&quot;335559731&quot;:708,&quot;335559739&quot;:160,&quot;335559740&quot;:240}\">\u00a0<\/span><\/p>\n<div id=\"attachment_78141\" style=\"width: 732px\" class=\"wp-caption aligncenter\"><a href=\"https:\/\/www.uv.mx\/prensa\/files\/2019\/12\/1er-Foro-de-Egresados-2.jpg\"><img loading=\"lazy\" decoding=\"async\" aria-describedby=\"caption-attachment-78141\" class=\"size-full wp-image-78141\" src=\"https:\/\/www.uv.mx\/prensa\/files\/2019\/12\/1er-Foro-de-Egresados-2.jpg\" alt=\"\" width=\"722\" height=\"377\" srcset=\"https:\/\/www.uv.mx\/prensa\/files\/2019\/12\/1er-Foro-de-Egresados-2.jpg 722w, https:\/\/www.uv.mx\/prensa\/files\/2019\/12\/1er-Foro-de-Egresados-2-300x157.jpg 300w\" sizes=\"auto, (max-width: 722px) 100vw, 722px\" \/><\/a><p id=\"caption-attachment-78141\" class=\"wp-caption-text\">Diego Contreras, Carolina Segura, Agust\u00edn M\u00e9ndez y Antonio Hern\u00e1ndez<\/p><\/div>\n<p><span data-contrast=\"auto\">Adem\u00e1s, estudiantes de<\/span> <span data-contrast=\"auto\">l<\/span><span data-contrast=\"auto\">os d<\/span><span data-contrast=\"auto\">octorado<\/span><span data-contrast=\"auto\">s<\/span><span data-contrast=\"auto\"> en Matem\u00e1ticas del Centro de Investigaci\u00f3n en Matem\u00e1ticas, de la UV y el <\/span><span data-contrast=\"auto\">Doctorado en <\/span><span data-contrast=\"auto\">Inteligencia Artificial, tambi\u00e9n de esta instituci\u00f3n.<\/span><span data-contrast=\"auto\">\u00a0<\/span><span data-ccp-props=\"{&quot;134233279&quot;:true,&quot;201341983&quot;:0,&quot;335559731&quot;:708,&quot;335559739&quot;:160,&quot;335559740&quot;:240}\">\u00a0<\/span><\/p>\n<p><span data-contrast=\"auto\">En la <\/span><span data-contrast=\"auto\">M<\/span><span data-contrast=\"auto\">esa 1 particip\u00f3 Antonio Hern\u00e1ndez Ram\u00edrez, quien se desempe\u00f1a en la Universidad An\u00e1huac; Agust\u00edn M\u00e9ndez Andrade, del Colegio Las Hayas; Carolina Segura Alarc\u00f3n, del <\/span><span data-contrast=\"auto\">Telebachillerato<\/span> <span data-contrast=\"auto\">de <\/span><span data-contrast=\"auto\">Cerro Gordo, y Diego Contreras Coste\u00f1o, del <\/span><i><span data-contrast=\"auto\">Cobaev<\/span><\/i> <span data-contrast=\"auto\">Plantel 35.<\/span><span data-ccp-props=\"{&quot;134233279&quot;:true,&quot;201341983&quot;:0,&quot;335559731&quot;:708,&quot;335559739&quot;:160,&quot;335559740&quot;:240}\">\u00a0<\/span><\/p>\n<p><span data-contrast=\"auto\">Fueron varios los temas que se analizaron, desde asuntos burocr\u00e1ticos y administrativos que imposibilitan una fruct\u00edfera manera de ense\u00f1ar matem\u00e1ticas en los ni\u00f1os y j\u00f3venes, pasando por la cultura que priva en M\u00e9xico respecto a esta ciencia \u2013que se inclina por rehusarse a aprenderlas y en algunos casos <\/span><span data-contrast=\"auto\">llegan <\/span><span data-contrast=\"auto\">hasta aborrecerlas\u2013, as\u00ed como la necesidad de que quien las ense\u00f1e debe dominarlas y motivar para que, paulatinamente, sean bien vistas y sus grandes beneficios sean aprovechados.<\/span><span data-ccp-props=\"{&quot;134233279&quot;:true,&quot;201341983&quot;:0,&quot;335559731&quot;:708,&quot;335559739&quot;:160,&quot;335559740&quot;:240}\">\u00a0<\/span><\/p>\n<p><span data-contrast=\"auto\">\u201c<\/span><span data-contrast=\"auto\">Si nosotros los maestros, estemos en el nivel que estemos<\/span><span data-contrast=\"auto\">,<\/span><span data-contrast=\"auto\"> no tenemos un dominio pleno de esos objetos que vamos a estar trabajando, dif\u00edcilmente vamos a poderlo a<\/span><span data-contrast=\"auto\">terrizar en nuestros educandos.<\/span><span data-ccp-props=\"{&quot;134233279&quot;:true,&quot;201341983&quot;:0,&quot;335559739&quot;:160,&quot;335559740&quot;:240}\">\u00a0<\/span><\/p>\n<p><span data-contrast=\"auto\">\u201dC<\/span><span data-contrast=\"auto\">reo que lo primero que <\/span><span data-contrast=\"auto\">deb<\/span><span data-contrast=\"auto\">emos hacer es ser conscientes de cu\u00e1nto sabemos, c\u00f3mo lo sabemos y s<\/span><span data-contrast=\"auto\">er autocr\u00edticos, preguntarnos si e<\/span><span data-contrast=\"auto\">s suficiente<\/span><span data-contrast=\"auto\">.<\/span><span data-contrast=\"auto\"> Otro punto es saber si realmente queremos ense\u00f1ar matem\u00e1ticas y eso tiene que ver con otro asunto. Siendo rom\u00e1nticos, creo que a los maestros a veces nos falta pasi\u00f3n por hacer esto, nosotros mismos, si queremos forjar en nuestros estudiantes un pensamiento cr\u00edtico debemos tenerlo\u201d, dijo Antonio Hern\u00e1ndez.<\/span><span data-ccp-props=\"{&quot;134233279&quot;:true,&quot;201341983&quot;:0,&quot;335559739&quot;:160,&quot;335559740&quot;:240}\">\u00a0<\/span><\/p>\n<p><span data-contrast=\"auto\">El <\/span><span data-contrast=\"auto\">Comit\u00e9 Organizador<\/span><span data-contrast=\"auto\"> de<\/span><span data-contrast=\"auto\">l<\/span> <span data-contrast=\"auto\">1er<\/span><span data-contrast=\"auto\"> Foro de Egresados estuvo conformado por: <\/span><span data-contrast=\"auto\">Fra<\/span><span data-contrast=\"auto\">ncisco Gabriel Hern\u00e1ndez Zamora, Martha Lorena Avenda\u00f1o Garrido, Porfirio Toledo Hern\u00e1ndez, Ernesto Pedro Men\u00e9ndez Acu\u00f1a y <\/span><span data-contrast=\"auto\">Raquiel<\/span><span data-contrast=\"auto\"> Rufino L\u00f3pez Mart\u00ednez<\/span><span data-contrast=\"auto\">.<\/span><span data-ccp-props=\"{&quot;134233279&quot;:true,&quot;201341983&quot;:0,&quot;335559739&quot;:160,&quot;335559740&quot;:240}\">\u00a0<\/span><\/p>\n","protected":false},"excerpt":{"rendered":"<p>La Facultad de Matem\u00e1ticas realiz\u00f3 el 1er Foro de Egresados\u00a0<\/p>\n","protected":false},"author":1508,"featured_media":78142,"comment_status":"closed","ping_status":"closed","sticky":false,"template":"","format":"standard","meta":{"footnotes":""},"categories":[1],"tags":[],"class_list":["post-78162","post","type-post","status-publish","format-standard","has-post-thumbnail","hentry","category-general"],"_links":{"self":[{"href":"https:\/\/www.uv.mx\/prensa\/wp-json\/wp\/v2\/posts\/78162","targetHints":{"allow":["GET"]}}],"collection":[{"href":"https:\/\/www.uv.mx\/prensa\/wp-json\/wp\/v2\/posts"}],"about":[{"href":"https:\/\/www.uv.mx\/prensa\/wp-json\/wp\/v2\/types\/post"}],"author":[{"embeddable":true,"href":"https:\/\/www.uv.mx\/prensa\/wp-json\/wp\/v2\/users\/1508"}],"replies":[{"embeddable":true,"href":"https:\/\/www.uv.mx\/prensa\/wp-json\/wp\/v2\/comments?post=78162"}],"version-history":[{"count":0,"href":"https:\/\/www.uv.mx\/prensa\/wp-json\/wp\/v2\/posts\/78162\/revisions"}],"wp:featuredmedia":[{"embeddable":true,"href":"https:\/\/www.uv.mx\/prensa\/wp-json\/wp\/v2\/media\/78142"}],"wp:attachment":[{"href":"https:\/\/www.uv.mx\/prensa\/wp-json\/wp\/v2\/media?parent=78162"}],"wp:term":[{"taxonomy":"category","embeddable":true,"href":"https:\/\/www.uv.mx\/prensa\/wp-json\/wp\/v2\/categories?post=78162"},{"taxonomy":"post_tag","embeddable":true,"href":"https:\/\/www.uv.mx\/prensa\/wp-json\/wp\/v2\/tags?post=78162"}],"curies":[{"name":"wp","href":"https:\/\/api.w.org\/{rel}","templated":true}]}}