{"id":78124,"date":"2019-12-13T11:53:16","date_gmt":"2019-12-13T17:53:16","guid":{"rendered":"https:\/\/www.uv.mx\/prensa\/?p=78124"},"modified":"2019-12-17T11:51:50","modified_gmt":"2019-12-17T17:51:50","slug":"uv-firmo-convenios-de-colaboracion-con-sedema-sectur-y-conalep","status":"publish","type":"post","link":"https:\/\/www.uv.mx\/prensa\/banner\/uv-firmo-convenios-de-colaboracion-con-sedema-sectur-y-conalep\/","title":{"rendered":"UV firm\u00f3 convenios de colaboraci\u00f3n con <em>Sedema<\/em>, <em>Sectur<\/em> y <em>Conalep<\/em>"},"content":{"rendered":"<ul>\n<li data-leveltext=\"\uf0b7\" data-font=\"Symbol\" data-listid=\"1\" data-aria-posinset=\"1\" data-aria-level=\"1\"><i><span data-contrast=\"auto\">\u201cE<\/span><\/i><i><span data-contrast=\"auto\">stoy segura que su materializaci\u00f3n habr\u00e1 de traducirse en nuevos logros y avances en materia de educaci\u00f3n, turismo y medio ambiente<\/span><\/i><i><span data-contrast=\"auto\">\u201d: Rectora<\/span><\/i><span data-ccp-props=\"{&quot;134233279&quot;:true}\">\u00a0<\/span><\/li>\n<li data-leveltext=\"\uf0b7\" data-font=\"Symbol\" data-listid=\"1\" data-aria-posinset=\"2\" data-aria-level=\"1\"><i><span data-contrast=\"auto\">\u201c<\/span><\/i><i><span data-contrast=\"auto\">No s\u00f3lo queremos ser aliados en el papel y en el discurso, sino en el trabajo diario, porque queremos hacer de Veracruz un lugar mejor<\/span><\/i><i><span data-contrast=\"auto\">\u201d: <\/span><\/i><i><span data-contrast=\"auto\">Xo<\/span><\/i><i><span data-contrast=\"auto\">chitl<\/span><\/i> <i><span data-contrast=\"auto\">Arbes\u00fa<\/span><\/i><\/li>\n<\/ul>\n<div id='gallery-1' class='gallery galleryid-78124 gallery-columns-3 gallery-size-thumbnail'><dl class='gallery-item'>\n\t\t\t<dt class='gallery-icon landscape'>\n\t\t\t\t<a href='https:\/\/www.uv.mx\/prensa\/banner\/uv-firmo-convenios-de-colaboracion-con-sedema-sectur-y-conalep\/attachment\/121219-paola-firma-de-convenios-1-100k\/'><img width=\"150\" height=\"150\" src=\"https:\/\/www.uv.mx\/prensa\/files\/2019\/12\/121219-PAOLA-Firma-de-convenios-1-100k-150x150.jpg\" class=\"attachment-thumbnail size-thumbnail\" alt=\"Sara Ladr\u00f3n de Guevara y Mar\u00eda del Roc\u00edo P\u00e9rez\" decoding=\"async\" loading=\"lazy\" aria-describedby=\"gallery-1-78125\" \/><\/a>\n\t\t\t<\/dt>\n\t\t\t\t<dd class='wp-caption-text gallery-caption' id='gallery-1-78125'>\n\t\t\t\tSara Ladr\u00f3n de Guevara y Mar\u00eda del Roc\u00edo P\u00e9rez  \n\t\t\t\t<\/dd><\/dl><dl class='gallery-item'>\n\t\t\t<dt class='gallery-icon landscape'>\n\t\t\t\t<a href='https:\/\/www.uv.mx\/prensa\/banner\/uv-firmo-convenios-de-colaboracion-con-sedema-sectur-y-conalep\/attachment\/121219-paola-firma-de-convenios-2-100k\/'><img width=\"150\" height=\"150\" src=\"https:\/\/www.uv.mx\/prensa\/files\/2019\/12\/121219-PAOLA-Firma-de-convenios-2-100k-150x150.jpg\" class=\"attachment-thumbnail size-thumbnail\" alt=\"La Rectora de la UV y Xochitl Arbes\u00fa\" decoding=\"async\" loading=\"lazy\" aria-describedby=\"gallery-1-78126\" \/><\/a>\n\t\t\t<\/dt>\n\t\t\t\t<dd class='wp-caption-text gallery-caption' id='gallery-1-78126'>\n\t\t\t\tLa Rectora de la UV y Xochitl Arbes\u00fa \n\t\t\t\t<\/dd><\/dl><dl class='gallery-item'>\n\t\t\t<dt class='gallery-icon landscape'>\n\t\t\t\t<a href='https:\/\/www.uv.mx\/prensa\/banner\/uv-firmo-convenios-de-colaboracion-con-sedema-sectur-y-conalep\/attachment\/121219-paola-firma-de-convenios-3-100k\/'><img width=\"150\" height=\"150\" src=\"https:\/\/www.uv.mx\/prensa\/files\/2019\/12\/121219-PAOLA-Firma-de-convenios-3-100k-150x150.jpg\" class=\"attachment-thumbnail size-thumbnail\" alt=\"Sara Ladr\u00f3n de Guevara y Jes\u00fas Guillermo Ar\u00e9valo firmaron convenio general de colaboraci\u00f3n\" decoding=\"async\" loading=\"lazy\" aria-describedby=\"gallery-1-78127\" \/><\/a>\n\t\t\t<\/dt>\n\t\t\t\t<dd class='wp-caption-text gallery-caption' id='gallery-1-78127'>\n\t\t\t\tSara Ladr\u00f3n de Guevara y Jes\u00fas Guillermo Ar\u00e9valo firmaron convenio general de colaboraci\u00f3n\n\t\t\t\t<\/dd><\/dl><br style=\"clear: both\" \/>\n\t\t<\/div>\n\n<p><b><i><span data-contrast=\"auto\">Paola Cort\u00e9s P\u00e9rez<\/span><\/i><\/b><\/p>\n<p><b><i><span data-contrast=\"auto\">1<\/span><\/i><\/b><b><i><span data-contrast=\"auto\">3<\/span><\/i><\/b><b><i><span data-contrast=\"auto\">\/12\/2019, Xalapa, Ver.-<\/span><\/i><\/b> <span data-contrast=\"auto\">La <a href=\"https:\/\/www.uv.mx\/\" target=\"_blank\" rel=\"noopener noreferrer\">Universidad Veracruzana<\/a> (UV) firm\u00f3 convenios generales d<\/span><span data-contrast=\"auto\">e colaboraci\u00f3n con las secretar\u00ed<\/span><span data-contrast=\"auto\">as estatales de Turismo y Cultura (<\/span><i><span data-contrast=\"auto\">Sectur<\/span><\/i><span data-contrast=\"auto\">) y de <\/span><span data-contrast=\"auto\">Medio<\/span><span data-contrast=\"auto\"> Ambiente (<\/span><i><span data-contrast=\"auto\">Sedema<\/span><\/i><span data-contrast=\"auto\">), <\/span><span data-contrast=\"auto\">as\u00ed como<\/span><span data-contrast=\"auto\"> con el <\/span><span data-contrast=\"auto\">C<\/span><span data-contrast=\"auto\">olegio de Educaci\u00f3n Profesional T\u00e9cnica del Estado de Veracruz (<\/span><i><span data-contrast=\"auto\">Conalep<\/span><\/i><span data-contrast=\"auto\">), que redundar\u00e1n en beneficios de los j\u00f3venes y <\/span><span data-contrast=\"auto\">la <\/span><span data-contrast=\"auto\">sociedad veracruzana<\/span><span data-contrast=\"auto\"> en general<\/span><span data-contrast=\"auto\">.<\/span><span data-ccp-props=\"{}\">\u00a0<\/span><\/p>\n<p><span data-contrast=\"auto\">La signa de los convenio<\/span><span data-contrast=\"auto\">s<\/span><span data-contrast=\"auto\"> se realiz\u00f3 la tarde del jueves 12 de diciembre en la Sala de Juntas de Rector\u00eda<\/span><span data-contrast=\"auto\">, <\/span><span data-contrast=\"auto\">encabezada por la rectora de la UV, Sara Ladr\u00f3n de Guevara; la titular de la <\/span><i><span data-contrast=\"auto\">Sedema<\/span><\/i><span data-contrast=\"auto\">, Mar\u00eda del Roc\u00edo P\u00e9rez <\/span><span data-contrast=\"auto\">P\u00e9rez<\/span><span data-contrast=\"auto\">; la titular de la <\/span><i><span data-contrast=\"auto\">Sectur<\/span><\/i><span data-contrast=\"auto\">, <\/span><span data-contrast=\"auto\">Xochitl<\/span> <span data-contrast=\"auto\">Arbes\u00fa<\/span><span data-contrast=\"auto\"> Lago, y el director general del <\/span><i><span data-contrast=\"auto\">Conalep<\/span><\/i><span data-contrast=\"auto\">, Jes\u00fas Guillermo Ar\u00e9valo <\/span><span data-contrast=\"auto\">Owseykoff<\/span><span data-contrast=\"auto\">.<\/span><span data-ccp-props=\"{&quot;335559731&quot;:708}\">\u00a0<\/span><\/p>\n<p><span data-contrast=\"auto\">Sara Ladr\u00f3n de Guevara coment\u00f3 que <\/span><span data-contrast=\"auto\">los acuerdos tienen un marcado <\/span><span data-contrast=\"auto\">contenido social, y agreg\u00f3 que \u00e9<\/span><span data-contrast=\"auto\">stos permear\u00e1n en las distintas \u00e1reas, tareas, quehaceres y funciones de la Universidad.<\/span><span data-ccp-props=\"{&quot;335559731&quot;:708}\">\u00a0<\/span><\/p>\n<p><span data-contrast=\"auto\">Puntualiz\u00f3 <\/span><span data-contrast=\"auto\">que estos convenios establecen las bases y lineamientos generales a los que se sujetar<\/span><span data-contrast=\"auto\">\u00e1<\/span><span data-contrast=\"auto\">n las partes involucradas a efecto de desarrollar:<\/span><span data-ccp-props=\"{&quot;335559731&quot;:708}\">\u00a0<\/span><\/p>\n<ol>\n<li><span data-contrast=\"auto\">P<\/span><span data-contrast=\"auto\">rogramas espec\u00edficos en <\/span><span data-contrast=\"auto\">materia acad\u00e9mica, tecnol\u00f3gica, <\/span><span data-contrast=\"auto\">cultural, de servicio social y pr\u00e1cticas profesionales, que apoyen el desarrollo de las instituciones p\u00fablicas, promuevan la calidad educativa para la formaci\u00f3n integral de los estudiantes en acciones vinculadas que beneficien a la comunidad en su conjunto.<\/span><span data-ccp-props=\"{&quot;335559731&quot;:708}\">\u00a0<\/span><\/li>\n<li><span data-contrast=\"auto\">A<\/span><span data-contrast=\"auto\">cciones de inter\u00e9s y beneficio mutuo relacionadas con el desarrollo acad\u00e9mico, cient\u00edfico, tecnol\u00f3gico y de vinculaci\u00f3n, que ser\u00e1n acordadas mediante convenios espec\u00edficos y de conformidad con la normatividad aplicada.<\/span><span data-ccp-props=\"{&quot;335559731&quot;:708}\">\u00a0<\/span><\/li>\n<li><span data-contrast=\"auto\">Conjuntar esfuerzos, capacidades y recursos, para realizar diversas acciones de inter\u00e9s mutuo respecto a la difusi\u00f3n y divulgaci\u00f3n en materia ambiental, servicio social, pr\u00e1cticas profesionales, formaci\u00f3n continua de recursos humanos, investigaci\u00f3n, constituci\u00f3n de los fondos sectoriales, intercambio en las \u00e1reas de inter\u00e9s y beneficio mutuo.<\/span><span data-ccp-props=\"{&quot;335559731&quot;:708}\">\u00a0<\/span><\/li>\n<\/ol>\n<p><span data-contrast=\"auto\">\u201cCelebr<\/span><span data-contrast=\"auto\">o<\/span><span data-contrast=\"auto\"> la firma de estos tres convenios, estoy segura que su materializaci\u00f3n habr\u00e1 de traducirse en nuevos logros y avances en materia de educaci\u00f3n, turismo y medio ambiente, de esta manera ganar\u00e1n nuestras instituciones, sobre todo para nuestro estado y sociedad.\u201d<\/span><span data-ccp-props=\"{&quot;335559731&quot;:708}\">\u00a0<\/span><\/p>\n<p><span data-contrast=\"auto\">Al respecto, Jes\u00fas <\/span><span data-contrast=\"auto\">Guillermo Ar\u00e9valo<\/span> <span data-contrast=\"auto\">dijo que los factores que inst<\/span><span data-contrast=\"auto\">a<\/span><span data-contrast=\"auto\">ron a la firma del convenio fueron los pr\u00f3speros talentos, los ingenios sin par, la inventiva, el compromiso, la s\u00f3lida formaci\u00f3n acad\u00e9mica \u2013con acento regional y visi\u00f3n global\u2013, <\/span><span data-contrast=\"auto\">as\u00ed como el apremiante v\u00ednculo con la industria, la iniciativa privada y la problem\u00e1tica concreta de nuestra entidad.<\/span><\/p>\n<div id=\"attachment_78128\" style=\"width: 732px\" class=\"wp-caption aligncenter\"><a href=\"https:\/\/www.uv.mx\/prensa\/files\/2019\/12\/121219-PAOLA-Firma-de-convenios-4-100k.jpg\"><img aria-describedby=\"caption-attachment-78128\" decoding=\"async\" loading=\"lazy\" class=\"size-full wp-image-78128\" src=\"https:\/\/www.uv.mx\/prensa\/files\/2019\/12\/121219-PAOLA-Firma-de-convenios-4-100k.jpg\" alt=\"Autoridades universitarias y del gobierno estatal se comprometieron a trabajar en beneficio de la sociedad veracruzana\" width=\"722\" height=\"481\" srcset=\"https:\/\/www.uv.mx\/prensa\/files\/2019\/12\/121219-PAOLA-Firma-de-convenios-4-100k.jpg 722w, https:\/\/www.uv.mx\/prensa\/files\/2019\/12\/121219-PAOLA-Firma-de-convenios-4-100k-300x200.jpg 300w\" sizes=\"(max-width: 722px) 100vw, 722px\" \/><\/a><p id=\"caption-attachment-78128\" class=\"wp-caption-text\">Autoridades universitarias y del gobierno estatal se comprometieron a trabajar en beneficio de la sociedad veracruzana<\/p><\/div>\n<p><span data-contrast=\"auto\">Por su parte, Mar\u00eda del Roc\u00edo P\u00e9rez expres\u00f3: \u201c<\/span><span data-contrast=\"auto\">E<\/span><span data-contrast=\"auto\">ste convenio nos permitir\u00e1 fortalecer los esquemas institucionales y trabajar de manera vinculada para dar soluci\u00f3n y respuesta a las demandas sociales, <\/span><span data-contrast=\"auto\">encaminando proyectos con impactos directos en beneficio del medio ambiente y nuestra sociedad\u201d.<\/span><span data-ccp-props=\"{&quot;335559731&quot;:708}\">\u00a0<\/span><\/p>\n<p><span data-contrast=\"auto\">Invit\u00f3 a la sociedad a trabajar de la mano con las instituciones para lograr que Veracruz sea un referente en el uso sustentable de los recursos naturales.<\/span><span data-ccp-props=\"{&quot;335559731&quot;:708}\">\u00a0<\/span><\/p>\n<p><span data-contrast=\"auto\">Finalmente, <\/span><span data-contrast=\"auto\">Xochitl<\/span> <span data-contrast=\"auto\">Arbes\u00fa<\/span><span data-contrast=\"auto\"> coment\u00f3: \u201cNo s\u00f3lo queremos ser aliados en el papel y en el discurso, sino en el trabajo diario, porque queremos hacer de Veracruz un lugar mejor y creemos en la fuerza de nuestros j\u00f3venes para transformarlo\u201d.<\/span><span data-ccp-props=\"{&quot;335559731&quot;:708}\">\u00a0<\/span><\/p>\n<p><span data-contrast=\"auto\">P<\/span><span data-contrast=\"auto\">or <\/span><span data-contrast=\"auto\">parte de <\/span><span data-contrast=\"auto\">la <\/span><i><span data-contrast=\"auto\">Sedema<\/span><\/i><span data-contrast=\"auto\">, l<\/span><span data-contrast=\"auto\">a firma fue atestiguada<\/span><span data-contrast=\"auto\"> por<\/span><span data-contrast=\"auto\">: Rafael <\/span><span data-contrast=\"auto\">Galina<\/span><span data-contrast=\"auto\"> Pantoja, subsecretario de Fomento y Gesti\u00f3n Ambiental; Gonzalo Ortega Pineda, director general de Vinculaci\u00f3n Social, y Narciso Escu<\/span><span data-contrast=\"auto\">dero Luis, director j<\/span><span data-contrast=\"auto\">ur\u00eddico.<\/span><span data-ccp-props=\"{&quot;335559731&quot;:708}\">\u00a0<\/span><\/p>\n<p><span data-contrast=\"auto\">De la <\/span><i><span data-contrast=\"auto\">Sectur<\/span><\/i><span data-contrast=\"auto\"> Guillermo Guzm\u00e1n Mayo, coordinador de asesores; Ir\u00e1n Antonio Reyes <\/span><span data-contrast=\"auto\">Palomec<\/span><span data-contrast=\"auto\">, secretario particular; Tirso Mar\u00edn Santiago, coordinador Ejecutivo de Vinculaci\u00f3n; Jairo Iv\u00e1n Antonio Ignacio, analista especializado, y Rey David Andrade C., asesor.<\/span><span data-ccp-props=\"{&quot;335559731&quot;:708}\">\u00a0<\/span><\/p>\n<p><span data-contrast=\"auto\">Del <\/span><i><span data-contrast=\"auto\">Conalep<\/span><\/i><span data-contrast=\"auto\">:<\/span><span data-contrast=\"auto\"> Jes\u00fas Said Ram\u00edrez <\/span><span data-contrast=\"auto\">Ram\u00edrez<\/span><span data-contrast=\"auto\">, subcoordinador de Planeaci\u00f3n y Desarrollo Institucional; Alejandra C\u00f3rdova Ceballos, jefa <\/span><span data-contrast=\"auto\">de Capacitaci\u00f3n y Evaluaci\u00f3n de Competencias, y Jos\u00e9 Mart\u00edn <\/span><span data-contrast=\"auto\">C<\/span><span data-contrast=\"auto\">uevas Guerra, encargado de Promoci\u00f3n y Vinculaci\u00f3n.<\/span><span data-ccp-props=\"{&quot;335559731&quot;:708}\">\u00a0<\/span><\/p>\n<p><span data-contrast=\"auto\">Por la U<\/span><span data-contrast=\"auto\">V: <\/span><span data-contrast=\"auto\">Magdalena Hern\u00e1ndez Alarc\u00f3n, secretaria Acad\u00e9mica; Salvador Tapia Spinoso, secretario de Administraci\u00f3n y Finanzas; Octavio Ochoa Contreras, secretario de Desarrollo Insti<\/span><span data-contrast=\"auto\">tucional; Alberto Islas Reyes, a<\/span><span data-contrast=\"auto\">bogado <\/span><span data-contrast=\"auto\">g<\/span><span data-contrast=\"auto\">eneral; <\/span><span data-contrast=\"auto\">Lourdes Budar Jim\u00e9nez, directora de la Universidad Veracruzana Intercultural (UVI); <\/span><span data-contrast=\"auto\">as\u00ed como <\/span><span data-contrast=\"auto\">directores generales de \u00e1reas acad\u00e9micas y administrativas.<\/span><\/p>\n","protected":false},"excerpt":{"rendered":"<p>\u201cCelebro la firma de estos tres convenios, estoy segura que su materializaci\u00f3n habr\u00e1 de traducirse en nuevos logros y avances en materia de educaci\u00f3n, turismo y medio ambiente\u201d: Rectora <\/p>\n","protected":false},"author":1775,"featured_media":78130,"comment_status":"closed","ping_status":"closed","sticky":false,"template":"","format":"standard","meta":[],"categories":[61],"tags":[],"_links":{"self":[{"href":"https:\/\/www.uv.mx\/prensa\/wp-json\/wp\/v2\/posts\/78124"}],"collection":[{"href":"https:\/\/www.uv.mx\/prensa\/wp-json\/wp\/v2\/posts"}],"about":[{"href":"https:\/\/www.uv.mx\/prensa\/wp-json\/wp\/v2\/types\/post"}],"author":[{"embeddable":true,"href":"https:\/\/www.uv.mx\/prensa\/wp-json\/wp\/v2\/users\/1775"}],"replies":[{"embeddable":true,"href":"https:\/\/www.uv.mx\/prensa\/wp-json\/wp\/v2\/comments?post=78124"}],"version-history":[{"count":0,"href":"https:\/\/www.uv.mx\/prensa\/wp-json\/wp\/v2\/posts\/78124\/revisions"}],"wp:featuredmedia":[{"embeddable":true,"href":"https:\/\/www.uv.mx\/prensa\/wp-json\/wp\/v2\/media\/78130"}],"wp:attachment":[{"href":"https:\/\/www.uv.mx\/prensa\/wp-json\/wp\/v2\/media?parent=78124"}],"wp:term":[{"taxonomy":"category","embeddable":true,"href":"https:\/\/www.uv.mx\/prensa\/wp-json\/wp\/v2\/categories?post=78124"},{"taxonomy":"post_tag","embeddable":true,"href":"https:\/\/www.uv.mx\/prensa\/wp-json\/wp\/v2\/tags?post=78124"}],"curies":[{"name":"wp","href":"https:\/\/api.w.org\/{rel}","templated":true}]}}