{"id":78115,"date":"2019-12-13T10:24:58","date_gmt":"2019-12-13T16:24:58","guid":{"rendered":"https:\/\/www.uv.mx\/prensa\/?p=78115"},"modified":"2019-12-17T11:56:57","modified_gmt":"2019-12-17T17:56:57","slug":"uv-participa-en-exposicion-tripartita-japon-mexico-estados-unidos","status":"publish","type":"post","link":"https:\/\/www.uv.mx\/prensa\/cultura\/uv-participa-en-exposicion-tripartita-japon-mexico-estados-unidos\/","title":{"rendered":"UV participa en exposici\u00f3n tripartita Jap\u00f3n-M\u00e9xico-Estados Unidos"},"content":{"rendered":"<ul>\n<li data-leveltext=\"\uf0b7\" data-font=\"Symbol\" data-listid=\"3\" data-aria-posinset=\"1\" data-aria-level=\"1\"><span data-contrast=\"auto\">At <\/span><span data-contrast=\"auto\">the<\/span> <span data-contrast=\"auto\">Beginning<\/span><span data-contrast=\"auto\"> of <\/span><span data-contrast=\"auto\">the<\/span> <span data-contrast=\"auto\">Journey<\/span><i><span data-contrast=\"auto\"> es el nombre de la muestra en Kobe, Jap\u00f3n, inau<\/span><\/i><i><span data-contrast=\"auto\">gurada el pasado 2 de diciembre<\/span><\/i><span data-ccp-props=\"{&quot;134233279&quot;:true}\">\u00a0<\/span><\/li>\n<\/ul>\n<div id=\"attachment_78117\" style=\"width: 732px\" class=\"wp-caption aligncenter\"><a href=\"https:\/\/www.uv.mx\/prensa\/files\/2019\/12\/121219-Expo-en-KOBE-1.jpg\"><img loading=\"lazy\" decoding=\"async\" aria-describedby=\"caption-attachment-78117\" class=\"size-full wp-image-78117\" src=\"https:\/\/www.uv.mx\/prensa\/files\/2019\/12\/121219-Expo-en-KOBE-1.jpg\" alt=\"\" width=\"722\" height=\"481\" srcset=\"https:\/\/www.uv.mx\/prensa\/files\/2019\/12\/121219-Expo-en-KOBE-1.jpg 722w, https:\/\/www.uv.mx\/prensa\/files\/2019\/12\/121219-Expo-en-KOBE-1-300x200.jpg 300w\" sizes=\"auto, (max-width: 722px) 100vw, 722px\" \/><\/a><p id=\"caption-attachment-78117\" class=\"wp-caption-text\">Docentes y alumnos de la Universidad de Dise\u00f1o de Kobe, Jap\u00f3n, con los representantes del Instituto de Artes Pl\u00e1sticas de laUV<\/p><\/div>\n<p><b><i><span data-contrast=\"auto\">13<\/span><\/i><\/b><b><i><span data-contrast=\"auto\">\/<\/span><\/i><\/b><b><i><span data-contrast=\"auto\">12<\/span><\/i><\/b><b><i><span data-contrast=\"auto\">\/2019<\/span><\/i><\/b><b><i><span data-contrast=\"auto\">,<\/span><\/i><\/b> <b><i><span data-contrast=\"auto\">Xalapa, <\/span><\/i><\/b><b><i><span data-contrast=\"auto\">Ver<\/span><\/i><\/b><b><i><span data-contrast=\"auto\">.-<\/span><\/i><\/b> <span data-contrast=\"auto\">La <a href=\"https:\/\/www.uv.mx\/\" target=\"_blank\" rel=\"noopener noreferrer\">Universidad Veracruzana<\/a> <\/span><span data-contrast=\"auto\">(UV)<\/span> <span data-contrast=\"auto\">participa<\/span> <span data-contrast=\"auto\">en la exposici\u00f3n <\/span><i><span data-contrast=\"auto\">At <\/span><\/i><i><span data-contrast=\"auto\">the<\/span><\/i> <i><span data-contrast=\"auto\">Beginning<\/span><\/i><i><span data-contrast=\"auto\"> of the <\/span><\/i><i><span data-contrast=\"auto\">Journey<\/span><\/i><span data-contrast=\"auto\">, inaugurada el pasado 2 de diciembre de 2019 en <\/span><span data-contrast=\"auto\">la <\/span><span data-contrast=\"auto\">Serendip<\/span> <span data-contrast=\"auto\">Gallery<\/span><span data-contrast=\"auto\"> de <\/span><span data-contrast=\"auto\">la <\/span><span data-contrast=\"auto\">Kobe <\/span><span data-contrast=\"auto\">Design<\/span> <span data-contrast=\"auto\">University<\/span><span data-contrast=\"auto\"> (<\/span><span data-contrast=\"auto\">KDU<\/span><span data-contrast=\"auto\">)<\/span><span data-contrast=\"auto\"> de <\/span><span data-contrast=\"auto\">Kobe<\/span><span data-contrast=\"auto\">,<\/span> <span data-contrast=\"auto\">Jap\u00f3<\/span><span data-contrast=\"auto\">n<\/span><span data-contrast=\"auto\">, y que <\/span><span data-contrast=\"auto\">re\u00fane a <\/span><span data-contrast=\"auto\">representantes de <\/span><span data-contrast=\"auto\">Estados Unidos, <\/span><span data-contrast=\"auto\">a trav\u00e9s de Penland<\/span><span data-contrast=\"auto\"> School of Craft<\/span><span data-contrast=\"auto\"> y la Universidad <\/span><span data-contrast=\"auto\">East Carolina; Jap\u00f3n, mediante la <\/span><span data-contrast=\"auto\">Kobe Design <\/span><span data-contrast=\"auto\">University<\/span><span data-contrast=\"auto\">, y M\u00e9xico<\/span><span data-contrast=\"auto\">,<\/span><span data-contrast=\"auto\"> por el Instituto de Artes Pl\u00e1sticas <\/span><span data-contrast=\"auto\">(IAP) <\/span><span data-contrast=\"auto\">de la Universidad Veracruzana<\/span><span data-contrast=\"auto\"> (UV<\/span><span data-contrast=\"auto\">).<\/span><span data-ccp-props=\"{}\">\u00a0<\/span><\/p>\n<p><span data-contrast=\"auto\">El tema de la <\/span><span data-contrast=\"auto\">muestra es la joyer\u00eda, acorde con la vocaci\u00f3n de la K<\/span><span data-contrast=\"auto\">D<\/span><span data-contrast=\"auto\">U que se establece como <\/span><span data-contrast=\"auto\">uno de los mejores centros de dise\u00f1o y <\/span><span data-contrast=\"auto\">elaboraci\u00f3n<\/span><span data-contrast=\"auto\"> de joyer\u00eda<\/span><span data-contrast=\"auto\"> mediante un <\/span><span data-contrast=\"auto\">enfoque <\/span><span data-contrast=\"auto\">por dem\u00e1s singular<\/span><span data-contrast=\"auto\">: la espiritualidad <\/span><span data-contrast=\"auto\">presente<\/span><span data-contrast=\"auto\"> en <\/span><span data-contrast=\"auto\">la<\/span><span data-contrast=\"auto\">s<\/span><span data-contrast=\"auto\"> joya<\/span><span data-contrast=\"auto\">s<\/span><span data-contrast=\"auto\">. Peque\u00f1as obras de arte <\/span><span data-contrast=\"auto\">trabajadas sobre diversos materiales<\/span><span data-contrast=\"auto\"> como oro, plata, gemas y <\/span><span data-contrast=\"auto\">materiales de la vida co<\/span><span data-contrast=\"auto\">tidiana<\/span><span data-contrast=\"auto\"> integran <\/span><span data-contrast=\"auto\">un<\/span><span data-contrast=\"auto\"> muestrario que invita<\/span><span data-contrast=\"auto\"> a la contemplaci\u00f3n y reflexi\u00f3n <\/span><span data-contrast=\"auto\">sobre la <\/span><span data-contrast=\"auto\">diversidad<\/span> <span data-contrast=\"auto\">de t\u00e9cnicas<\/span><span data-contrast=\"auto\">.<\/span><span data-ccp-props=\"{&quot;335559731&quot;:708}\">\u00a0<\/span><\/p>\n<p><span data-contrast=\"auto\">Por lo que corresponde al muestrario norteamericano, sus propuestas resultan mucho m\u00e1s ecl\u00e9cticas<\/span><span data-contrast=\"auto\">,<\/span> <span data-contrast=\"auto\">aunque sin demeritar la calidad de su factura. <\/span><span data-contrast=\"auto\">El v\u00ednculo de Kobe con las instituciones <\/span><span data-contrast=\"auto\">estadounidenses <\/span><span data-contrast=\"auto\">proviene de la labor de<\/span> <span data-contrast=\"auto\">orfebre<\/span><span data-contrast=\"auto\">s japoneses que trabajan en Norteam\u00e9rica y mantienen <\/span><span data-contrast=\"auto\">contacto con <\/span><span data-contrast=\"auto\">la KDU.<\/span><span data-ccp-props=\"{&quot;335559731&quot;:708}\">\u00a0<\/span><\/p>\n<p><span data-contrast=\"auto\">La parte correspondiente a la UV comprende <\/span><span data-contrast=\"auto\">10<\/span><span data-contrast=\"auto\"> obras <\/span><span data-contrast=\"auto\">en torno al tema<\/span><span data-contrast=\"auto\"> y los representantes son <\/span><span data-contrast=\"auto\">Citlalli Gonz\u00e1lez, Natalia Calder\u00f3n, Roberto Rodr\u00edguez, Ryuichi Yahagi, Xavier C\u00f3zar, Vinicio Reyes, Sergio Dom\u00edngue<\/span><span data-contrast=\"auto\">z, Byron Brauchli y Yosi Anaya. Por la diversidad de las obras y la <\/span><span data-contrast=\"auto\">particularidad<\/span> <span data-contrast=\"auto\">en ideas <\/span><span data-contrast=\"auto\">de<\/span> <span data-contrast=\"auto\">cada artista, se incluyeron los conceptos en torno a cada <\/span><span data-contrast=\"auto\">una de las <\/span><span data-contrast=\"auto\">pieza<\/span><span data-contrast=\"auto\">s, lo <\/span><span data-contrast=\"auto\">que llam<\/span><span data-contrast=\"auto\">\u00f3 poderosamente la atenci\u00f3n.<\/span><span data-ccp-props=\"{&quot;335559731&quot;:708}\">\u00a0<\/span><\/p>\n<div id=\"attachment_78116\" style=\"width: 732px\" class=\"wp-caption aligncenter\"><a href=\"https:\/\/www.uv.mx\/prensa\/files\/2019\/12\/121219-Expo-en-KOBE-2.jpg\"><img loading=\"lazy\" decoding=\"async\" aria-describedby=\"caption-attachment-78116\" class=\"size-full wp-image-78116\" src=\"https:\/\/www.uv.mx\/prensa\/files\/2019\/12\/121219-Expo-en-KOBE-2.jpg\" alt=\"\" width=\"722\" height=\"481\" srcset=\"https:\/\/www.uv.mx\/prensa\/files\/2019\/12\/121219-Expo-en-KOBE-2.jpg 722w, https:\/\/www.uv.mx\/prensa\/files\/2019\/12\/121219-Expo-en-KOBE-2-300x200.jpg 300w\" sizes=\"auto, (max-width: 722px) 100vw, 722px\" \/><\/a><p id=\"caption-attachment-78116\" class=\"wp-caption-text\">Aspecto de la muestra en el sal\u00f3n de la Serendip Gallery<\/p><\/div>\n<p><span data-contrast=\"auto\">Cabe men<\/span><span data-contrast=\"auto\">cionar que <\/span><span data-contrast=\"auto\">Yosi Anaya, quien <\/span><span data-contrast=\"auto\">fungi\u00f3 como curadora de la muestra procedente de Xalapa, <\/span><span data-contrast=\"auto\">habl\u00f3 en <\/span><span data-contrast=\"auto\">el acto de <\/span><span data-contrast=\"auto\">inauguraci\u00f3n y posteriormente dict\u00f3 <\/span><span data-contrast=\"auto\">la conferencia magistral \u201cA trav\u00e9s de los a\u00f1os\u201d<\/span><span data-contrast=\"auto\">. <\/span><span data-contrast=\"auto\">Su <\/span><span data-contrast=\"auto\">estancia <\/span><span data-contrast=\"auto\">en Kobe <\/span><span data-contrast=\"auto\">incluye la impartici\u00f3n de un taller sobre creatividad de las formas <\/span><span data-contrast=\"auto\">par<\/span><span data-contrast=\"auto\">a alumnos de<\/span><span data-contrast=\"auto\"> Educaci\u00f3n Art\u00edstica y Pintura.<\/span><span data-ccp-props=\"{&quot;335559731&quot;:708}\">\u00a0<\/span><\/p>\n<p><span data-contrast=\"auto\">Vinicio Reyes, <\/span><span data-contrast=\"auto\">director del I<\/span><span data-contrast=\"auto\">AP, <\/span><span data-contrast=\"auto\">coment\u00f3 que la muestra es resultado de gestiones <\/span><span data-contrast=\"auto\">en el marco del intercambio entre acad\u00e9micos <\/span><span data-contrast=\"auto\">de la U<\/span><span data-contrast=\"auto\">V <\/span><span data-contrast=\"auto\">y la <\/span><span data-contrast=\"auto\">KDU, <\/span><span data-contrast=\"auto\">con <\/span><span data-contrast=\"auto\">un antecedente de <\/span><span data-contrast=\"auto\">cinco a\u00f1os <\/span><span data-contrast=\"auto\">previos y en lo que ha registrado una importante participaci\u00f3n <\/span><span data-contrast=\"auto\">Ryuichi<\/span> <span data-contrast=\"auto\">Yahagi<\/span><span data-contrast=\"auto\">,<\/span><span data-contrast=\"auto\"> investigador <\/span><span data-contrast=\"auto\">d<\/span><span data-contrast=\"auto\">el <\/span><span data-contrast=\"auto\">mismo i<\/span><span data-contrast=\"auto\">nstituto <\/span><span data-contrast=\"auto\">en la <\/span><span data-contrast=\"auto\">UV.<\/span><span data-ccp-props=\"{&quot;335559731&quot;:708}\">\u00a0<\/span><\/p>\n<p><span data-contrast=\"auto\">Agreg\u00f3 que como parte de estas actividades, recientemente se efectu\u00f3 en Xalapa el Encuentro Internacional de Arte Urbano y una exposici\u00f3n en la Galer\u00eda de Artes Pl\u00e1sticas, <\/span><span data-contrast=\"auto\">donde<\/span><span data-contrast=\"auto\"> participaron las acad\u00e9micas Hana <\/span><span data-contrast=\"auto\">Sakuma<\/span><span data-contrast=\"auto\"> y <\/span><span data-contrast=\"auto\">Reika<\/span> <span data-contrast=\"auto\">Nakayama<\/span><span data-contrast=\"auto\">, as\u00ed como los artistas <\/span><span data-contrast=\"auto\">Anri<\/span> <span data-contrast=\"auto\">Okada<\/span><span data-contrast=\"auto\"> y Kei Nakamura. Estos \u00faltimos trabajaron en la elaboraci\u00f3n de tres murales coordin\u00e1ndose con artistas mexicanos, tanto del Instituto como independientes.<\/span><span data-ccp-props=\"{&quot;335559731&quot;:708}\">\u00a0<\/span><\/p>\n<p><span data-contrast=\"auto\">Destac\u00f3 <\/span><span data-contrast=\"auto\">que este enriquecimiento mutuo abre paso a la posibilidad de que en corto plazo se proponga ante las autoridades respectivas, KDU y UV, para formalizar el convenio.<\/span><span data-ccp-props=\"{&quot;335559731&quot;:708}\">\u00a0<\/span><\/p>\n<p><span data-contrast=\"auto\">Los funcionarios presentes coincidieron en la fortaleza de los lazos culturales que unen a las tres naciones, mismos que se refuerzan significativamente con la exposici\u00f3n mencionada.<\/span><span data-ccp-props=\"{&quot;335559731&quot;:708}\">\u00a0<\/span><\/p>\n<div id=\"attachment_78118\" style=\"width: 732px\" class=\"wp-caption aligncenter\"><a href=\"https:\/\/www.uv.mx\/prensa\/files\/2019\/12\/121219-Expo-en-KOBE-3.jpg\"><img loading=\"lazy\" decoding=\"async\" aria-describedby=\"caption-attachment-78118\" class=\"size-full wp-image-78118\" src=\"https:\/\/www.uv.mx\/prensa\/files\/2019\/12\/121219-Expo-en-KOBE-3.jpg\" alt=\"\" width=\"722\" height=\"482\" srcset=\"https:\/\/www.uv.mx\/prensa\/files\/2019\/12\/121219-Expo-en-KOBE-3.jpg 722w, https:\/\/www.uv.mx\/prensa\/files\/2019\/12\/121219-Expo-en-KOBE-3-300x200.jpg 300w\" sizes=\"auto, (max-width: 722px) 100vw, 722px\" \/><\/a><p id=\"caption-attachment-78118\" class=\"wp-caption-text\"><span data-contrast=\"auto\">El tema de la <\/span><span data-contrast=\"auto\">muestra es la joyer\u00eda<\/span><\/p><\/div>\n","protected":false},"excerpt":{"rendered":"<p><em>At the Beginning of the Journey<\/em> es el nombre de la muestra en Kobe, Jap\u00f3n, en la que participa el Instituto de Artes Pl\u00e1sticas de esta casa de estudios<\/p>\n","protected":false},"author":1508,"featured_media":78117,"comment_status":"closed","ping_status":"closed","sticky":false,"template":"","format":"standard","meta":{"footnotes":""},"categories":[11],"tags":[],"class_list":["post-78115","post","type-post","status-publish","format-standard","has-post-thumbnail","hentry","category-cultura"],"_links":{"self":[{"href":"https:\/\/www.uv.mx\/prensa\/wp-json\/wp\/v2\/posts\/78115","targetHints":{"allow":["GET"]}}],"collection":[{"href":"https:\/\/www.uv.mx\/prensa\/wp-json\/wp\/v2\/posts"}],"about":[{"href":"https:\/\/www.uv.mx\/prensa\/wp-json\/wp\/v2\/types\/post"}],"author":[{"embeddable":true,"href":"https:\/\/www.uv.mx\/prensa\/wp-json\/wp\/v2\/users\/1508"}],"replies":[{"embeddable":true,"href":"https:\/\/www.uv.mx\/prensa\/wp-json\/wp\/v2\/comments?post=78115"}],"version-history":[{"count":0,"href":"https:\/\/www.uv.mx\/prensa\/wp-json\/wp\/v2\/posts\/78115\/revisions"}],"wp:featuredmedia":[{"embeddable":true,"href":"https:\/\/www.uv.mx\/prensa\/wp-json\/wp\/v2\/media\/78117"}],"wp:attachment":[{"href":"https:\/\/www.uv.mx\/prensa\/wp-json\/wp\/v2\/media?parent=78115"}],"wp:term":[{"taxonomy":"category","embeddable":true,"href":"https:\/\/www.uv.mx\/prensa\/wp-json\/wp\/v2\/categories?post=78115"},{"taxonomy":"post_tag","embeddable":true,"href":"https:\/\/www.uv.mx\/prensa\/wp-json\/wp\/v2\/tags?post=78115"}],"curies":[{"name":"wp","href":"https:\/\/api.w.org\/{rel}","templated":true}]}}