{"id":78061,"date":"2019-12-12T11:15:47","date_gmt":"2019-12-12T17:15:47","guid":{"rendered":"https:\/\/www.uv.mx\/prensa\/?p=78061"},"modified":"2019-12-12T11:15:47","modified_gmt":"2019-12-12T17:15:47","slug":"estancias-academicas-un-plus-para-los-investigadores","status":"publish","type":"post","link":"https:\/\/www.uv.mx\/prensa\/general\/estancias-academicas-un-plus-para-los-investigadores\/","title":{"rendered":"Estancias acad\u00e9micas, un plus para los investigadores"},"content":{"rendered":"<ul>\n<li data-leveltext=\"\uf0b7\" data-font=\"Symbol\" data-listid=\"1\" data-aria-posinset=\"1\" data-aria-level=\"1\"><i><span data-contrast=\"auto\">Juan Carlos L\u00f3pez, del <\/span><\/i><span data-contrast=\"auto\">Citro<\/span><i><span data-contrast=\"auto\">, realiz\u00f3 una estancia de dos semanas en Argentina, brind\u00f3 charlas en la UNdeC y particip\u00f3 en el VI Congreso Nacional de Conservaci\u00f3n de la Biodiversidad<\/span><\/i><span data-ccp-props=\"{&quot;134233279&quot;:true,&quot;201341983&quot;:0,&quot;335559739&quot;:160,&quot;335559740&quot;:240}\">\u00a0<\/span><\/li>\n<\/ul>\n<div id=\"attachment_78063\" style=\"width: 732px\" class=\"wp-caption aligncenter\"><a href=\"https:\/\/www.uv.mx\/prensa\/files\/2019\/12\/091219-PAOLA-Entrevista-Citro-1.jpg\"><img loading=\"lazy\" decoding=\"async\" aria-describedby=\"caption-attachment-78063\" class=\"size-full wp-image-78063\" src=\"https:\/\/www.uv.mx\/prensa\/files\/2019\/12\/091219-PAOLA-Entrevista-Citro-1.jpg\" alt=\"\" width=\"722\" height=\"481\" srcset=\"https:\/\/www.uv.mx\/prensa\/files\/2019\/12\/091219-PAOLA-Entrevista-Citro-1.jpg 722w, https:\/\/www.uv.mx\/prensa\/files\/2019\/12\/091219-PAOLA-Entrevista-Citro-1-300x200.jpg 300w\" sizes=\"auto, (max-width: 722px) 100vw, 722px\" \/><\/a><p id=\"caption-attachment-78063\" class=\"wp-caption-text\">El universitario permaneci\u00f3 dos semanas en Argentina<\/p><\/div>\n<p><b><i><span data-contrast=\"auto\">Paola Cort\u00e9s P\u00e9rez<\/span><\/i><\/b><span data-ccp-props=\"{&quot;201341983&quot;:0,&quot;335559739&quot;:160,&quot;335559740&quot;:240}\">\u00a0<\/span><\/p>\n<p><b><i><span data-contrast=\"auto\">12\/12\/2019, Xalapa, Ver.-<\/span><\/i><\/b><span data-contrast=\"auto\"> Juan Carlos L\u00f3pez Acosta, adscrito al Centro de Investigaciones Tropicales (<\/span><i><span data-contrast=\"auto\">Citro<\/span><\/i><span data-contrast=\"auto\">) de la Universidad Veracruzana (UV), opin\u00f3 que las estancias acad\u00e9micas en el extranjero son sumamente enriquecedoras para los investigadores y docentes, esto a su vez redundar\u00e1 en beneficio de los estudiantes y la instituci\u00f3n educativa.<\/span><span data-ccp-props=\"{&quot;201341983&quot;:0,&quot;335559739&quot;:160,&quot;335559740&quot;:240}\">\u00a0<\/span><\/p>\n<p><span data-contrast=\"auto\">El inves<\/span><span data-contrast=\"auto\">tigador realiz\u00f3 una estancia de dos semanas en Argentina, <\/span><span data-contrast=\"auto\">durante octubre, <\/span><span data-contrast=\"auto\">donde particip\u00f3 <\/span><span data-contrast=\"auto\">en el <\/span><span data-contrast=\"auto\">VI Congreso Nacional de Conservaci\u00f3n de la Biodiversidad<\/span><span data-contrast=\"auto\">, realizado <\/span><span data-contrast=\"auto\">en la ciudad de <\/span><span data-contrast=\"auto\">L<\/span><span data-contrast=\"auto\">a Rioja<\/span><span data-contrast=\"auto\">,<\/span><span data-contrast=\"auto\"> y ofreci\u00f3 algunas charlas en la Universidad Nacional <\/span><span data-contrast=\"auto\">de Chilecito<\/span> <span data-contrast=\"auto\">(UNdeC).<\/span><span data-ccp-props=\"{&quot;201341983&quot;:0,&quot;335559731&quot;:708,&quot;335559739&quot;:160,&quot;335559740&quot;:240}\">\u00a0<\/span><\/p>\n<p><span data-contrast=\"auto\">\u201cSon muy enriquecedoras para los acad\u00e9micos porque llegamos con nuevas ideas y proyectos; adem\u00e1s mostramos a otras instituciones lo que hacemos en la UV en materia de investigaci\u00f3n, lo <\/span><span data-contrast=\"auto\">cual <\/span><span data-contrast=\"auto\">propicia sinergias muy interesantes que pueden redundar en beneficios para la comunidad acad\u00e9mica y estudiantil de nuestra casa de estudios\u201d, resalt\u00f3.<\/span><span data-ccp-props=\"{&quot;201341983&quot;:0,&quot;335559731&quot;:708,&quot;335559739&quot;:160,&quot;335559740&quot;:240}\">\u00a0<\/span><\/p>\n<p><span data-contrast=\"auto\">Para asistir a la <\/span><span data-contrast=\"auto\">UNdeC<\/span><span data-contrast=\"auto\">, se traslad\u00f3 a la ciudad <\/span><span data-contrast=\"auto\">de Chilecito<\/span><span data-contrast=\"auto\">, donde en los \u00faltimos a\u00f1os se ha desarrollado investigaci\u00f3n y formado recurso humano para el cultivo y la producci\u00f3n de vino<\/span><span data-contrast=\"auto\">.<\/span><span data-ccp-props=\"{&quot;201341983&quot;:0,&quot;335559731&quot;:708,&quot;335559739&quot;:160,&quot;335559740&quot;:240}\">\u00a0<\/span><\/p>\n<p><span data-contrast=\"auto\">\u201cEn esta universidad se<\/span><span data-contrast=\"auto\"> han hecho investigaciones enol\u00f3gicas y <\/span><span data-contrast=\"auto\">es de las pocas uni<\/span><span data-contrast=\"auto\">versidades p\u00fablicas en Argentin<\/span><span data-contrast=\"auto\">a que cuenta con <\/span><span data-contrast=\"auto\">la<\/span> <span data-contrast=\"auto\">Licenciatura<\/span><span data-contrast=\"auto\"> en <\/span><span data-contrast=\"auto\">Enolog\u00eda<\/span><span data-contrast=\"auto\">.\u201d<\/span><span data-ccp-props=\"{&quot;201341983&quot;:0,&quot;335559731&quot;:708,&quot;335559739&quot;:160,&quot;335559740&quot;:240}\">\u00a0<\/span><\/p>\n<p><span data-contrast=\"auto\">Mencion\u00f3 que en la <\/span><span data-contrast=\"auto\">Escuela de Ciencias Agrarias<\/span><span data-contrast=\"auto\"> de la universidad argentina<\/span><span data-contrast=\"auto\">, <\/span><span data-contrast=\"auto\">el acad\u00e9mico <\/span><span data-contrast=\"auto\">N\u00e9stor Mari<\/span><span data-contrast=\"auto\">ano <\/span><span data-contrast=\"auto\">Olivo<\/span> <span data-contrast=\"auto\">\u2013a quien <\/span><span data-contrast=\"auto\">conoci\u00f3<\/span><span data-contrast=\"auto\"> hace algunos a\u00f1os en la C<\/span><span data-contrast=\"auto\">iudad de M\u00e9xico<\/span><span data-contrast=\"auto\">\u2013<\/span> <span data-contrast=\"auto\">coordina <\/span><span data-contrast=\"auto\">las carreras de <\/span><span data-contrast=\"auto\">Ingenier\u00eda Agron\u00f3mica, Licenciatura en Enolog\u00eda, Tecnicatura Universitaria en An\u00e1lisis de Alimentos y <\/span><span data-contrast=\"auto\">Sommelier<\/span> <span data-contrast=\"auto\">Universitario<\/span><span data-contrast=\"auto\">,<\/span><span data-contrast=\"auto\"> \u00e1<\/span><span data-contrast=\"auto\">reas que tienen intereses en com\u00fan con los trabajos realizados en la <\/span><span data-contrast=\"auto\">UV<\/span><span data-contrast=\"auto\">.<\/span><span data-ccp-props=\"{&quot;201341983&quot;:0,&quot;335559731&quot;:708,&quot;335559739&quot;:160,&quot;335559740&quot;:240}\">\u00a0<\/span><\/p>\n<p><span data-contrast=\"auto\">En las charlas que ofreci\u00f3 a estudiantes y acad\u00e9micos de la U<\/span><span data-contrast=\"auto\">NdeC,<\/span> <span data-contrast=\"auto\">Juan Carlos L\u00f3pez dio a conocer el trabajo <\/span><span data-contrast=\"auto\">de investigaci\u00f3n que se realiza en la UV<\/span><span data-contrast=\"auto\">.<\/span> <span data-contrast=\"auto\">\u201cMe di cuenta que compartimos problemas, como el reparto del agu<\/span><span data-contrast=\"auto\">a y el manejo del paisaje a<\/span><span data-contrast=\"auto\">gr\u00edcola, especialmente porque ellos cultivan olivos, nuez y vid, los cuales est\u00e1n reconfigurando el paisaje, as\u00ed que les interesaba saber c\u00f3mo en <\/span><span data-contrast=\"auto\">el <\/span><i><span data-contrast=\"auto\">Citro<\/span><\/i><span data-contrast=\"auto\"> hemos enfrentado la reconfiguraci\u00f3n del paisaje<\/span><span data-contrast=\"auto\">.<\/span><span data-ccp-props=\"{&quot;201341983&quot;:0,&quot;335559731&quot;:708,&quot;335559739&quot;:160,&quot;335559740&quot;:240}\"><br \/>\n<\/span><\/p>\n<div id=\"attachment_78062\" style=\"width: 732px\" class=\"wp-caption aligncenter\"><a href=\"https:\/\/www.uv.mx\/prensa\/files\/2019\/12\/091219-PAOLA-Entrevista-Citro-2.jpg\"><img loading=\"lazy\" decoding=\"async\" aria-describedby=\"caption-attachment-78062\" class=\"size-full wp-image-78062\" src=\"https:\/\/www.uv.mx\/prensa\/files\/2019\/12\/091219-PAOLA-Entrevista-Citro-2.jpg\" alt=\"\" width=\"722\" height=\"481\" srcset=\"https:\/\/www.uv.mx\/prensa\/files\/2019\/12\/091219-PAOLA-Entrevista-Citro-2.jpg 722w, https:\/\/www.uv.mx\/prensa\/files\/2019\/12\/091219-PAOLA-Entrevista-Citro-2-300x200.jpg 300w\" sizes=\"auto, (max-width: 722px) 100vw, 722px\" \/><\/a><p id=\"caption-attachment-78062\" class=\"wp-caption-text\">Juan Carlos L\u00f3pez con N\u00e9stor Mariano Olivo,\u00a0 de la UNdeC<\/p><\/div>\n<p><span data-contrast=\"auto\">\u201dNuestro trabajo de investigaci\u00f3n y punto de vista fue bien recibido, tanto en el congreso como en la UNdeC, el cual p<\/span><span data-contrast=\"auto\">ropone <\/span><span data-contrast=\"auto\">que no debemos lamentarnos por la p\u00e9rdida de la biodiversidad, sino encontrar las oportunidades para remodificar los atributos del paisaje.\u201d<\/span><span data-ccp-props=\"{&quot;201341983&quot;:0,&quot;335559731&quot;:708,&quot;335559739&quot;:160,&quot;335559740&quot;:240}\">\u00a0<\/span><\/p>\n<p><span data-contrast=\"auto\">Explic\u00f3 que la perspectiva <\/span><span data-contrast=\"auto\">que ha desarrollado plantea que debemos<\/span><span data-contrast=\"auto\"> tener la capacidad de combinar las actividades humanas con la conservaci\u00f3n de la biodiversidad, <\/span><span data-contrast=\"auto\">visi\u00f3n que es importante cuando te enfrentas a sitios <\/span><span data-contrast=\"auto\">donde la actividad econ\u00f3mica <\/span><span data-contrast=\"auto\">es muy fuerte y relevante.<\/span><span data-ccp-props=\"{&quot;201341983&quot;:0,&quot;335559731&quot;:708,&quot;335559739&quot;:160,&quot;335559740&quot;:240}\">\u00a0<\/span><\/p>\n<p><span data-contrast=\"auto\">\u201cImag\u00ednate sitios donde una persona <\/span><span data-contrast=\"auto\">que se dedica al cultivo <\/span><span data-contrast=\"auto\">de aceitunas<\/span><span data-contrast=\"auto\"> cuenta con 100 hect\u00e1reas en las que ha invertid<\/span><span data-contrast=\"auto\">o una importante cantidad en equipo y suministros que le permiten tener una <\/span><span data-contrast=\"auto\">buena producci\u00f3n, y que llegue<\/span><span data-contrast=\"auto\"> un investigador a decirle que <\/span><span data-contrast=\"auto\">no haga nada porque debe conservar los recursos, no es compatible<\/span><span data-contrast=\"auto\">.\u201d<\/span><span data-ccp-props=\"{&quot;201341983&quot;:0,&quot;335559731&quot;:708,&quot;335559739&quot;:160,&quot;335559740&quot;:240}\">\u00a0<\/span><\/p>\n<p><span data-contrast=\"auto\">Por lo tanto, <\/span><span data-contrast=\"auto\">dijo que es necesario buscar alternativas como tener sitios donde guarecer la diversidad, jardines de flores para mantener a los polinizadores y <\/span><span data-contrast=\"auto\">desarrollar m\u00e1s trabajos con el manejo del paisaje agroforestal<\/span><span data-contrast=\"auto\">, que se trate de un paisaje sustentable.<\/span><span data-ccp-props=\"{&quot;201341983&quot;:0,&quot;335559731&quot;:708,&quot;335559739&quot;:160,&quot;335559740&quot;:240}\">\u00a0<\/span><\/p>\n<p><span data-contrast=\"auto\">\u201c<\/span><span data-contrast=\"auto\">Debemos lograr que<\/span><span data-contrast=\"auto\"> la gente que cultiva olivos se interese por mantener las plantas y los polinizadores; que la gente que tiene polinizadores se interese en <\/span><span data-contrast=\"auto\">quien<\/span><span data-contrast=\"auto\"> tiene \u00e1lamos<\/span><span data-contrast=\"auto\"> y \u00e9stos por las actividades <\/span><span data-contrast=\"auto\">mel\u00edferas<\/span><span data-contrast=\"auto\">; que todos estos intereses se conjuguen en poner piezas que sean comunes para todos y al mismo tiempo aumentemos la calidad de vida.<\/span><span data-contrast=\"auto\">\u201d<\/span><span data-ccp-props=\"{&quot;201341983&quot;:0,&quot;335559731&quot;:708,&quot;335559739&quot;:160,&quot;335559740&quot;:240}\">\u00a0<\/span><\/p>\n<p><span data-contrast=\"auto\">Con respecto a su participaci\u00f3n en el congreso, coment\u00f3 que present\u00f3 una ponencia especial intitulada \u201cEcolog\u00eda y manejo de recursos en el Antropoceno: algunas alternativas\u201d, en la que habl\u00f3 sobre los patrones de cambio en el uso del suelo en M\u00e9xico y c\u00f3mo desde una perspectiva del estudio de<\/span><span data-contrast=\"auto\"> dicha \u00e9poca geol\u00f3gica <\/span><span data-contrast=\"auto\">se pueden modificar los patrones y revertir los procesos negativos que ha propiciado el hombre sobre la naturaleza.<\/span><span data-ccp-props=\"{&quot;201341983&quot;:0,&quot;335559731&quot;:708,&quot;335559739&quot;:160,&quot;335559740&quot;:240}\">\u00a0<\/span><\/p>\n<p><span data-contrast=\"auto\">Por \u00faltimo, <\/span><span data-contrast=\"auto\">habl\u00f3 de la posibilidad de firmar un conveni<\/span><span data-contrast=\"auto\">o de colaboraci\u00f3n entre la UNdeC<\/span><span data-contrast=\"auto\"> y el <\/span><i><span data-contrast=\"auto\">Citro<\/span><\/i><span data-contrast=\"auto\">, el cual permitir\u00e1 no s\u00f3lo desarrollar investigaci\u00f3n, tambi\u00e9n <\/span><span data-contrast=\"auto\">impulsar la movilidad acad\u00e9mica y estudiantil entre ambas instituciones.<\/span><span data-ccp-props=\"{&quot;201341983&quot;:0,&quot;335559731&quot;:708,&quot;335559739&quot;:160,&quot;335559740&quot;:240}\">\u00a0<\/span><\/p>\n<p><span data-contrast=\"auto\">\u201cEs una instituci\u00f3n y un lugar del que se puede aprender mucho, porque sus ecosistemas est\u00e1n m\u00e1s modificados que los mexicanos, lo que permitir\u00e1 <\/span><span data-contrast=\"auto\">que nuestros alumnos aprendan y observen<\/span><span data-contrast=\"auto\"> estos procesos de manera frontal<\/span><span data-contrast=\"auto\">\u201d, finaliz\u00f3.<\/span><span data-ccp-props=\"{&quot;201341983&quot;:0,&quot;335559731&quot;:708,&quot;335559739&quot;:160,&quot;335559740&quot;:240}\">\u00a0<\/span><\/p>\n","protected":false},"excerpt":{"rendered":"<p>\u201cSon muy enriquecedoras porque llegamos con nuevas ideas y proyectos; adem\u00e1s mostramos a otras instituciones lo que hacemos en la UV en materia de investigaci\u00f3n\u201d: Juan Carlos L\u00f3pez <\/p>\n","protected":false},"author":1508,"featured_media":78063,"comment_status":"closed","ping_status":"closed","sticky":false,"template":"","format":"standard","meta":{"footnotes":""},"categories":[1],"tags":[],"class_list":["post-78061","post","type-post","status-publish","format-standard","has-post-thumbnail","hentry","category-general"],"_links":{"self":[{"href":"https:\/\/www.uv.mx\/prensa\/wp-json\/wp\/v2\/posts\/78061","targetHints":{"allow":["GET"]}}],"collection":[{"href":"https:\/\/www.uv.mx\/prensa\/wp-json\/wp\/v2\/posts"}],"about":[{"href":"https:\/\/www.uv.mx\/prensa\/wp-json\/wp\/v2\/types\/post"}],"author":[{"embeddable":true,"href":"https:\/\/www.uv.mx\/prensa\/wp-json\/wp\/v2\/users\/1508"}],"replies":[{"embeddable":true,"href":"https:\/\/www.uv.mx\/prensa\/wp-json\/wp\/v2\/comments?post=78061"}],"version-history":[{"count":0,"href":"https:\/\/www.uv.mx\/prensa\/wp-json\/wp\/v2\/posts\/78061\/revisions"}],"wp:featuredmedia":[{"embeddable":true,"href":"https:\/\/www.uv.mx\/prensa\/wp-json\/wp\/v2\/media\/78063"}],"wp:attachment":[{"href":"https:\/\/www.uv.mx\/prensa\/wp-json\/wp\/v2\/media?parent=78061"}],"wp:term":[{"taxonomy":"category","embeddable":true,"href":"https:\/\/www.uv.mx\/prensa\/wp-json\/wp\/v2\/categories?post=78061"},{"taxonomy":"post_tag","embeddable":true,"href":"https:\/\/www.uv.mx\/prensa\/wp-json\/wp\/v2\/tags?post=78061"}],"curies":[{"name":"wp","href":"https:\/\/api.w.org\/{rel}","templated":true}]}}