{"id":78000,"date":"2019-12-11T08:09:59","date_gmt":"2019-12-11T14:09:59","guid":{"rendered":"https:\/\/www.uv.mx\/prensa\/?p=78000"},"modified":"2019-12-11T10:15:20","modified_gmt":"2019-12-11T16:15:20","slug":"arquitectura-uv-realiza-expo-valoracion-diagnostica-2019","status":"publish","type":"post","link":"https:\/\/www.uv.mx\/prensa\/banner\/arquitectura-uv-realiza-expo-valoracion-diagnostica-2019\/","title":{"rendered":"Arquitectura-Xalapa realiza Expo Valoraci\u00f3n Diagn\u00f3stica 2019"},"content":{"rendered":"<ul>\n<li><em><span class=\"TextRun SCXW188697346 BCX2\" lang=\"ES-ES\" xml:lang=\"ES-ES\" data-contrast=\"auto\"><span class=\"NormalTextRun SCXW188697346 BCX2\">Es u<\/span><\/span><span class=\"TextRun SCXW188697346 BCX2\" lang=\"ES-ES\" xml:lang=\"ES-ES\" data-contrast=\"auto\"><span class=\"NormalTextRun SCXW188697346 BCX2\">na plataforma de e<\/span><\/span><span class=\"TextRun SCXW188697346 BCX2\" lang=\"ES-ES\" xml:lang=\"ES-ES\" data-contrast=\"auto\"><span class=\"NormalTextRun SCXW188697346 BCX2\">xpresi\u00f3n arquitect\u00f3nica que muestra el potencial de la UV<\/span><\/span><\/em><\/li>\n<\/ul>\n<div id=\"attachment_78002\" style=\"width: 732px\" class=\"wp-caption aligncenter\"><a href=\"https:\/\/www.uv.mx\/prensa\/files\/2019\/12\/101219-Valoracion-Diagnostica-Arquitectura-3.jpg\"><img loading=\"lazy\" decoding=\"async\" aria-describedby=\"caption-attachment-78002\" class=\"size-full wp-image-78002\" src=\"https:\/\/www.uv.mx\/prensa\/files\/2019\/12\/101219-Valoracion-Diagnostica-Arquitectura-3.jpg\" alt=\"\" width=\"722\" height=\"481\" srcset=\"https:\/\/www.uv.mx\/prensa\/files\/2019\/12\/101219-Valoracion-Diagnostica-Arquitectura-3.jpg 722w, https:\/\/www.uv.mx\/prensa\/files\/2019\/12\/101219-Valoracion-Diagnostica-Arquitectura-3-300x200.jpg 300w\" sizes=\"auto, (max-width: 722px) 100vw, 722px\" \/><\/a><p id=\"caption-attachment-78002\" class=\"wp-caption-text\">Aspecto del acto inaugural<\/p><\/div>\n<p><b><i><span data-contrast=\"auto\">Jorge V\u00e1zquez Pacheco<\/span><\/i><\/b><span data-ccp-props=\"{&quot;134233279&quot;:true,&quot;335559685&quot;:720}\">\u00a0<\/span><\/p>\n<p><b><i><span data-contrast=\"auto\">11\/12\/2019, Xalapa, Ver.-<\/span><\/i><\/b><span data-contrast=\"auto\"> La <a href=\"https:\/\/www.uv.mx\/arquitectura\/\" target=\"_blank\" rel=\"noopener noreferrer\">Facultad de Arquitectura<\/a> de la Universidad Veracruzana (UV), regi\u00f3n Xalapa, inaugur\u00f3 la Expo Valoraci\u00f3n Diagn\u00f3stica Invierno 2019, el lunes 9 de diciembre en el patio central, la cual muestra apenas una fracci\u00f3n de la totalidad de los trabajos de los estudiantes, pues cada uno de los salones contiene tambi\u00e9n numerosos logros realizados por los talleres.<\/span><span data-ccp-props=\"{}\">\u00a0<\/span><\/p>\n<p><span data-contrast=\"auto\">E<\/span><span data-contrast=\"auto\">l secretario <\/span><span data-contrast=\"auto\">A<\/span><span data-contrast=\"auto\">cad\u00e9mico de la Facultad, <\/span><span data-contrast=\"auto\">Luis Manuel Fern\u00e1ndez<\/span><span data-contrast=\"auto\">, <\/span><span data-contrast=\"auto\">en representaci\u00f3n de la directora <\/span><span data-contrast=\"auto\">Ma<\/span> <span data-contrast=\"auto\">Guadalupe <\/span><span data-contrast=\"auto\">Noem<\/span><span data-contrast=\"auto\">i<\/span> <span data-contrast=\"auto\">Uehara<\/span><span data-contrast=\"auto\"> Guerrero<\/span><span data-contrast=\"auto\">, inaugur\u00f3 oficialmente el evento y expres\u00f3:<\/span> <span data-contrast=\"auto\">\u201cEs \u00e9sta <\/span><span data-contrast=\"auto\">la ocasi\u00f3n en que todos los talleres exponen lo <\/span><span data-contrast=\"auto\">hecho a lo largo del semestre.<\/span> <span data-contrast=\"auto\">Tenemos <\/span><span data-contrast=\"auto\">mil 250 alumnos y el 90 por ciento de <\/span><span data-contrast=\"auto\">el<\/span><span data-contrast=\"auto\">los <\/span><span data-contrast=\"auto\">participa<\/span><span data-contrast=\"auto\"> en alg\u00fan taller colectivo<\/span><span data-contrast=\"auto\">;<\/span> <span data-contrast=\"auto\">d<\/span><span data-contrast=\"auto\">e es<\/span><span data-contrast=\"auto\">ta forma<\/span><span data-contrast=\"auto\"> tienen a la mano la oportunidad <\/span><span data-contrast=\"auto\">de comparar sus trabajos <\/span><span data-contrast=\"auto\">en un ambiente de sana competencia, observar diferencias y similitudes con el producto de los dem\u00e1s<\/span><span data-contrast=\"auto\">, <\/span><span data-contrast=\"auto\">porque se trata de un resultado pr\u00e1ctico, que se puede <\/span><span data-contrast=\"auto\">ver, <\/span><span data-contrast=\"auto\">palpar<\/span><span data-contrast=\"auto\"> y ex<\/span><span data-contrast=\"auto\">hibir<\/span><span data-contrast=\"auto\">\u201d<\/span><span data-contrast=\"auto\">.<\/span><span data-ccp-props=\"{&quot;335559731&quot;:708}\">\u00a0<\/span><\/p>\n<p><span data-contrast=\"auto\">A\u00f1adi\u00f3 que los profesores, a su vez, tienen la oportunidad <\/span><span data-contrast=\"auto\">de <\/span><span data-contrast=\"auto\">cuantificar alcances y tener los elementos que les permitan detectar puntos en que los alumnos habr\u00e1n de mejorar. \u201cEs un proceso muy virtuoso\u201d.<\/span><span data-ccp-props=\"{&quot;335559731&quot;:708}\">\u00a0<\/span><\/p>\n<div id=\"attachment_78004\" style=\"width: 732px\" class=\"wp-caption aligncenter\"><a href=\"https:\/\/www.uv.mx\/prensa\/files\/2019\/12\/101219-Valoracion-Diagnostica-Arquitectura-1.jpg\"><img loading=\"lazy\" decoding=\"async\" aria-describedby=\"caption-attachment-78004\" class=\"size-full wp-image-78004\" src=\"https:\/\/www.uv.mx\/prensa\/files\/2019\/12\/101219-Valoracion-Diagnostica-Arquitectura-1.jpg\" alt=\"\" width=\"722\" height=\"481\" srcset=\"https:\/\/www.uv.mx\/prensa\/files\/2019\/12\/101219-Valoracion-Diagnostica-Arquitectura-1.jpg 722w, https:\/\/www.uv.mx\/prensa\/files\/2019\/12\/101219-Valoracion-Diagnostica-Arquitectura-1-300x200.jpg 300w\" sizes=\"auto, (max-width: 722px) 100vw, 722px\" \/><\/a><p id=\"caption-attachment-78004\" class=\"wp-caption-text\">El secretario Acad\u00e9mico de la Facultad, Luis Manuel Fern\u00e1ndez<\/p><\/div>\n<p><span data-contrast=\"auto\">A<\/span><span data-contrast=\"auto\"> la inauguraci\u00f3n <\/span><span data-contrast=\"auto\">asistieron los<\/span><span data-contrast=\"auto\"> coordinadores de las academias de Proyectos, Edificaci\u00f3n, Urbanizaci\u00f3n y Human\u00edstica. Cada uno de ellos manifest\u00f3 su satisfacci\u00f3n por los resultados all\u00ed expu<\/span><span data-contrast=\"auto\">estos.<\/span><span data-ccp-props=\"{&quot;335559731&quot;:708}\">\u00a0<\/span><\/p>\n<p><span data-contrast=\"auto\">Alfonso Rodr\u00edguez Pulido, coordinador de la Academia de Proyectos, <\/span><span data-contrast=\"auto\">indic\u00f3<\/span><span data-contrast=\"auto\"> que son dos las valoraciones de <\/span><span data-contrast=\"auto\">esta <\/span><span data-contrast=\"auto\">naturaleza al a\u00f1o, una por semestre, y que los trabajos que se exponen en los salones son tan valiosos como los que se ubican en el patio. El pro<\/span><span data-contrast=\"auto\">blema es el espacio disponible.<\/span><span data-ccp-props=\"{&quot;335559731&quot;:708}\">\u00a0<\/span><\/p>\n<p><span data-contrast=\"auto\">El alumno Diego Tamayo<\/span><span data-contrast=\"auto\">,<\/span> <span data-contrast=\"auto\">d<\/span><span data-contrast=\"auto\">el \u00faltimo semestre<\/span><span data-contrast=\"auto\">,<\/span><span data-contrast=\"auto\"> indic\u00f3 que en su sal\u00f3n se exponen los tra<\/span><span data-contrast=\"auto\">bajos por \u00e9l presentados en el <\/span><span data-contrast=\"auto\">35 Premio a la <\/span><span data-contrast=\"auto\">C<\/span><span data-contrast=\"auto\">omposici\u00f3n <\/span><span data-contrast=\"auto\">A<\/span><span data-contrast=\"auto\">rquitect\u00f3nica <\/span><span data-contrast=\"auto\">\u201c<\/span><span data-contrast=\"auto\">Alberto J. <\/span><span data-contrast=\"auto\">Pani<\/span><span data-contrast=\"auto\">\u201d<\/span><span data-contrast=\"auto\"> 2019<\/span><span data-contrast=\"auto\">, evento convocado <\/span><span data-contrast=\"auto\">por la <\/span><span data-contrast=\"auto\">Facultad de Arquitectura de la Universid<\/span><span data-contrast=\"auto\">ad Nacional Aut\u00f3noma de M\u00e9xico <\/span><span data-contrast=\"auto\">(UNAM) <\/span><span data-contrast=\"auto\">que permite <\/span><span data-contrast=\"auto\">reunir a los mejores estudiantes de las instituciones afiliadas a la Asociaci\u00f3n de Instituciones de Ense\u00f1anza de la Arquitectura de la Rep\u00fablica Mexicana<\/span><span data-contrast=\"auto\">.<\/span><span data-ccp-props=\"{&quot;335559731&quot;:708}\">\u00a0<\/span><\/p>\n<p><span data-contrast=\"auto\">\u201cEsta Valoraci\u00f3n Diagn\u00f3stica nos permite exponer proyectos y puntos de vista en torno de la forma como podemos contribuir a resolver problemas contempor\u00e1neos a trav\u00e9s de la arquitectura. Es una plataforma para expresarnos y mostrar lo que la arquitectura veracruzana es cap<\/span><span data-contrast=\"auto\">az de hacer hoy d\u00eda<\/span><span data-contrast=\"auto\">\u201d<\/span><span data-contrast=\"auto\">, concluy\u00f3 Tamayo.<\/span><span data-ccp-props=\"{&quot;335559731&quot;:708}\">\u00a0<\/span><\/p>\n<div id=\"attachment_78003\" style=\"width: 732px\" class=\"wp-caption aligncenter\"><a href=\"https:\/\/www.uv.mx\/prensa\/files\/2019\/12\/101219-Valoracion-Diagnostica-Arquitectura-2.jpg\"><img loading=\"lazy\" decoding=\"async\" aria-describedby=\"caption-attachment-78003\" class=\"size-full wp-image-78003\" src=\"https:\/\/www.uv.mx\/prensa\/files\/2019\/12\/101219-Valoracion-Diagnostica-Arquitectura-2.jpg\" alt=\"\" width=\"722\" height=\"481\" srcset=\"https:\/\/www.uv.mx\/prensa\/files\/2019\/12\/101219-Valoracion-Diagnostica-Arquitectura-2.jpg 722w, https:\/\/www.uv.mx\/prensa\/files\/2019\/12\/101219-Valoracion-Diagnostica-Arquitectura-2-300x200.jpg 300w\" sizes=\"auto, (max-width: 722px) 100vw, 722px\" \/><\/a><p id=\"caption-attachment-78003\" class=\"wp-caption-text\">Diego Tamayo, alumno representante de la UV en el 35 Premio a la Composici\u00f3n Arquitect\u00f3nica \u201cAlberto J. Pani\u201d 2019 de la UNAM<\/p><\/div>\n","protected":false},"excerpt":{"rendered":"<p>Del 9 al 11 de diciembre, alumnos todos los talleres de la Facultad muestran lo hecho a lo largo del semestre<\/p>\n","protected":false},"author":1508,"featured_media":78005,"comment_status":"closed","ping_status":"closed","sticky":false,"template":"","format":"standard","meta":{"footnotes":""},"categories":[61],"tags":[],"class_list":["post-78000","post","type-post","status-publish","format-standard","has-post-thumbnail","hentry","category-banner"],"_links":{"self":[{"href":"https:\/\/www.uv.mx\/prensa\/wp-json\/wp\/v2\/posts\/78000","targetHints":{"allow":["GET"]}}],"collection":[{"href":"https:\/\/www.uv.mx\/prensa\/wp-json\/wp\/v2\/posts"}],"about":[{"href":"https:\/\/www.uv.mx\/prensa\/wp-json\/wp\/v2\/types\/post"}],"author":[{"embeddable":true,"href":"https:\/\/www.uv.mx\/prensa\/wp-json\/wp\/v2\/users\/1508"}],"replies":[{"embeddable":true,"href":"https:\/\/www.uv.mx\/prensa\/wp-json\/wp\/v2\/comments?post=78000"}],"version-history":[{"count":0,"href":"https:\/\/www.uv.mx\/prensa\/wp-json\/wp\/v2\/posts\/78000\/revisions"}],"wp:featuredmedia":[{"embeddable":true,"href":"https:\/\/www.uv.mx\/prensa\/wp-json\/wp\/v2\/media\/78005"}],"wp:attachment":[{"href":"https:\/\/www.uv.mx\/prensa\/wp-json\/wp\/v2\/media?parent=78000"}],"wp:term":[{"taxonomy":"category","embeddable":true,"href":"https:\/\/www.uv.mx\/prensa\/wp-json\/wp\/v2\/categories?post=78000"},{"taxonomy":"post_tag","embeddable":true,"href":"https:\/\/www.uv.mx\/prensa\/wp-json\/wp\/v2\/tags?post=78000"}],"curies":[{"name":"wp","href":"https:\/\/api.w.org\/{rel}","templated":true}]}}