{"id":77890,"date":"2019-12-08T11:33:25","date_gmt":"2019-12-08T17:33:25","guid":{"rendered":"https:\/\/www.uv.mx\/prensa\/?p=77890"},"modified":"2019-12-10T14:12:39","modified_gmt":"2019-12-10T20:12:39","slug":"alumnas-de-enfermeria-realizaron-estancia-en-la-universidad-de-miami","status":"publish","type":"post","link":"https:\/\/www.uv.mx\/prensa\/banner\/alumnas-de-enfermeria-realizaron-estancia-en-la-universidad-de-miami\/","title":{"rendered":"Alumnas de Enfermer\u00eda realizaron estancia en la Universidad de Miami"},"content":{"rendered":"<ul>\n<li data-leveltext=\"\uf0b7\" data-font=\"Symbol\" data-listid=\"3\" data-aria-posinset=\"1\" data-aria-level=\"1\"><i><span data-contrast=\"auto\">Participaron como observadoras en el centro<\/span><\/i> <i><span data-contrast=\"auto\">de simulaci\u00f3n m\u00e1s importante del mundo<\/span><\/i><span data-ccp-props=\"{&quot;201341983&quot;:0,&quot;335559739&quot;:0,&quot;335559740&quot;:240}\">\u00a0<\/span><\/li>\n<\/ul>\n<div id=\"attachment_77894\" style=\"width: 732px\" class=\"wp-caption aligncenter\"><a href=\"https:\/\/www.uv.mx\/prensa\/files\/2019\/12\/051219-Estancia-en-la-U-de-Miami-1.jpg\"><img loading=\"lazy\" decoding=\"async\" aria-describedby=\"caption-attachment-77894\" class=\"wp-image-77894 size-full\" src=\"https:\/\/www.uv.mx\/prensa\/files\/2019\/12\/051219-Estancia-en-la-U-de-Miami-1.jpg\" alt=\"\" width=\"722\" height=\"481\" srcset=\"https:\/\/www.uv.mx\/prensa\/files\/2019\/12\/051219-Estancia-en-la-U-de-Miami-1.jpg 722w, https:\/\/www.uv.mx\/prensa\/files\/2019\/12\/051219-Estancia-en-la-U-de-Miami-1-300x200.jpg 300w\" sizes=\"auto, (max-width: 722px) 100vw, 722px\" \/><\/a><p id=\"caption-attachment-77894\" class=\"wp-caption-text\">Karla Ladr\u00f3n de Guevara, Daniela Yb\u00e1\u00f1ez, Constanza L\u00f3pez, Laura Serv\u00edn, Karen Z\u00e1rate, Silvia Rivera y Carlos Flores<\/p><\/div>\n<p><b><i><span data-contrast=\"auto\">Jos\u00e9 Luis <\/span><\/i><\/b><b><i><span data-contrast=\"auto\">Couttolenc<\/span><\/i><\/b><b><i><span data-contrast=\"auto\"> Soto<\/span><\/i><\/b><span data-ccp-props=\"{&quot;201341983&quot;:0,&quot;335559739&quot;:0,&quot;335559740&quot;:240}\">\u00a0<\/span><\/p>\n<p><span data-ccp-props=\"{&quot;201341983&quot;:0,&quot;335559739&quot;:0,&quot;335559740&quot;:240}\">\u00a0<\/span><b><i><span data-contrast=\"auto\">08<\/span><\/i><\/b><b><i><span data-contrast=\"auto\">\/<\/span><\/i><\/b><b><i><span data-contrast=\"auto\">1<\/span><\/i><\/b><b><i><span data-contrast=\"auto\">2<\/span><\/i><\/b><b><i><span data-contrast=\"auto\">\/2019<\/span><\/i><\/b><b><i><span data-contrast=\"auto\">, Xalapa, Ver.-<\/span><\/i><\/b> <span data-contrast=\"auto\">C<\/span><span data-contrast=\"auto\">inco alumnas de la <a href=\"https:\/\/www.uv.mx\/enfermeria\/\">Facultad de Enfermer\u00eda<\/a><\/span><span data-contrast=\"auto\">\u00a0de la Universidad Veracruzana (UV) de esta regi\u00f3n realizaron una estancia acad\u00e9mica, del <\/span><span data-contrast=\"auto\">4<\/span><span data-contrast=\"auto\"> al <\/span><span data-contrast=\"auto\">8<\/span><span data-contrast=\"auto\"> de noviembre, en la Universidad de Miami, Florida, concretamente en la Escuela de Enfermer\u00eda y Estudios de Salud (<\/span><span data-contrast=\"auto\">SONHS<\/span><span data-contrast=\"auto\">,<\/span><span data-contrast=\"auto\"> por sus siglas en ingl\u00e9s), como parte del programa de internacionalizaci\u00f3n y formaci\u00f3n integral del estudiante.<\/span><span data-ccp-props=\"{&quot;201341983&quot;:0,&quot;335559739&quot;:0,&quot;335559740&quot;:240}\">\u00a0<\/span><\/p>\n<p><span data-contrast=\"auto\">Acompa\u00f1adas por la docente Karla Ladr\u00f3n de Guevara Mar\u00edn, las estudiantes Constanza L\u00f3pez Medell\u00edn, Laura Serv\u00edn Barradas, Karen A<\/span><span data-contrast=\"auto\">driana Z\u00e1rate Castilla, Silvia P<\/span><span data-contrast=\"auto\">aola Rivera Cruz<\/span><span data-contrast=\"auto\"> y Daniela <\/span><span data-contrast=\"auto\">Yb\u00e1<\/span><span data-contrast=\"auto\">\u00f1ez<\/span><span data-contrast=\"auto\"> Osorio, participar<\/span><span data-contrast=\"auto\">on<\/span><span data-contrast=\"auto\"> como observadoras en la SONHS, considerada como el centro m\u00e1s importante de simulaci\u00f3n a nivel mundial<\/span><span data-contrast=\"auto\">.<\/span><span data-ccp-props=\"{&quot;201341983&quot;:0,&quot;335559739&quot;:0,&quot;335559740&quot;:240}\">\u00a0<\/span><\/p>\n<p><span data-contrast=\"auto\">Explicaron que <\/span><span data-contrast=\"auto\">todo es un simulacro p<\/span><span data-contrast=\"auto\">ero con impacto en la vida real<\/span><span data-contrast=\"auto\">, por lo que representa un escenario de entrenamiento fundam<\/span><span data-contrast=\"auto\">ental para los profesionales de<\/span><span data-contrast=\"auto\"> la salud.<\/span><span data-ccp-props=\"{&quot;201341983&quot;:0,&quot;335559731&quot;:708,&quot;335559739&quot;:0,&quot;335559740&quot;:240}\">\u00a0<\/span><\/p>\n<div id=\"attachment_77891\" style=\"width: 732px\" class=\"wp-caption aligncenter\"><a href=\"https:\/\/www.uv.mx\/prensa\/files\/2019\/12\/051219-Estancia-U-de-Miami-2.jpg\"><img loading=\"lazy\" decoding=\"async\" aria-describedby=\"caption-attachment-77891\" class=\"size-full wp-image-77891\" src=\"https:\/\/www.uv.mx\/prensa\/files\/2019\/12\/051219-Estancia-U-de-Miami-2.jpg\" alt=\"\" width=\"722\" height=\"350\" srcset=\"https:\/\/www.uv.mx\/prensa\/files\/2019\/12\/051219-Estancia-U-de-Miami-2.jpg 722w, https:\/\/www.uv.mx\/prensa\/files\/2019\/12\/051219-Estancia-U-de-Miami-2-300x145.jpg 300w\" sizes=\"auto, (max-width: 722px) 100vw, 722px\" \/><\/a><p id=\"caption-attachment-77891\" class=\"wp-caption-text\">Las alumnas estuvieron en <span data-contrast=\"auto\"> la Escuela de Enfermer\u00eda y Estudios de Salud<\/span><\/p><\/div>\n<p><span data-contrast=\"auto\">La acad\u00e9mica <\/span><span data-contrast=\"auto\">Ladr\u00f3n de Guevara Mar\u00edn <\/span><span data-contrast=\"auto\">dijo<\/span> <span data-contrast=\"auto\">que durante <\/span><span data-contrast=\"auto\">la estancia<\/span><span data-contrast=\"auto\">, las estudiantes interactuar<\/span><span data-contrast=\"auto\">on<\/span><span data-contrast=\"auto\"> con enfermeras y enfermeros<\/span><span data-contrast=\"auto\"> en<\/span><span data-contrast=\"auto\"> el centro de si<\/span><span data-contrast=\"auto\">mulaci\u00f3n,<\/span><span data-contrast=\"auto\"> mientras que<\/span> <span data-contrast=\"auto\">en el Hospital<\/span><span data-contrast=\"auto\"> de la Universidad de Miami y el<\/span> <span data-contrast=\"auto\">Ce<\/span><span data-contrast=\"auto\">ntro Integral de Cancerolog\u00eda<\/span> <span data-contrast=\"auto\">fueron asignadas a diferentes \u00e1reas y presenciaron cirug\u00edas rob\u00f3ticas y microcirug\u00edas,<\/span><span data-contrast=\"auto\"> entablar<\/span><span data-contrast=\"auto\">on<\/span><span data-contrast=\"auto\"> comunicaci\u00f3n directa con m\u00e9dicos y observaron c\u00f3mo se brinda el cuidado por parte de los profesionales de la enfermer\u00eda.<\/span><span data-ccp-props=\"{&quot;201341983&quot;:0,&quot;335559739&quot;:0,&quot;335559740&quot;:240}\">\u00a0<\/span><\/p>\n<p><span data-contrast=\"auto\">Cabe mencionar que el SONHS cuenta con sala de emergencias, camas, sala de operaciones, unidad de cuidados intensivos, sala de pa<\/span><span data-contrast=\"auto\">r<\/span><span data-contrast=\"auto\">tos y cl\u00ednicas <\/span><span data-contrast=\"auto\">ambulatorias;<\/span><span data-contrast=\"auto\"> los pacientes son <\/span><span data-contrast=\"auto\">reemplazados por simuladores electr\u00f3nicos<\/span><span data-contrast=\"auto\"> a tama\u00f1o real de <\/span><span data-contrast=\"auto\">las <\/span><span data-contrast=\"auto\">personas, <\/span><span data-contrast=\"auto\">que respiran, hablan, parpadean y simulan una gama de casos cl\u00ednicos como ataques al coraz\u00f3n, hemorragias y traumas por accidente, dificultades respiratorias y partos, entre otros.<\/span><span data-ccp-props=\"{&quot;201341983&quot;:0,&quot;335559739&quot;:0,&quot;335559740&quot;:240}\">\u00a0<\/span><\/p>\n<p><span data-contrast=\"auto\">Por su parte Carlos Flores P\u00e9rez, director de la <\/span><span data-contrast=\"auto\">F<\/span><span data-contrast=\"auto\">acultad de Enfermer\u00eda, dio a conocer que en las gestiones para la estancia en la Universidad de Miami particip\u00f3 la Federaci\u00f3n Mexicana de Asociaciones, Facultades y Escuelas de Enfermer\u00eda <\/span><span data-contrast=\"auto\">y es<\/span><span data-contrast=\"auto\"> parte de la internacionalizaci\u00f3n del programa educativo de esa entidad universitaria, cuyo proyecto contempla tambi\u00e9n estancias acad\u00e9micas en las universidades de Texas<\/span> <span data-contrast=\"auto\">y <\/span><span data-contrast=\"auto\">de <\/span><span data-contrast=\"auto\">Barcelona, as\u00ed como en la Escuela Nacional de Salud P\u00fablica de <\/span><span data-contrast=\"auto\">L<\/span><span data-contrast=\"auto\">a Habana, Cuba.<\/span><span data-ccp-props=\"{&quot;201341983&quot;:0,&quot;335559739&quot;:0,&quot;335559740&quot;:240}\">\u00a0<\/span><\/p>\n<div id=\"attachment_77892\" style=\"width: 732px\" class=\"wp-caption aligncenter\"><a href=\"https:\/\/www.uv.mx\/prensa\/files\/2019\/12\/051219-Estancia-U-de-Miami-3.jpg\"><img loading=\"lazy\" decoding=\"async\" aria-describedby=\"caption-attachment-77892\" class=\"size-full wp-image-77892\" src=\"https:\/\/www.uv.mx\/prensa\/files\/2019\/12\/051219-Estancia-U-de-Miami-3.jpg\" alt=\"\" width=\"722\" height=\"349\" srcset=\"https:\/\/www.uv.mx\/prensa\/files\/2019\/12\/051219-Estancia-U-de-Miami-3.jpg 722w, https:\/\/www.uv.mx\/prensa\/files\/2019\/12\/051219-Estancia-U-de-Miami-3-300x145.jpg 300w\" sizes=\"auto, (max-width: 722px) 100vw, 722px\" \/><\/a><p id=\"caption-attachment-77892\" class=\"wp-caption-text\">T\u00e9cnicas para el cuidado del paciente fueron observadas por las universitarias<\/p><\/div>\n","protected":false},"excerpt":{"rendered":"<p>Constanza L\u00f3pez, Laura Serv\u00edn, Karen Z\u00e1rate, Silvia Rivera y Daniela Yb\u00e1\u00f1ez acudieron como observadoras a la Escuela de Enfermer\u00eda y Estudios de Salud de la instituci\u00f3n estadounidense<\/p>\n","protected":false},"author":1508,"featured_media":77893,"comment_status":"closed","ping_status":"closed","sticky":false,"template":"","format":"standard","meta":{"footnotes":""},"categories":[61],"tags":[],"class_list":["post-77890","post","type-post","status-publish","format-standard","has-post-thumbnail","hentry","category-banner"],"_links":{"self":[{"href":"https:\/\/www.uv.mx\/prensa\/wp-json\/wp\/v2\/posts\/77890","targetHints":{"allow":["GET"]}}],"collection":[{"href":"https:\/\/www.uv.mx\/prensa\/wp-json\/wp\/v2\/posts"}],"about":[{"href":"https:\/\/www.uv.mx\/prensa\/wp-json\/wp\/v2\/types\/post"}],"author":[{"embeddable":true,"href":"https:\/\/www.uv.mx\/prensa\/wp-json\/wp\/v2\/users\/1508"}],"replies":[{"embeddable":true,"href":"https:\/\/www.uv.mx\/prensa\/wp-json\/wp\/v2\/comments?post=77890"}],"version-history":[{"count":0,"href":"https:\/\/www.uv.mx\/prensa\/wp-json\/wp\/v2\/posts\/77890\/revisions"}],"wp:featuredmedia":[{"embeddable":true,"href":"https:\/\/www.uv.mx\/prensa\/wp-json\/wp\/v2\/media\/77893"}],"wp:attachment":[{"href":"https:\/\/www.uv.mx\/prensa\/wp-json\/wp\/v2\/media?parent=77890"}],"wp:term":[{"taxonomy":"category","embeddable":true,"href":"https:\/\/www.uv.mx\/prensa\/wp-json\/wp\/v2\/categories?post=77890"},{"taxonomy":"post_tag","embeddable":true,"href":"https:\/\/www.uv.mx\/prensa\/wp-json\/wp\/v2\/tags?post=77890"}],"curies":[{"name":"wp","href":"https:\/\/api.w.org\/{rel}","templated":true}]}}