{"id":77855,"date":"2019-12-09T08:00:41","date_gmt":"2019-12-09T14:00:41","guid":{"rendered":"https:\/\/www.uv.mx\/prensa\/?p=77855"},"modified":"2019-12-09T10:27:49","modified_gmt":"2019-12-09T16:27:49","slug":"por-primera-vez-uv-tiene-sus-cinco-programas-de-medicina-acreditados","status":"publish","type":"post","link":"https:\/\/www.uv.mx\/prensa\/banner\/por-primera-vez-uv-tiene-sus-cinco-programas-de-medicina-acreditados\/","title":{"rendered":"Por primera vez, UV tiene sus cinco programas de Medicina acreditados"},"content":{"rendered":"<ul>\n<li data-leveltext=\"\uf0b7\" data-font=\"Symbol\" data-listid=\"2\" data-aria-posinset=\"0\" data-aria-level=\"1\"><i><span data-contrast=\"auto\">Con ello se garantiza la preparaci\u00f3n de los alumnos<\/span><\/i> <i><span data-contrast=\"auto\">para continuar<\/span><\/i><i><span data-contrast=\"auto\"> con la especialidad que elijan<\/span><\/i><span data-ccp-props=\"{&quot;201341983&quot;:0,&quot;335559739&quot;:0,&quot;335559740&quot;:240}\">\u00a0<\/span><\/li>\n<li data-leveltext=\"\uf0b7\" data-font=\"Symbol\" data-listid=\"2\" data-aria-posinset=\"0\" data-aria-level=\"1\"><i><span data-contrast=\"auto\">El siguiente paso es lograr la acreditaci\u00f3n internacional<\/span><\/i> <i><span data-contrast=\"auto\">por la <\/span><\/i><span data-contrast=\"auto\">World<\/span> <span data-contrast=\"auto\">F<\/span><span data-contrast=\"auto\">ederation<\/span> <span data-contrast=\"auto\">for<\/span><span data-contrast=\"auto\"> Medical <\/span><span data-contrast=\"auto\">Education<\/span><\/li>\n<\/ul>\n<div id=\"attachment_77860\" style=\"width: 732px\" class=\"wp-caption aligncenter\"><a href=\"https:\/\/www.uv.mx\/prensa\/files\/2019\/12\/091219-Acreditacion-medico-cirujano-100k.jpg\"><img loading=\"lazy\" decoding=\"async\" aria-describedby=\"caption-attachment-77860\" class=\"size-full wp-image-77860\" src=\"https:\/\/www.uv.mx\/prensa\/files\/2019\/12\/091219-Acreditacion-medico-cirujano-100k.jpg\" alt=\"Pedro Guti\u00e9rrez Aguilar, director general del \u00c1rea Acad\u00e9mica de Ciencias de la Salud \" width=\"722\" height=\"481\" srcset=\"https:\/\/www.uv.mx\/prensa\/files\/2019\/12\/091219-Acreditacion-medico-cirujano-100k.jpg 722w, https:\/\/www.uv.mx\/prensa\/files\/2019\/12\/091219-Acreditacion-medico-cirujano-100k-300x200.jpg 300w\" sizes=\"auto, (max-width: 722px) 100vw, 722px\" \/><\/a><p id=\"caption-attachment-77860\" class=\"wp-caption-text\">Pedro Guti\u00e9rrez Aguilar, director general del \u00c1rea Acad\u00e9mica de Ciencias de la Salud<\/p><\/div>\n<p><b><i><span data-contrast=\"auto\">Jos\u00e9 Luis <\/span><\/i><\/b><b><i><span data-contrast=\"auto\">Couttolenc<\/span><\/i><\/b><b><i><span data-contrast=\"auto\"> Soto<\/span><\/i><\/b><span data-ccp-props=\"{&quot;201341983&quot;:0,&quot;335559739&quot;:0,&quot;335559740&quot;:240}\">\u00a0<\/span><\/p>\n<p><b><i><span data-contrast=\"auto\">0<\/span><\/i><\/b><b><i><span data-contrast=\"auto\">9<\/span><\/i><\/b><b><i><span data-contrast=\"auto\">\/12\/2019, Xalapa, Ver.-<\/span><\/i><\/b><span data-contrast=\"auto\"> Por primera vez en la historia de la Universidad Veracruzana (UV), los programas educativos de las cinco facultades de Medicina cuentan con acreditaci\u00f3n de calidad de forma\u00a0 simult\u00e1nea.\u00a0<\/span><span data-ccp-props=\"{&quot;201341983&quot;:0,&quot;335559739&quot;:0,&quot;335559740&quot;:240}\">\u00a0<\/span><\/p>\n<p><span data-contrast=\"auto\">El <\/span><span data-contrast=\"auto\">Consejo Mexicano para la Acreditaci\u00f3n de la Educaci\u00f3n M\u00e9dica, A.C. (<\/span><i><span data-contrast=\"auto\">Comaem<\/span><\/i><span data-contrast=\"auto\">) <\/span><span data-contrast=\"auto\">acredit\u00f3<\/span> <span data-contrast=\"auto\">los <\/span><span data-contrast=\"auto\">programa<\/span><span data-contrast=\"auto\">s<\/span><span data-contrast=\"auto\"> educativo<\/span><span data-contrast=\"auto\">s<\/span><span data-contrast=\"auto\"> de la Licenciatura <\/span><span data-contrast=\"auto\">en<\/span><span data-contrast=\"auto\"> M\u00e9dico Cirujano <\/span><span data-contrast=\"auto\">que se imparten en Veracruz, Ciudad Mendoza, Minatitl\u00e1n, <\/span><span data-contrast=\"auto\">Poza Rica<\/span><span data-contrast=\"auto\"> y <\/span><span data-contrast=\"auto\">Xalapa<\/span><span data-contrast=\"auto\"> en sendos procesos dictaminados favorablemente y notificados a las facultades en 2015, para el caso de Veracruz, y 2019 para el resto.\u00a0<\/span><span data-ccp-props=\"{&quot;201341983&quot;:0,&quot;335559731&quot;:708,&quot;335559739&quot;:0,&quot;335559740&quot;:240}\">\u00a0<\/span><\/p>\n<p><span data-contrast=\"auto\">Pedro Guti\u00e9rrez Aguilar, director general del <a href=\"https:\/\/www.uv.mx\/csalud\/\" target=\"_blank\" rel=\"noopener noreferrer\">\u00c1rea Acad\u00e9mica de Ciencias de la Salud<\/a><\/span><span data-contrast=\"auto\"> (DGAACS) de la UV, <\/span><span data-contrast=\"auto\">se\u00f1al<\/span><span data-contrast=\"auto\">\u00f3 <\/span><span data-contrast=\"auto\">que <\/span><span data-contrast=\"auto\">de esta forma se garantiza <\/span><span data-contrast=\"auto\">que los estudiantes que acudan a cualquiera de ellas <\/span><span data-contrast=\"auto\">recibir\u00e1n <\/span><span data-contrast=\"auto\">formaci\u00f3n profesional de calidad.<\/span><span data-ccp-props=\"{&quot;201341983&quot;:0,&quot;335559739&quot;:0,&quot;335559740&quot;:240}\">\u00a0<\/span><\/p>\n<p><span data-contrast=\"auto\">Esto, dijo, les <\/span><span data-contrast=\"auto\">da<\/span><span data-contrast=\"auto\"> tambi\u00e9n la oportunidad de presentar el examen nacional para aspirantes a residencias m\u00e9dicas, en el que recientemente se han obtenidos muy buenos resultados, como lo demuestra la aceptaci\u00f3n de 316 alumnos de las cinco regiones en <\/span><span data-contrast=\"auto\">las que <\/span><span data-contrast=\"auto\">tiene presencia la UV.<\/span><span data-ccp-props=\"{&quot;201341983&quot;:0,&quot;335559739&quot;:0,&quot;335559740&quot;:240}\">\u00a0<\/span><\/p>\n<p><span data-contrast=\"auto\">Para el proceso de evaluaci\u00f3n, Guti\u00e9rrez Aguilar refiri\u00f3 que fue importante el apoyo de la rectora Sara Ladr\u00f3n de Guevara, de Magdalena Hern\u00e1ndez Alarc\u00f3n y Salvador Tapia <\/span><span data-contrast=\"auto\">Spi<\/span><span data-contrast=\"auto\">noso<\/span><span data-contrast=\"auto\">, titulares de las secretar\u00eda<\/span><span data-contrast=\"auto\">s<\/span><span data-contrast=\"auto\"> Acad\u00e9mica y de Administraci\u00f3n y Finanzas,<\/span><span data-contrast=\"auto\"> respectivamente, adem\u00e1s de <\/span><span data-contrast=\"auto\">la <\/span><span data-contrast=\"auto\">Direcci<\/span><span data-contrast=\"auto\">\u00f3<\/span><span data-contrast=\"auto\">n General de Planeaci<\/span><span data-contrast=\"auto\">\u00f3<\/span><span data-contrast=\"auto\">n Institucional<\/span><span data-contrast=\"auto\">, <\/span><span data-contrast=\"auto\">vicer<\/span><span data-contrast=\"auto\">r<\/span><span data-contrast=\"auto\">ectores<\/span><span data-contrast=\"auto\">, d<\/span><span data-contrast=\"auto\">irectores,<\/span> <span data-contrast=\"auto\">docentes,<\/span> <span data-contrast=\"auto\">estudiantes y personal de cada entidad acad\u00e9mica.<\/span><span data-ccp-props=\"{&quot;201341983&quot;:0,&quot;335559739&quot;:0,&quot;335559740&quot;:240}\">\u00a0<\/span><\/p>\n<p><span data-contrast=\"auto\">Explic\u00f3 tambi\u00e9n que en la comisi\u00f3n evaluadora de <\/span><i><span data-contrast=\"auto\">Comaem<\/span><\/i> <span data-contrast=\"auto\">no participan representantes de instituciones cercanas a la entidad a evaluar, por lo que en este caso estuvo conformada por acad\u00e9micos de la Universidad Nacional Aut\u00f3noma de M\u00e9xico (UNAM), de Chihuahua<\/span><span data-contrast=\"auto\"> y Baja California, entre otros;<\/span> <span data-contrast=\"auto\">posteriormente<\/span><span data-contrast=\"auto\">,<\/span><span data-contrast=\"auto\"> en la Ciudad de M\u00e9xico el <\/span><i><span data-contrast=\"auto\">Comaem<\/span><\/i><span data-contrast=\"auto\">, constituido en Comit\u00e9 de Acreditaci\u00f3n, por consenso decidi\u00f3 acredita<\/span><span data-contrast=\"auto\">r<\/span><span data-contrast=\"auto\"> el programa educativo por cinco a\u00f1os.<\/span><span data-ccp-props=\"{&quot;201341983&quot;:0,&quot;335559739&quot;:0,&quot;335559740&quot;:240}\">\u00a0<\/span><\/p>\n<p><span data-contrast=\"auto\">E<\/span><span data-contrast=\"auto\">l siguiente paso es buscar la acreditaci\u00f3n internacional por parte<\/span> <span data-contrast=\"auto\">de la <\/span><i><span data-contrast=\"auto\">World<\/span><\/i> <i><span data-contrast=\"auto\">Federation<\/span><\/i> <i><span data-contrast=\"auto\">for<\/span><\/i><i><span data-contrast=\"auto\"> Medical <\/span><\/i><i><span data-contrast=\"auto\">Education<\/span><\/i><span data-contrast=\"auto\">. <\/span><span data-contrast=\"auto\">\u201c<\/span><span data-contrast=\"auto\">As\u00ed, <\/span><span data-contrast=\"auto\">la UV responde a la confianza depositada por la sociedad para que la formaci\u00f3n de<\/span><span data-contrast=\"auto\"> los futuros m\u00e9dicos cirujanos <\/span><span data-contrast=\"auto\">sea de calidad\u201d, afirm\u00f3 el funcionario universitario.<\/span><span data-ccp-props=\"{&quot;201341983&quot;:0,&quot;335559739&quot;:0,&quot;335559740&quot;:240}\">\u00a0<\/span><\/p>\n","protected":false},"excerpt":{"rendered":"<p>El siguiente paso es lograr la acreditaci\u00f3n internacional por la World Federation for Medical Education <\/p>\n","protected":false},"author":1775,"featured_media":77863,"comment_status":"closed","ping_status":"closed","sticky":false,"template":"","format":"standard","meta":{"footnotes":""},"categories":[61],"tags":[],"class_list":["post-77855","post","type-post","status-publish","format-standard","has-post-thumbnail","hentry","category-banner"],"_links":{"self":[{"href":"https:\/\/www.uv.mx\/prensa\/wp-json\/wp\/v2\/posts\/77855","targetHints":{"allow":["GET"]}}],"collection":[{"href":"https:\/\/www.uv.mx\/prensa\/wp-json\/wp\/v2\/posts"}],"about":[{"href":"https:\/\/www.uv.mx\/prensa\/wp-json\/wp\/v2\/types\/post"}],"author":[{"embeddable":true,"href":"https:\/\/www.uv.mx\/prensa\/wp-json\/wp\/v2\/users\/1775"}],"replies":[{"embeddable":true,"href":"https:\/\/www.uv.mx\/prensa\/wp-json\/wp\/v2\/comments?post=77855"}],"version-history":[{"count":0,"href":"https:\/\/www.uv.mx\/prensa\/wp-json\/wp\/v2\/posts\/77855\/revisions"}],"wp:featuredmedia":[{"embeddable":true,"href":"https:\/\/www.uv.mx\/prensa\/wp-json\/wp\/v2\/media\/77863"}],"wp:attachment":[{"href":"https:\/\/www.uv.mx\/prensa\/wp-json\/wp\/v2\/media?parent=77855"}],"wp:term":[{"taxonomy":"category","embeddable":true,"href":"https:\/\/www.uv.mx\/prensa\/wp-json\/wp\/v2\/categories?post=77855"},{"taxonomy":"post_tag","embeddable":true,"href":"https:\/\/www.uv.mx\/prensa\/wp-json\/wp\/v2\/tags?post=77855"}],"curies":[{"name":"wp","href":"https:\/\/api.w.org\/{rel}","templated":true}]}}