{"id":77791,"date":"2019-12-06T10:54:50","date_gmt":"2019-12-06T16:54:50","guid":{"rendered":"https:\/\/www.uv.mx\/prensa\/?p=77791"},"modified":"2019-12-09T11:33:09","modified_gmt":"2019-12-09T17:33:09","slug":"pean-anuncia-oferta-educativa-para-periodo-intersemestral-de-invierno","status":"publish","type":"post","link":"https:\/\/www.uv.mx\/prensa\/general\/pean-anuncia-oferta-educativa-para-periodo-intersemestral-de-invierno\/","title":{"rendered":"PEAN anuncia oferta educativa para periodo intersemestral de invierno"},"content":{"rendered":"<ul>\n<li><i><span data-contrast=\"auto\">Las inscripciones en l\u00ednea finalizan el 10 de diciembre y los cursos inician el 6 de enero<\/span><\/i><span data-ccp-props=\"{&quot;134233279&quot;:true}\">\u00a0<\/span><\/li>\n<\/ul>\n<p>&nbsp;<\/p>\n<div id=\"attachment_77818\" style=\"width: 732px\" class=\"wp-caption aligncenter\"><a href=\"https:\/\/www.uv.mx\/prensa\/files\/2019\/12\/051219-DAVID-oferta-intersemestral-de-invierno-del-PEAN.jpg\"><img loading=\"lazy\" decoding=\"async\" aria-describedby=\"caption-attachment-77818\" class=\"size-full wp-image-77818\" src=\"https:\/\/www.uv.mx\/prensa\/files\/2019\/12\/051219-DAVID-oferta-intersemestral-de-invierno-del-PEAN.jpg\" alt=\"\" width=\"722\" height=\"481\" srcset=\"https:\/\/www.uv.mx\/prensa\/files\/2019\/12\/051219-DAVID-oferta-intersemestral-de-invierno-del-PEAN.jpg 722w, https:\/\/www.uv.mx\/prensa\/files\/2019\/12\/051219-DAVID-oferta-intersemestral-de-invierno-del-PEAN-300x200.jpg 300w\" sizes=\"auto, (max-width: 722px) 100vw, 722px\" \/><\/a><p id=\"caption-attachment-77818\" class=\"wp-caption-text\">Daniel Romero, coordinador del <span data-contrast=\"auto\">Programa de Estudios sobre Am\u00e9rica del Norte<\/span><\/p><\/div>\n<p><b><i><span data-contrast=\"auto\">David Sandoval Rodr\u00edguez<\/span><\/i><\/b><span data-ccp-props=\"{}\">\u00a0<\/span><\/p>\n<p><b><i><span data-contrast=\"auto\">06\/12\/<\/span><\/i><\/b><b><i><span data-contrast=\"auto\">20<\/span><\/i><\/b><b><i><span data-contrast=\"auto\">19<\/span><\/i><\/b><b><i><span data-contrast=\"auto\">,<\/span><\/i><\/b><b><i><span data-contrast=\"auto\"> Xalapa, Ver.-<\/span><\/i><\/b> <span data-contrast=\"auto\">El <\/span><span data-contrast=\"auto\">Programa de Estudios sobre Am\u00e9rica del Norte (PEAN)<\/span><span data-contrast=\"auto\"> de la Universidad Veracruzana (UV) anunci\u00f3 <\/span><span data-contrast=\"auto\">la<\/span><span data-contrast=\"auto\"> oferta de <\/span><span data-contrast=\"auto\">cinco <\/span><span data-contrast=\"auto\">e<\/span><span data-contrast=\"auto\">xperiencias <\/span><span data-contrast=\"auto\">e<\/span><span data-contrast=\"auto\">ducativas (EE) para el periodo intersemestral de invierno 2020 que iniciar\u00e1 el 6 de enero y cuyas inscripciones en l\u00ednea cierran el martes 10 de diciembre.<\/span><span data-ccp-props=\"{}\">\u00a0<\/span><\/p>\n<p><span data-contrast=\"auto\">Daniel Romero Le\u00f3n, coordinador del PEAN<\/span><span data-contrast=\"auto\">, adscrito a la <a href=\"https:\/\/www.uv.mx\/internacional\/\" target=\"_blank\" rel=\"noopener noreferrer\">Direcci\u00f3n General de Relaciones Internacionales<\/a> (DGRI), detall\u00f3 que las EE tratar\u00e1n sobre diferentes temas que ser\u00e1n impartidos por expertos que colaboran en <\/span><span data-contrast=\"auto\">dicho<\/span> <span data-contrast=\"auto\">p<\/span><span data-contrast=\"auto\">rograma.<\/span><span data-ccp-props=\"{&quot;335559731&quot;:708}\">\u00a0<\/span><\/p>\n<p><span data-contrast=\"auto\">La EE Medios y Cambio Social ser\u00e1 impartida por \u00c1ngel Mart\u00ednez Armengol, comunic\u00f3logo y especialista en medios, quien analizar\u00e1 el rol que juegan los medios en los Estados Unidos, particularmente en este momento cuando se est\u00e1 dando una disputa \u201cpor la realidad en los medios noticiosos, as\u00ed como el <\/span><i><span data-contrast=\"auto\">impeachment<\/span><\/i><span data-contrast=\"auto\"> de Donald Trump\u201d.<\/span><span data-ccp-props=\"{&quot;335559731&quot;:708}\">\u00a0<\/span><\/p>\n<p><span data-contrast=\"auto\">La EE <\/span><span data-contrast=\"auto\">Integraci\u00f3n <\/span><span data-contrast=\"auto\">E<\/span><span data-contrast=\"auto\">con\u00f3mica M\u00e9xico-EEUU<\/span><span data-contrast=\"auto\"> ser\u00e1 facilitada por <\/span><span data-contrast=\"auto\">Mauricio <\/span><span data-contrast=\"auto\">Lascurain<\/span><span data-contrast=\"auto\"> Fern\u00e1ndez<\/span><span data-contrast=\"auto\">, acad\u00e9mico del Instituto de Investigaciones Ju<\/span><span data-contrast=\"auto\">r\u00eddicas (IIJ) de la UV, <\/span><span data-contrast=\"auto\">y<\/span><span data-contrast=\"auto\"> tratar\u00e1 el proceso de transici\u00f3n entre el Tratado de Libre Comercio de Am\u00e9rica del Norte (TLCAN) y el nuevo T-MEC que est\u00e1 en espera de su ratificaci\u00f3n.<\/span><span data-ccp-props=\"{&quot;335559731&quot;:708}\">\u00a0<\/span><\/p>\n<p><span data-contrast=\"auto\">Ivette Santa Mart\u00ednez Jim\u00e9nez, acad\u00e9mica de la Facultad de Idiomas, impartir\u00e1 <\/span><span data-contrast=\"auto\">Francofon\u00eda<\/span><span data-contrast=\"auto\"> en Am\u00e9rica del Norte<\/span><span data-contrast=\"auto\"> que mostrar\u00e1, entre otras cosas, la importancia de la regi\u00f3n franc\u00f3fona de Quebec, expl<\/span><span data-contrast=\"auto\">orando su cultura y tradiciones.<\/span><span data-ccp-props=\"{&quot;335559731&quot;:708}\">\u00a0<\/span><\/p>\n<p><span data-contrast=\"auto\">\u201c<\/span><span data-contrast=\"auto\">D<\/span><span data-contrast=\"auto\">e hecho existe un v\u00ednculo de la UV con instituciones de la regi\u00f3n y se han realizado experiencias de movilidad con la Universidad de Quebec\u201d, destac\u00f3 Romero Le\u00f3n.<\/span><span data-ccp-props=\"{&quot;335559731&quot;:708}\">\u00a0<\/span><\/p>\n<div id=\"attachment_77808\" style=\"width: 732px\" class=\"wp-caption aligncenter\"><a href=\"https:\/\/www.uv.mx\/prensa\/files\/2019\/12\/051219-DAVID-oferta-intersemestral-de-invierno-del-PEAN-2.jpg\"><img loading=\"lazy\" decoding=\"async\" aria-describedby=\"caption-attachment-77808\" class=\"size-full wp-image-77808\" src=\"https:\/\/www.uv.mx\/prensa\/files\/2019\/12\/051219-DAVID-oferta-intersemestral-de-invierno-del-PEAN-2.jpg\" alt=\"\" width=\"722\" height=\"481\" srcset=\"https:\/\/www.uv.mx\/prensa\/files\/2019\/12\/051219-DAVID-oferta-intersemestral-de-invierno-del-PEAN-2.jpg 722w, https:\/\/www.uv.mx\/prensa\/files\/2019\/12\/051219-DAVID-oferta-intersemestral-de-invierno-del-PEAN-2-300x200.jpg 300w\" sizes=\"auto, (max-width: 722px) 100vw, 722px\" \/><\/a><p id=\"caption-attachment-77808\" class=\"wp-caption-text\">El PEAN ofrecer\u00e1 cinco experiencias educativas AFEL<\/p><\/div>\n<p><span data-contrast=\"auto\">Otra de las EE, que est\u00e1n de manera permanente en el PEAN<\/span><span data-contrast=\"auto\">,<\/span><span data-contrast=\"auto\"> es <\/span><span data-contrast=\"auto\">Sensibilizaci\u00f3n a las <\/span><span data-contrast=\"auto\">C<\/span><span data-contrast=\"auto\">ulturas e <\/span><span data-contrast=\"auto\">I<\/span><span data-contrast=\"auto\">dentidades de los <\/span><span data-contrast=\"auto\">P<\/span><span data-contrast=\"auto\">a\u00edses de <\/span><span data-contrast=\"auto\">Am\u00e9rica del Norte: Canad\u00e1, Estados Unidos y M\u00e9xico<\/span><span data-contrast=\"auto\">,<\/span><span data-contrast=\"auto\"> que imparte <\/span><span data-contrast=\"auto\">Ismael Guzm\u00e1n Barrera<\/span><span data-contrast=\"auto\">, <\/span><span data-contrast=\"auto\">acad\u00e9mico de PEAN<\/span><span data-contrast=\"auto\">, donde se analizan las semejanzas y diferencias que caracterizan a l<\/span><span data-contrast=\"auto\">a regi\u00f3n<\/span><span data-contrast=\"auto\">,<\/span><span data-contrast=\"auto\"> con el prop\u00f3sito de brindar un amplio panorama que facilite entender las relaciones que existen entre los tres pa\u00edses.<\/span><span data-ccp-props=\"{&quot;335559731&quot;:708}\">\u00a0<\/span><\/p>\n<p><span data-contrast=\"auto\">Manteniendo una vertiente de estudio de los sistemas europeos, se ofrece la EE <\/span><span data-contrast=\"auto\">Las <\/span><span data-contrast=\"auto\">R<\/span><span data-contrast=\"auto\">elaciones entre M\u00e9xico y Europa<\/span><span data-contrast=\"auto\">,<\/span> <span data-contrast=\"auto\">que imparte<\/span> <span data-contrast=\"auto\">Nesly<\/span><span data-contrast=\"auto\"> Teresa Mu\u00f1oz Cort\u00e9s<\/span><span data-contrast=\"auto\">, acad\u00e9mica de la Fa<\/span><span data-contrast=\"auto\">cultad de <\/span><span data-contrast=\"auto\">Ciencias Administrativas y Sociales (FCAS)<\/span><span data-contrast=\"auto\">,<\/span><span data-contrast=\"auto\"> y en la que se e<\/span><span data-contrast=\"auto\">xplora la relaci\u00f3n que se fortaleci\u00f3 a partir del a\u00f1o 2000 con la firma del Tratado de Libre Comercio entre M\u00e9xico y la Uni\u00f3n Europea (UE)<\/span><span data-contrast=\"auto\">.<\/span><span data-ccp-props=\"{&quot;335559731&quot;:708}\">\u00a0<\/span><\/p>\n<p><span data-contrast=\"auto\">\u201c<\/span><span data-contrast=\"auto\">H<\/span><span data-contrast=\"auto\">ay una relaci\u00f3n hist\u00f3rica con Europa que se ha ido consolidando <\/span><span data-contrast=\"auto\">mediante diferentes objetivos a lo largo del tiempo<\/span><span data-contrast=\"auto\">,<\/span><span data-contrast=\"auto\"> y desde hace casi <\/span><span data-contrast=\"auto\">20<\/span><span data-contrast=\"auto\"> a\u00f1os se han fortalecido los aspecto<\/span><span data-contrast=\"auto\">s<\/span><span data-contrast=\"auto\"> de car\u00e1cter eco<\/span><span data-contrast=\"auto\">n\u00f3mico y comercial\u201d, apunt\u00f3 el C<\/span><span data-contrast=\"auto\">oordinador del PEAN.<\/span><span data-ccp-props=\"{&quot;335559731&quot;:708}\">\u00a0<\/span><\/p>\n<p><span data-contrast=\"auto\">A su vez<\/span><span data-contrast=\"auto\">,<\/span><span data-contrast=\"auto\"> recalc\u00f3 que las E<\/span><span data-contrast=\"auto\">E <\/span><span data-contrast=\"auto\">pueden ser el primer paso para quienes est\u00e9n interesados en realizar una esta<\/span><span data-contrast=\"auto\">ncia de movilidad internacional, <\/span><span data-contrast=\"auto\">particularmente a Estados Unidos y Canad\u00e1<\/span><span data-contrast=\"auto\">;<\/span> <span data-contrast=\"auto\">\u201c<\/span><span data-contrast=\"auto\">este <\/span><span data-contrast=\"auto\">intersemestral<\/span><span data-contrast=\"auto\"> les ofrece un punto de inter\u00e9s y les permite abrir su mente a qu\u00e9 esperar si realizan una estancia en alguno de estos pa\u00edses\u201d, precis\u00f3.<\/span><span data-ccp-props=\"{&quot;335559731&quot;:708}\">\u00a0<\/span><\/p>\n<p><span data-contrast=\"auto\">En el mismo sentido<\/span><span data-contrast=\"auto\">,<\/span><span data-contrast=\"auto\"> reconoci\u00f3 que la riqueza del AFEL es la \u201coportunidad de que convivan alumnos de distintos programas educativos y la clase en s\u00ed misma se vuelve interesante por las distint<\/span><span data-contrast=\"auto\">as perspectivas de los alumnos\u201d<\/span><span data-contrast=\"auto\">.<\/span><span data-ccp-props=\"{&quot;335559731&quot;:708}\">\u00a0<\/span><\/p>\n<p><span data-contrast=\"auto\">Las clases se impartir\u00e1n a partir del lunes 6 de enero en horarios matutinos y vespertinos dentro de la Escuela para Estudiantes Extranjeros. Mayores informes en <\/span><a href=\"https:\/\/www.uv.mx\/eee\/pean\"><span data-contrast=\"none\">www.uv.mx\/eee\/pean<\/span><\/a><span data-contrast=\"auto\">,\u00a0 <\/span><i><span data-contrast=\"auto\">Facebook<\/span><\/i><span data-contrast=\"auto\"> PEAN UV y <\/span><i><span data-contrast=\"auto\">Twitter<\/span><\/i><span data-contrast=\"auto\"> @UV_PEAN<\/span><span data-contrast=\"auto\">.<\/span><span data-ccp-props=\"{&quot;335559731&quot;:708}\">\u00a0<\/span><\/p>\n","protected":false},"excerpt":{"rendered":"<p>Las inscripciones en l\u00ednea finalizan el 10 de diciembre y los cursos inician el 6 de enero<\/p>\n","protected":false},"author":1508,"featured_media":77818,"comment_status":"closed","ping_status":"closed","sticky":false,"template":"","format":"standard","meta":{"footnotes":""},"categories":[1],"tags":[],"class_list":["post-77791","post","type-post","status-publish","format-standard","has-post-thumbnail","hentry","category-general"],"_links":{"self":[{"href":"https:\/\/www.uv.mx\/prensa\/wp-json\/wp\/v2\/posts\/77791","targetHints":{"allow":["GET"]}}],"collection":[{"href":"https:\/\/www.uv.mx\/prensa\/wp-json\/wp\/v2\/posts"}],"about":[{"href":"https:\/\/www.uv.mx\/prensa\/wp-json\/wp\/v2\/types\/post"}],"author":[{"embeddable":true,"href":"https:\/\/www.uv.mx\/prensa\/wp-json\/wp\/v2\/users\/1508"}],"replies":[{"embeddable":true,"href":"https:\/\/www.uv.mx\/prensa\/wp-json\/wp\/v2\/comments?post=77791"}],"version-history":[{"count":0,"href":"https:\/\/www.uv.mx\/prensa\/wp-json\/wp\/v2\/posts\/77791\/revisions"}],"wp:featuredmedia":[{"embeddable":true,"href":"https:\/\/www.uv.mx\/prensa\/wp-json\/wp\/v2\/media\/77818"}],"wp:attachment":[{"href":"https:\/\/www.uv.mx\/prensa\/wp-json\/wp\/v2\/media?parent=77791"}],"wp:term":[{"taxonomy":"category","embeddable":true,"href":"https:\/\/www.uv.mx\/prensa\/wp-json\/wp\/v2\/categories?post=77791"},{"taxonomy":"post_tag","embeddable":true,"href":"https:\/\/www.uv.mx\/prensa\/wp-json\/wp\/v2\/tags?post=77791"}],"curies":[{"name":"wp","href":"https:\/\/api.w.org\/{rel}","templated":true}]}}