{"id":77784,"date":"2019-12-06T14:59:31","date_gmt":"2019-12-06T20:59:31","guid":{"rendered":"https:\/\/www.uv.mx\/prensa\/?p=77784"},"modified":"2019-12-06T14:59:31","modified_gmt":"2019-12-06T20:59:31","slug":"esfuerzos-para-combatir-cambio-climatico-son-insuficientes-academica","status":"publish","type":"post","link":"https:\/\/www.uv.mx\/prensa\/general\/esfuerzos-para-combatir-cambio-climatico-son-insuficientes-academica\/","title":{"rendered":"Esfuerzos para combatir cambio clim\u00e1tico son insuficientes: acad\u00e9mica"},"content":{"rendered":"<ul>\n<li data-leveltext=\"\uf0b7\" data-font=\"Symbol\" data-listid=\"1\" data-aria-posinset=\"1\" data-aria-level=\"1\"><i><span data-contrast=\"auto\">Especialista sostiene que poco es lo que se hace en la UV <\/span><\/i><i><span data-contrast=\"auto\">y las universidades del sureste<\/span><\/i><span data-ccp-props=\"{&quot;134233279&quot;:true}\">\u00a0<\/span><\/li>\n<\/ul>\n<div id=\"attachment_77834\" style=\"width: 732px\" class=\"wp-caption aligncenter\"><a href=\"https:\/\/www.uv.mx\/prensa\/files\/2019\/12\/061219-Cambio-climatico.jpg\"><img aria-describedby=\"caption-attachment-77834\" decoding=\"async\" loading=\"lazy\" class=\"wp-image-77834 size-full\" src=\"https:\/\/www.uv.mx\/prensa\/files\/2019\/12\/061219-Cambio-climatico.jpg\" alt=\"\" width=\"722\" height=\"481\" srcset=\"https:\/\/www.uv.mx\/prensa\/files\/2019\/12\/061219-Cambio-climatico.jpg 722w, https:\/\/www.uv.mx\/prensa\/files\/2019\/12\/061219-Cambio-climatico-300x200.jpg 300w\" sizes=\"(max-width: 722px) 100vw, 722px\" \/><\/a><p id=\"caption-attachment-77834\" class=\"wp-caption-text\">Josefina Cuevas Rodr\u00edguez<\/p><\/div>\n<p><b><i><span data-contrast=\"auto\">Jorge V\u00e1zquez Pacheco<\/span><\/i><\/b><span data-ccp-props=\"{&quot;134233279&quot;:true,&quot;335559685&quot;:720}\">\u00a0<\/span><\/p>\n<p><b><i><span data-contrast=\"auto\">06\/12\/2019, <\/span><\/i><\/b><b><i><span data-contrast=\"auto\">Xalapa, <\/span><\/i><\/b><b><i><span data-contrast=\"auto\">Ver<\/span><\/i><\/b><b><i><span data-contrast=\"auto\">.<\/span><\/i><\/b><b><i><span data-contrast=\"auto\">&#8211;<\/span><\/i><\/b> <span data-contrast=\"auto\">En su conferencia magistral \u201cCambio clim\u00e1tico y formaci\u00f3n profesional en el Caribe mexicano\u201d, la <\/span><span data-contrast=\"auto\">acad\u00e9mica <\/span><span data-contrast=\"auto\">Josefina Cuevas Rodr<\/span><span data-contrast=\"auto\">\u00edguez, miembro del Sistema Nacional de<\/span><span data-contrast=\"auto\"> Investigadores <\/span><span data-contrast=\"auto\">(SNI) del Consejo Nacional de Ciencia y Tecnolog\u00eda (<\/span><i><span data-contrast=\"auto\">Conacyt<\/span><\/i><span data-contrast=\"auto\">)<\/span><span data-contrast=\"auto\">, cuestion\u00f3 la eficiencia de los esfuerzos de las universidades del sureste por mitigar el cambio clim\u00e1tico.<\/span><span data-ccp-props=\"{}\">\u00a0<\/span><\/p>\n<p><span data-contrast=\"auto\">Como parte del <\/span><span data-contrast=\"auto\">II<\/span><span data-contrast=\"auto\"> Coloquio Internacional de Antropolog\u00eda, Historia y Arte en el Caribe<\/span><span data-contrast=\"auto\">,<\/span><span data-contrast=\"auto\"> realizado en el auditorio de la Facultad de Arquitectura de la Universidad Veracruzana<\/span><span data-contrast=\"auto\"> (UV)<\/span><span data-contrast=\"auto\"> el pasado 3 de diciembre, <\/span><span data-contrast=\"auto\">Josefina Cuevas <\/span><span data-contrast=\"auto\">mencion\u00f3<\/span><span data-contrast=\"auto\"> que e<\/span><span data-contrast=\"auto\">l asunto ser\u00e1 <\/span><span data-contrast=\"auto\">muy<\/span><span data-contrast=\"auto\"> gra<\/span><span data-contrast=\"auto\">ve en <\/span><span data-contrast=\"auto\">11 a\u00f1os<\/span> <span data-contrast=\"auto\">si no adoptamos medidas <\/span><span data-contrast=\"auto\">realmente <\/span><span data-contrast=\"auto\">urgentes<\/span><span data-contrast=\"auto\">. <\/span><span data-contrast=\"auto\">\u201c<\/span><span data-contrast=\"auto\">Somos la especie m\u00e1s depredadora que ha existido sobre la Tierra<\/span><span data-contrast=\"auto\">\u201d<\/span><span data-contrast=\"auto\">.<\/span><span data-ccp-props=\"{&quot;335559731&quot;:708}\">\u00a0<\/span><\/p>\n<p><span data-contrast=\"auto\">L<\/span><span data-contrast=\"auto\">a <\/span><span data-contrast=\"auto\">L<\/span><span data-contrast=\"auto\">icenciada en Arquitectura y Derecho por la UV <\/span><span data-contrast=\"auto\">m<\/span><span data-contrast=\"auto\">encion\u00f3 que <\/span><span data-contrast=\"auto\">las variaciones en la temperatura <\/span><span data-contrast=\"auto\">debieran ser <\/span><span data-contrast=\"auto\">efecto natural en asuntos de altitud, por la inclinaci\u00f3n de los polos y por la variaci\u00f3n que en el transcurso de 40 mil a\u00f1os ha<\/span><span data-contrast=\"auto\">n<\/span><span data-contrast=\"auto\"> incrementado las temperaturas<\/span><span data-contrast=\"auto\">.<\/span> <span data-contrast=\"auto\">\u201c<\/span><span data-contrast=\"auto\">P<\/span><span data-contrast=\"auto\">or cada <\/span><span data-contrast=\"auto\">100<\/span><span data-contrast=\"auto\"> metros que descendemos hacia el oc\u00e9ano, se incrementa la temperatura en un grado como promedio\u201d<\/span><span data-contrast=\"auto\">.<\/span><span data-ccp-props=\"{&quot;335559731&quot;:708}\">\u00a0<\/span><\/p>\n<p><span data-contrast=\"auto\">A partir de la Revoluci\u00f3n Industrial, el <\/span><span data-contrast=\"auto\">aumento <\/span><span data-contrast=\"auto\">ha sido <\/span><span data-contrast=\"auto\">constante y preocupante, por lo que las universidades deben \u201ctransversalizar el eje axiol\u00f3gico en la pr\u00e1ctica, educar para la vida mediante el aprendizaje basado en problemas y pr\u00e1cticas en el entorno real, que impliquen la consideraci\u00f3n del cuidado del ambiente<\/span><span data-contrast=\"auto\">. Se hacen necesarias <\/span><span data-contrast=\"auto\">buenas pr\u00e1cticas e implementaci\u00f3n de tecnolog\u00edas<\/span><span data-contrast=\"auto\"> adecuadas<\/span><span data-contrast=\"auto\">\u201d.<\/span><span data-ccp-props=\"{&quot;335559731&quot;:708}\">\u00a0<\/span><\/p>\n<p><span data-contrast=\"auto\">Y a\u00f1adi\u00f3<\/span><span data-contrast=\"auto\">: <\/span><span data-contrast=\"auto\">\u201cEs necesario tomar en cuenta las migraciones por fen\u00f3menos meteorol\u00f3gicos, sismos, sequ\u00edas y dem\u00e1s. Los expertos del Banco Mundial indican que la poblaci\u00f3n de \u00c1frica tend<\/span><span data-contrast=\"auto\">er\u00e1<\/span><span data-contrast=\"auto\"> a desplazarse hacia el sur del Sahara<\/span><span data-contrast=\"auto\">. En <\/span><span data-contrast=\"auto\">Veracruz hemos visto que la gente debi\u00f3 desplazarse a otros sitios por las inundaciones<\/span><span data-contrast=\"auto\"> recientes<\/span><span data-contrast=\"auto\">. <\/span><span data-contrast=\"auto\">El problema es para las futuras generaciones, en el transcurso de 20 <\/span><span data-contrast=\"auto\">a\u00f1os habr\u00e1n de morir hasta 250 mil personas por los efectos de<\/span><span data-contrast=\"auto\"> este<\/span> <span data-contrast=\"auto\">fen\u00f3meno<\/span><span data-contrast=\"auto\">, independientemente de los dem\u00e1s seres vivientes, aquellas especies que tambi\u00e9n son valiosas. En nuestro medio se ha registrado un notorio incremento en las muertes por fr\u00edo y por golpes de calor, <\/span><span data-contrast=\"auto\">y <\/span><span data-contrast=\"auto\">en la zona C\u00f3rdoba-Orizaba han ocurrido inusuales tornados que tumban y destechan casas<\/span><span data-contrast=\"auto\">\u201d<\/span><span data-contrast=\"auto\">.<\/span><span data-ccp-props=\"{&quot;335559731&quot;:708}\">\u00a0<\/span><\/p>\n<p><span data-contrast=\"auto\">Dijo que l<\/span><span data-contrast=\"auto\">a U<\/span><span data-contrast=\"auto\">V <\/span><span data-contrast=\"auto\">cre<\/span><span data-contrast=\"auto\">\u00f3 <\/span><span data-contrast=\"auto\">el <\/span><span data-contrast=\"auto\">Programa de Estudios de<\/span><span data-contrast=\"auto\"> Cambio Clim\u00e1tico, que genera encuentros e investigaciones <\/span><span data-contrast=\"auto\">y <\/span><span data-contrast=\"auto\">en <\/span><span data-contrast=\"auto\">el <\/span><span data-contrast=\"auto\">que participan <\/span><span data-contrast=\"auto\">s\u00f3lo <\/span><span data-contrast=\"auto\">35 acad\u00e9micos. <\/span><span data-contrast=\"auto\">\u201c<\/span><span data-contrast=\"auto\">Somos <\/span><span data-contrast=\"auto\">dos<\/span><span data-contrast=\"auto\"> mil 138 profesores de tiempo completo<\/span><span data-contrast=\"auto\">, m\u00e1s los de medio tiempo<\/span><span data-contrast=\"auto\">, no somos <\/span><span data-contrast=\"auto\">suficientes y las universidades de Oaxaca, Campeche y Yucat\u00e1n hacen esfuerzos. La Universidad Aut\u00f3noma de Campeche inform\u00f3 en 2018 que trabaja en un proyecto sobre biocombustibles <\/span><span data-contrast=\"auto\">que no da\u00f1en <\/span><span data-contrast=\"auto\">la capa de ozono<\/span><span data-contrast=\"auto\">;<\/span> <span data-contrast=\"auto\">l<\/span><span data-contrast=\"auto\">as universidades de Campeche, Yucat\u00e1n y Quintana Roo apenas comienzan<\/span><span data-contrast=\"auto\"> a trabajar sobre este problema<\/span><span data-contrast=\"auto\">\u201d<\/span><span data-contrast=\"auto\">.<\/span><span data-ccp-props=\"{&quot;335559731&quot;:708}\">\u00a0<\/span><\/p>\n<p><span data-contrast=\"auto\">Concluy\u00f3 con una cita al futur<\/span><span data-contrast=\"auto\">\u00f3logo norteamericano<\/span> <span data-contrast=\"auto\">Alvin Toffler<\/span><span data-contrast=\"auto\">: \u201cLa capacidad <\/span><span data-contrast=\"auto\">del ser humano <\/span><span data-contrast=\"auto\">para sobrevivir depender\u00e1 de nuestra adaptabilidad al cambio\u201d.<\/span><span data-ccp-props=\"{&quot;335559731&quot;:708}\">\u00a0<\/span><\/p>\n","protected":false},"excerpt":{"rendered":"<p>Josefina Cuevas Rodr\u00edguez imparti\u00f3 la conferencia  \u201cCambio clim\u00e1tico y formaci\u00f3n profesional en el Caribe mexicano\u201d<\/p>\n","protected":false},"author":1508,"featured_media":77834,"comment_status":"closed","ping_status":"closed","sticky":false,"template":"","format":"standard","meta":[],"categories":[1],"tags":[],"_links":{"self":[{"href":"https:\/\/www.uv.mx\/prensa\/wp-json\/wp\/v2\/posts\/77784"}],"collection":[{"href":"https:\/\/www.uv.mx\/prensa\/wp-json\/wp\/v2\/posts"}],"about":[{"href":"https:\/\/www.uv.mx\/prensa\/wp-json\/wp\/v2\/types\/post"}],"author":[{"embeddable":true,"href":"https:\/\/www.uv.mx\/prensa\/wp-json\/wp\/v2\/users\/1508"}],"replies":[{"embeddable":true,"href":"https:\/\/www.uv.mx\/prensa\/wp-json\/wp\/v2\/comments?post=77784"}],"version-history":[{"count":0,"href":"https:\/\/www.uv.mx\/prensa\/wp-json\/wp\/v2\/posts\/77784\/revisions"}],"wp:featuredmedia":[{"embeddable":true,"href":"https:\/\/www.uv.mx\/prensa\/wp-json\/wp\/v2\/media\/77834"}],"wp:attachment":[{"href":"https:\/\/www.uv.mx\/prensa\/wp-json\/wp\/v2\/media?parent=77784"}],"wp:term":[{"taxonomy":"category","embeddable":true,"href":"https:\/\/www.uv.mx\/prensa\/wp-json\/wp\/v2\/categories?post=77784"},{"taxonomy":"post_tag","embeddable":true,"href":"https:\/\/www.uv.mx\/prensa\/wp-json\/wp\/v2\/tags?post=77784"}],"curies":[{"name":"wp","href":"https:\/\/api.w.org\/{rel}","templated":true}]}}