{"id":77675,"date":"2019-12-04T08:00:24","date_gmt":"2019-12-04T14:00:24","guid":{"rendered":"https:\/\/www.uv.mx\/prensa\/?p=77675"},"modified":"2019-12-05T14:07:43","modified_gmt":"2019-12-05T20:07:43","slug":"clinica-uv-obtuvo-galardon-rey-pacal-2019","status":"publish","type":"post","link":"https:\/\/www.uv.mx\/prensa\/banner\/clinica-uv-obtuvo-galardon-rey-pacal-2019\/","title":{"rendered":"Cl\u00ednica UV obtuvo galard\u00f3n Rey <em>Pacal<\/em> 2019"},"content":{"rendered":"<ul>\n<li data-leveltext=\"\uf0b7\" data-font=\"Symbol\" data-listid=\"4\" data-aria-posinset=\"1\" data-aria-level=\"1\"><i><span data-contrast=\"auto\">Por <\/span><\/i><i><span data-contrast=\"auto\">la calidad de sus servicios de an\u00e1lisis cl\u00ednicos<\/span><\/i><span data-ccp-props=\"{&quot;201341983&quot;:0,&quot;335559739&quot;:0,&quot;335559740&quot;:240}\">\u00a0<\/span><\/li>\n<li data-leveltext=\"\uf0b7\" data-font=\"Symbol\" data-listid=\"3\" data-aria-posinset=\"2\" data-aria-level=\"1\"><i><span data-contrast=\"auto\">E<\/span><\/i><i><span data-contrast=\"auto\">n el marco de la celebraci\u00f3n del D\u00eda del Qu\u00edmico<\/span><\/i><i><span data-contrast=\"auto\">,<\/span><\/i> <i><span data-contrast=\"auto\">reconoci\u00f3 el trabaj<\/span><\/i><i><span data-contrast=\"auto\">o de su personal de laboratorio<\/span><\/i><span data-ccp-props=\"{&quot;201341983&quot;:0,&quot;335559739&quot;:0,&quot;335559740&quot;:240}\">\u00a0<\/span><\/li>\n<\/ul>\n<div id=\"attachment_77676\" style=\"width: 732px\" class=\"wp-caption aligncenter\"><a href=\"https:\/\/www.uv.mx\/prensa\/files\/2019\/12\/031219-Dia-del-quimico-CUSRS-1-100k.jpg\"><img loading=\"lazy\" decoding=\"async\" aria-describedby=\"caption-attachment-77676\" class=\"size-full wp-image-77676\" src=\"https:\/\/www.uv.mx\/prensa\/files\/2019\/12\/031219-Dia-del-quimico-CUSRS-1-100k.jpg\" alt=\"La CUSRS entreg\u00f3 reconocimientos a su personal de laboratorio\" width=\"722\" height=\"480\" srcset=\"https:\/\/www.uv.mx\/prensa\/files\/2019\/12\/031219-Dia-del-quimico-CUSRS-1-100k.jpg 722w, https:\/\/www.uv.mx\/prensa\/files\/2019\/12\/031219-Dia-del-quimico-CUSRS-1-100k-300x199.jpg 300w\" sizes=\"auto, (max-width: 722px) 100vw, 722px\" \/><\/a><p id=\"caption-attachment-77676\" class=\"wp-caption-text\">La CUSRS entreg\u00f3 reconocimientos a su personal de laboratorio<\/p><\/div>\n<p><b><i><span data-contrast=\"auto\">Jos\u00e9 Luis <\/span><\/i><\/b><b><i><span data-contrast=\"auto\">Couttolenc<\/span><\/i><\/b><b><i><span data-contrast=\"auto\"> Soto<\/span><\/i><\/b><span data-ccp-props=\"{&quot;201341983&quot;:0,&quot;335559739&quot;:0,&quot;335559740&quot;:240}\">\u00a0<\/span><\/p>\n<p><b><i><span data-contrast=\"auto\">0<\/span><\/i><\/b><b><i><span data-contrast=\"auto\">4<\/span><\/i><\/b><b><i><span data-contrast=\"auto\">\/12\/2019, Xalapa, Ver.-<\/span><\/i><\/b><span data-contrast=\"auto\"> El Programa Aseguramiento de la Calidad (<\/span><i><span data-contrast=\"auto\">Pacal<\/span><\/i><span data-contrast=\"auto\">), que eval\u00faa externamente a los laboratorios de an\u00e1lisis cl\u00ednicos para que cumplan con su cometido de contribuir a la prevenci\u00f3n, diagn\u00f3stico y tratamiento de las enfermedades garantizando la confiabilidad de sus resultados, otorg\u00f3 su galard\u00f3n Rey <\/span><i><span data-contrast=\"auto\">Pacal<\/span><\/i><span data-contrast=\"auto\"> 2019-2020 a la<a href=\"https:\/\/www.uv.mx\/cusrs\/\" target=\"_blank\" rel=\"noopener noreferrer\"> Cl\u00ednica Universitaria de Salud Reproductiva y Sexual<\/a> (CUSRS) de la Universidad Veracruzana (UV) por la calidad de los servicios que brinda su laboratorio cl\u00ednico.<\/span><span data-ccp-props=\"{&quot;201341983&quot;:0,&quot;335559739&quot;:0,&quot;335559740&quot;:240}\">\u00a0<\/span><\/p>\n<p><span data-contrast=\"auto\">El anuncio fue hecho ante la presencia de Pedro Guti\u00e9rrez Aguilar, director general del \u00c1rea Acad\u00e9mica de Ciencias de la Salud, quien <\/span><span data-contrast=\"auto\">encabez\u00f3<\/span><span data-contrast=\"auto\"> la <\/span><span data-contrast=\"auto\">celebraci\u00f3n del D\u00eda del Qu\u00edmico<\/span><span data-contrast=\"auto\"> en la que se entregaron reconocimientos al personal que ha participado en el cumplimiento de las metas institucionales correspondientes al periodo enero-septiembre de este a\u00f1o<\/span><span data-contrast=\"auto\"> y <\/span><span data-contrast=\"auto\">que tom\u00f3 parte en la obtenci\u00f3n del reconocimiento <\/span><i><span data-contrast=\"auto\">Pacal<\/span><\/i><span data-contrast=\"auto\">, as\u00ed como a quienes participaron en el proceso<\/span><span data-contrast=\"auto\"> de certificaci\u00f3n de la <\/span><span data-contrast=\"auto\">CUSRS<\/span><span data-contrast=\"auto\">.<\/span><span data-ccp-props=\"{&quot;201341983&quot;:0,&quot;335559739&quot;:0,&quot;335559740&quot;:240}\">\u00a0<\/span><\/p>\n<p><span data-contrast=\"auto\">Cirenia<\/span><span data-contrast=\"auto\"> Hern\u00e1ndez Trejo, coordinadora de los Servicios Auxiliares<\/span> <span data-contrast=\"auto\">de Diagn\u00f3stico de la entidad universitaria, dio a conocer que el Programa Aseguramiento de la Calidad <\/span><span data-contrast=\"auto\">\u2013<\/span><span data-contrast=\"auto\">que cumple 30 a\u00f1os de creado<\/span><span data-contrast=\"auto\">\u2013<\/span><span data-contrast=\"auto\"> evalu\u00f3 de 2016 a 2019 a m\u00e1s de tres mil 600 laboratorios del pa\u00eds, los <\/span><span data-contrast=\"auto\">cuales <\/span><span data-contrast=\"auto\">deber\u00edan cumplir un m\u00ednimo<\/span><span data-contrast=\"auto\"> de ocho secciones del programa;<\/span><span data-contrast=\"auto\"> el de la CUSRS se encontraba entre los mejores del pa\u00eds<\/span><span data-contrast=\"auto\">,<\/span><span data-contrast=\"auto\"> por lo que se hizo acreedor al galard\u00f3n Rey <\/span><i><span data-contrast=\"auto\">Pacal<\/span><\/i><span data-contrast=\"auto\">.<\/span><span data-ccp-props=\"{&quot;201341983&quot;:0,&quot;335559739&quot;:0,&quot;335559740&quot;:240}\">\u00a0<\/span><\/p>\n<p><span data-contrast=\"auto\">Por su parte<\/span><span data-contrast=\"auto\">,<\/span><span data-contrast=\"auto\"> Pedro Guti\u00e9rrez felicit\u00f3 al personal <\/span><span data-contrast=\"auto\">del \u00e1rea de laboratorio cl\u00ednico y<\/span><span data-contrast=\"auto\"> se\u00f1al\u00f3 que dentro del equipo de trabajo que hace posible el funcionamiento de una cl\u00ednica de salud, el personal qu\u00edmico <\/span><span data-contrast=\"auto\">es una<\/span><span data-contrast=\"auto\"> parte importante sumando su esfuerzo al de m\u00e9dicos, enfermeras y dem\u00e1s profesionales de salud para dar mejor atenci\u00f3n a la sociedad mediante la prescripci\u00f3n y tratamientos que ayudan a pres<\/span><span data-contrast=\"auto\">ervar o recuperar el bienestar.<\/span><\/p>\n<div id=\"attachment_77677\" style=\"width: 732px\" class=\"wp-caption aligncenter\"><a href=\"https:\/\/www.uv.mx\/prensa\/files\/2019\/12\/031219-Dia-del-quimico-CUSRS-2-100k.jpg\"><img loading=\"lazy\" decoding=\"async\" aria-describedby=\"caption-attachment-77677\" class=\"size-full wp-image-77677\" src=\"https:\/\/www.uv.mx\/prensa\/files\/2019\/12\/031219-Dia-del-quimico-CUSRS-2-100k.jpg\" alt=\"El Programa de Aseguramiento de la Calidad entreg\u00f3 el galard\u00f3n Rey Pacal 2019-2020 a la CUSRS\" width=\"722\" height=\"480\" srcset=\"https:\/\/www.uv.mx\/prensa\/files\/2019\/12\/031219-Dia-del-quimico-CUSRS-2-100k.jpg 722w, https:\/\/www.uv.mx\/prensa\/files\/2019\/12\/031219-Dia-del-quimico-CUSRS-2-100k-300x199.jpg 300w\" sizes=\"auto, (max-width: 722px) 100vw, 722px\" \/><\/a><p id=\"caption-attachment-77677\" class=\"wp-caption-text\">El Programa de Aseguramiento de la Calidad entreg\u00f3 el galard\u00f3n Rey <em>Pacal<\/em> 2019-2020 a la CUSRS<\/p><\/div>\n<p><b><span data-contrast=\"auto\">Necesaria la biometr\u00eda hem\u00e1tica<\/span><\/b> <b><span data-contrast=\"auto\">en ex\u00e1menes prenupciales<\/span><\/b><span data-ccp-props=\"{&quot;201341983&quot;:0,&quot;335559739&quot;:0,&quot;335559740&quot;:240}\"><br \/>\n<\/span><span data-contrast=\"auto\">Emmanuel Hern\u00e1ndez Gonz\u00e1lez, especialista en enfermedades propias de los trastornos hematol\u00f3gicos, <\/span><span data-contrast=\"auto\">ofreci\u00f3 la conferencia \u201cDelta-beta-talasemia menor: caso cl\u00ednico\u201d y<\/span><span data-contrast=\"auto\"> mencion<\/span><span data-contrast=\"auto\">\u00f3 <\/span><span data-contrast=\"auto\">que existen enfermedades hematol\u00f3gicas importantes que en algunos casos son desconocidas debido a que no se sabe c\u00f3mo diagnosticarlas.<\/span><span data-ccp-props=\"{&quot;201341983&quot;:0,&quot;335559739&quot;:0,&quot;335559740&quot;:240}\">\u00a0<\/span><\/p>\n<p><span data-contrast=\"auto\">Refiri\u00f3 el caso concreto de la <\/span><span data-contrast=\"auto\">d<\/span><span data-contrast=\"auto\">elta-beta-talasemia<\/span><span data-contrast=\"auto\">, grupo de enfermedades que producen menos cadenas <\/span><span data-contrast=\"auto\">glob\u00ednicas<\/span><span data-contrast=\"auto\"> que conforman las mol\u00e9culas de la hemoglobina<\/span><span data-contrast=\"auto\">, por lo que los pacientes desarrollan cuadros de anemia de severidad variable, procediendo a explicar c\u00f3mo establecer su diagn\u00f3stico.<\/span><span data-ccp-props=\"{&quot;201341983&quot;:0,&quot;335559739&quot;:0,&quot;335559740&quot;:240}\">\u00a0<\/span><\/p>\n<p><span data-contrast=\"auto\">Expuso que cl\u00ednicamente son casos asintom\u00e1ticos<\/span><span data-contrast=\"auto\">,<\/span><span data-contrast=\"auto\"> pero con estudios de biometr\u00eda hem\u00e1tica es posible sospechar de ellos y confirmarlos a trav\u00e9s de una revisi\u00f3n a microscopio; puntualiz\u00f3 que aunque de manera individual no representa una enfermedad grave, si se encuentran dos personas con el mismo padecimiento y se casan, los hijos corren grandes riesgos de desarrollar <\/span><span data-contrast=\"auto\">severa<\/span><span data-contrast=\"auto\">s enfermedad<\/span><span data-contrast=\"auto\">es<\/span><span data-contrast=\"auto\">.<\/span><span data-ccp-props=\"{&quot;201341983&quot;:0,&quot;335559739&quot;:0,&quot;335559740&quot;:240}\">\u00a0<\/span><\/p>\n<p><span data-contrast=\"auto\">\u201cPor separado la enfermedad <\/span><span data-contrast=\"auto\">se conoce <\/span><span data-contrast=\"auto\">como <\/span><span data-contrast=\"auto\">h<\/span><span data-contrast=\"auto\">eterocigota<\/span><span data-contrast=\"auto\"> (un gen bueno y otro malo) y no es malo<\/span><span data-contrast=\"auto\"> y no requiere tratamiento<\/span><span data-contrast=\"auto\">; en cambio<\/span><span data-contrast=\"auto\">, <\/span><span data-contrast=\"auto\">el <\/span><span data-contrast=\"auto\">h<\/span><span data-contrast=\"auto\">omocigoto<\/span><span data-contrast=\"auto\"> (dos genes malos)<\/span><span data-contrast=\"auto\"> es <\/span><span data-contrast=\"auto\">peligroso<\/span><span data-contrast=\"auto\"> y el paciente requi<\/span><span data-contrast=\"auto\">ere de transfusiones constantes, <\/span><span data-contrast=\"auto\">puede presentar cuadros cl\u00ednicos como anemia, hem\u00f3lisis, su calidad de vida se reduce y sus hijos con el tiempo pueden desarrollar esplenomegalia y alg<\/span><span data-contrast=\"auto\">unas alteraciones esquel\u00e9ticas.\u201d<\/span><span data-ccp-props=\"{&quot;201341983&quot;:0,&quot;335559739&quot;:0,&quot;335559740&quot;:240}\">\u00a0<\/span><\/p>\n<p><span data-contrast=\"auto\">Por lo anterior, Hern\u00e1ndez Gonz\u00e1lez consider\u00f3 que adem\u00e1s del grupo sangu\u00edneo, el VDRL y el VIH, en los ex\u00e1menes prenupciales se debe solicita<\/span><span data-contrast=\"auto\">r<\/span><span data-contrast=\"auto\"> la biometr\u00eda hem\u00e1tica para descartar la probabilidad de este padecimiento.<\/span><span data-ccp-props=\"{&quot;201341983&quot;:0,&quot;335559739&quot;:0,&quot;335559740&quot;:240}\">\u00a0<\/span><\/p>\n<p><span data-contrast=\"auto\">En este evento e<\/span><span data-contrast=\"auto\">stuvieron presentes<\/span><span data-contrast=\"auto\">:<\/span><span data-contrast=\"auto\"> el director de la cl\u00ednica, Alejandro Escobar Mesa; H\u00e9ctor de Leo <\/span><span data-contrast=\"auto\">Tobalina<\/span><span data-contrast=\"auto\"> y Javier Rafael Ant\u00fanez S\u00e1nchez, coordinadores<\/span> <span data-contrast=\"auto\">de Programas y Extensi\u00f3n de Servicios<\/span><span data-contrast=\"auto\">, as\u00ed como de Docencia e Investigaci\u00f3n, respectivamente, y personal de la CUSRS.<\/span><\/p>\n<div id=\"attachment_77678\" style=\"width: 732px\" class=\"wp-caption aligncenter\"><a href=\"https:\/\/www.uv.mx\/prensa\/files\/2019\/12\/031219-Dia-del-quimico-CUSRS-3-100k.jpg\"><img loading=\"lazy\" decoding=\"async\" aria-describedby=\"caption-attachment-77678\" class=\"size-full wp-image-77678\" src=\"https:\/\/www.uv.mx\/prensa\/files\/2019\/12\/031219-Dia-del-quimico-CUSRS-3-100k.jpg\" alt=\"Emmanuel Hern\u00e1ndez Gonz\u00e1lez se\u00f1al\u00f3 la importancia de la biometr\u00eda hem\u00e1tica en los ex\u00e1menes prenupciales \" width=\"722\" height=\"480\" srcset=\"https:\/\/www.uv.mx\/prensa\/files\/2019\/12\/031219-Dia-del-quimico-CUSRS-3-100k.jpg 722w, https:\/\/www.uv.mx\/prensa\/files\/2019\/12\/031219-Dia-del-quimico-CUSRS-3-100k-300x199.jpg 300w\" sizes=\"auto, (max-width: 722px) 100vw, 722px\" \/><\/a><p id=\"caption-attachment-77678\" class=\"wp-caption-text\">Emmanuel Hern\u00e1ndez Gonz\u00e1lez se\u00f1al\u00f3 la importancia de la biometr\u00eda hem\u00e1tica en los ex\u00e1menes prenupciales<\/p><\/div>\n","protected":false},"excerpt":{"rendered":"<p>El logro fue anunciado durante la celebraci\u00f3n del D\u00eda del Qu\u00edmico, en la que se entregaron reconocimientos al personal que ha participado en el cumplimiento de las metas institucionales <\/p>\n","protected":false},"author":1775,"featured_media":77679,"comment_status":"closed","ping_status":"closed","sticky":false,"template":"","format":"standard","meta":{"footnotes":""},"categories":[61],"tags":[],"class_list":["post-77675","post","type-post","status-publish","format-standard","has-post-thumbnail","hentry","category-banner"],"_links":{"self":[{"href":"https:\/\/www.uv.mx\/prensa\/wp-json\/wp\/v2\/posts\/77675","targetHints":{"allow":["GET"]}}],"collection":[{"href":"https:\/\/www.uv.mx\/prensa\/wp-json\/wp\/v2\/posts"}],"about":[{"href":"https:\/\/www.uv.mx\/prensa\/wp-json\/wp\/v2\/types\/post"}],"author":[{"embeddable":true,"href":"https:\/\/www.uv.mx\/prensa\/wp-json\/wp\/v2\/users\/1775"}],"replies":[{"embeddable":true,"href":"https:\/\/www.uv.mx\/prensa\/wp-json\/wp\/v2\/comments?post=77675"}],"version-history":[{"count":0,"href":"https:\/\/www.uv.mx\/prensa\/wp-json\/wp\/v2\/posts\/77675\/revisions"}],"wp:featuredmedia":[{"embeddable":true,"href":"https:\/\/www.uv.mx\/prensa\/wp-json\/wp\/v2\/media\/77679"}],"wp:attachment":[{"href":"https:\/\/www.uv.mx\/prensa\/wp-json\/wp\/v2\/media?parent=77675"}],"wp:term":[{"taxonomy":"category","embeddable":true,"href":"https:\/\/www.uv.mx\/prensa\/wp-json\/wp\/v2\/categories?post=77675"},{"taxonomy":"post_tag","embeddable":true,"href":"https:\/\/www.uv.mx\/prensa\/wp-json\/wp\/v2\/tags?post=77675"}],"curies":[{"name":"wp","href":"https:\/\/api.w.org\/{rel}","templated":true}]}}