{"id":77636,"date":"2019-12-02T20:28:58","date_gmt":"2019-12-03T02:28:58","guid":{"rendered":"https:\/\/www.uv.mx\/prensa\/?p=77636"},"modified":"2019-12-03T14:24:24","modified_gmt":"2019-12-03T20:24:24","slug":"mujeres-de-el-conejo-vendieron-coronas-y-arboles-navidenos","status":"publish","type":"post","link":"https:\/\/www.uv.mx\/prensa\/regiones\/veracruz\/mujeres-de-el-conejo-vendieron-coronas-y-arboles-navidenos\/","title":{"rendered":"Mujeres de El Conejo vendieron coronas y \u00e1rboles navide\u00f1os"},"content":{"rendered":"<ul>\n<li data-leveltext=\"\uf0b7\" data-font=\"Symbol\" data-listid=\"1\" data-aria-posinset=\"0\" data-aria-level=\"1\"><i><span data-contrast=\"auto\">La Universidad Veracruzana apoya al C<\/span><\/i><i><span data-contrast=\"auto\">omit\u00e9 de Mujeres <\/span><\/i><i><span data-contrast=\"auto\">U<\/span><\/i><i><span data-contrast=\"auto\">nidas para la <\/span><\/i><i><span data-contrast=\"auto\">C<\/span><\/i><i><span data-contrast=\"auto\">onservaci\u00f3n de los Bo<\/span><\/i><i><span data-contrast=\"auto\">sques<\/span><\/i><span data-ccp-props=\"{&quot;134233279&quot;:true,&quot;201341983&quot;:0,&quot;335559739&quot;:160,&quot;335559740&quot;:240}\">\u00a0<\/span><\/li>\n<\/ul>\n<div id='gallery-1' class='gallery galleryid-77636 gallery-columns-2 gallery-size-full'><dl class='gallery-item'>\n\t\t\t<dt class='gallery-icon landscape'>\n\t\t\t\t<a href='https:\/\/www.uv.mx\/prensa\/files\/2019\/12\/021219-veracruz-coronas-1.jpg'><img loading=\"lazy\" decoding=\"async\" width=\"722\" height=\"481\" src=\"https:\/\/www.uv.mx\/prensa\/files\/2019\/12\/021219-veracruz-coronas-1.jpg\" class=\"attachment-full size-full\" alt=\"\" aria-describedby=\"gallery-1-77632\" srcset=\"https:\/\/www.uv.mx\/prensa\/files\/2019\/12\/021219-veracruz-coronas-1.jpg 722w, https:\/\/www.uv.mx\/prensa\/files\/2019\/12\/021219-veracruz-coronas-1-300x200.jpg 300w\" sizes=\"auto, (max-width: 722px) 100vw, 722px\" \/><\/a>\n\t\t\t<\/dt>\n\t\t\t\t<dd class='wp-caption-text gallery-caption' id='gallery-1-77632'>\n\t\t\t\tMujeres de la comunidad El Conejo son apoyadas por la UV \n\t\t\t\t<\/dd><\/dl><dl class='gallery-item'>\n\t\t\t<dt class='gallery-icon landscape'>\n\t\t\t\t<a href='https:\/\/www.uv.mx\/prensa\/files\/2019\/12\/021219-veracruz-coronas-2.jpg'><img loading=\"lazy\" decoding=\"async\" width=\"722\" height=\"480\" src=\"https:\/\/www.uv.mx\/prensa\/files\/2019\/12\/021219-veracruz-coronas-2.jpg\" class=\"attachment-full size-full\" alt=\"\" aria-describedby=\"gallery-1-77633\" srcset=\"https:\/\/www.uv.mx\/prensa\/files\/2019\/12\/021219-veracruz-coronas-2.jpg 722w, https:\/\/www.uv.mx\/prensa\/files\/2019\/12\/021219-veracruz-coronas-2-300x199.jpg 300w\" sizes=\"auto, (max-width: 722px) 100vw, 722px\" \/><\/a>\n\t\t\t<\/dt>\n\t\t\t\t<dd class='wp-caption-text gallery-caption' id='gallery-1-77633'>\n\t\t\t\tLuc\u00eda Vald\u00e9s Cruz, representante del Comit\u00e9 de Mujeres Unidas para la Conservaci\u00f3n de los Bosques de El Conejo\n\t\t\t\t<\/dd><\/dl><br style=\"clear: both\" \/>\n\t\t<\/div>\n\n<p><b><i><span data-contrast=\"auto\">02\/12\/2019, Boca del R\u00edo, Ver.-<\/span><\/i><\/b><span data-contrast=\"auto\"> Aproximadamente 20 hect\u00e1reas de bosque de la comunidad El Conejo son resguardadas por <\/span><span data-contrast=\"auto\">integrantes del <\/span><span data-contrast=\"auto\">Comit\u00e9 de Mujeres Unidas <\/span><span data-contrast=\"auto\">que<\/span><span data-contrast=\"auto\"> en colaboraci\u00f3n con la Universidad Veracruzana (UV) apoyan en la conservaci\u00f3n de esa zona.<\/span><span data-ccp-props=\"{&quot;201341983&quot;:0,&quot;335559739&quot;:160,&quot;335559740&quot;:240}\">\u00a0<\/span><\/p>\n<p><span data-contrast=\"auto\">E<\/span><span data-contrast=\"auto\">l <\/span><span data-contrast=\"auto\">lunes 2 de diciembre en el Campus <\/span><span data-contrast=\"auto\">Mocambo<\/span><span data-contrast=\"auto\"> de la regi\u00f3n Veracruz de la UV promovieron la venta de coronas y peque\u00f1os \u00e1rboles que ellas realizan con las ramas de pino y oyamel<\/span><span data-contrast=\"auto\">, las cuales<\/span><span data-contrast=\"auto\"> son cortadas para evitar la propa<\/span><span data-contrast=\"auto\">gaci\u00f3n de incendios forestales.<\/span><span data-ccp-props=\"{&quot;201341983&quot;:0,&quot;335559731&quot;:708,&quot;335559739&quot;:160,&quot;335559740&quot;:240}\">\u00a0<\/span><\/p>\n<p><span data-contrast=\"auto\">Adem\u00e1s ofrecieron <\/span><span data-contrast=\"auto\">artesan\u00edas de la zona q<\/span><span data-contrast=\"auto\">ue<\/span><span data-contrast=\"auto\"> junto con los pinos y las coronas forman <\/span><span data-contrast=\"auto\">parte de los productos que realizan <\/span><span data-contrast=\"auto\">para mejorar<\/span><span data-contrast=\"auto\"> su econom\u00eda familiar.<\/span><span data-ccp-props=\"{&quot;201341983&quot;:0,&quot;335559731&quot;:708,&quot;335559739&quot;:160,&quot;335559740&quot;:240}\">\u00a0<\/span><\/p>\n<p><span data-contrast=\"auto\">Son 60 familias qu<\/span><span data-contrast=\"auto\">e<\/span> <span data-contrast=\"auto\">velan y conservan el bosque de El Conejo, al mismo tiempo que colaboran en diversas investigaciones con el <a href=\"https:\/\/www.uv.mx\/inbioteca\/\" target=\"_blank\" rel=\"noopener noreferrer\">Instituto de Biotecnolog\u00eda y Ecolog\u00eda Aplicada<\/a> (<\/span><i><span data-contrast=\"auto\">In<\/span><\/i><i><span data-contrast=\"auto\">bioteca<\/span><\/i><span data-contrast=\"auto\">) <\/span><span data-contrast=\"auto\">de<\/span><span data-contrast=\"auto\"> la UV.<\/span><span data-ccp-props=\"{&quot;201341983&quot;:0,&quot;335559731&quot;:708,&quot;335559739&quot;:160,&quot;335559740&quot;:240}\">\u00a0<\/span><\/p>\n<p><span data-contrast=\"auto\">Luc\u00eda Vald\u00e9s Cruz, en representaci\u00f3n de las mujeres de la comunidad, explic\u00f3 que desde hace aproximadamente 11 a\u00f1os iniciaron esta actividad y han<\/span><span data-contrast=\"auto\"> contado con el apoyo de la Universidad<\/span><span data-contrast=\"auto\">.<\/span><span data-ccp-props=\"{&quot;201341983&quot;:0,&quot;335559731&quot;:708,&quot;335559739&quot;:160,&quot;335559740&quot;:240}\">\u00a0<\/span><\/p>\n<p><span data-contrast=\"auto\">\u201cTambi\u00e9n estamos apoyadas por la <\/span><span data-contrast=\"auto\">Consejo Nacional de \u00c1reas Protegidas<\/span> <span data-contrast=\"auto\">que<\/span> <span data-contrast=\"auto\">nos autorizan para hacer poda y despu\u00e9s <\/span><span data-contrast=\"auto\">elaboramos<\/span><span data-contrast=\"auto\"> manualida<\/span><span data-contrast=\"auto\">des con las ramas que cortamos.\u201d<\/span><span data-ccp-props=\"{&quot;201341983&quot;:0,&quot;335559731&quot;:708,&quot;335559739&quot;:160,&quot;335559740&quot;:240}\">\u00a0<\/span><\/p>\n<p><span data-contrast=\"auto\">Agreg\u00f3 que \u201c<\/span><span data-contrast=\"auto\">e<\/span><span data-contrast=\"auto\">l apoyo de la gente ha mejorado al conocer c\u00f3mo se hacen y que es para ayudar al cuidado de los bosques y as\u00ed evitar incendios\u201d.<\/span><span data-ccp-props=\"{&quot;201341983&quot;:0,&quot;335559731&quot;:708,&quot;335559739&quot;:160,&quot;335559740&quot;:240}\">\u00a0<\/span><\/p>\n<div id='gallery-2' class='gallery galleryid-77636 gallery-columns-2 gallery-size-full'><dl class='gallery-item'>\n\t\t\t<dt class='gallery-icon landscape'>\n\t\t\t\t<a href='https:\/\/www.uv.mx\/prensa\/files\/2019\/12\/021219-veracruz-coronas-3.jpg'><img loading=\"lazy\" decoding=\"async\" width=\"722\" height=\"481\" src=\"https:\/\/www.uv.mx\/prensa\/files\/2019\/12\/021219-veracruz-coronas-3.jpg\" class=\"attachment-full size-full\" alt=\"\" aria-describedby=\"gallery-2-77634\" srcset=\"https:\/\/www.uv.mx\/prensa\/files\/2019\/12\/021219-veracruz-coronas-3.jpg 722w, https:\/\/www.uv.mx\/prensa\/files\/2019\/12\/021219-veracruz-coronas-3-300x200.jpg 300w\" sizes=\"auto, (max-width: 722px) 100vw, 722px\" \/><\/a>\n\t\t\t<\/dt>\n\t\t\t\t<dd class='wp-caption-text gallery-caption' id='gallery-2-77634'>\n\t\t\t\tVenta tradicional de arbolitos y coronas navide\u00f1as en la UV\n\t\t\t\t<\/dd><\/dl><dl class='gallery-item'>\n\t\t\t<dt class='gallery-icon landscape'>\n\t\t\t\t<a href='https:\/\/www.uv.mx\/prensa\/files\/2019\/12\/021219-veracruz-coronas-4.jpg'><img loading=\"lazy\" decoding=\"async\" width=\"722\" height=\"481\" src=\"https:\/\/www.uv.mx\/prensa\/files\/2019\/12\/021219-veracruz-coronas-4.jpg\" class=\"attachment-full size-full\" alt=\"\" aria-describedby=\"gallery-2-77635\" srcset=\"https:\/\/www.uv.mx\/prensa\/files\/2019\/12\/021219-veracruz-coronas-4.jpg 722w, https:\/\/www.uv.mx\/prensa\/files\/2019\/12\/021219-veracruz-coronas-4-300x200.jpg 300w\" sizes=\"auto, (max-width: 722px) 100vw, 722px\" \/><\/a>\n\t\t\t<\/dt>\n\t\t\t\t<dd class='wp-caption-text gallery-caption' id='gallery-2-77635'>\n\t\t\t\tVenta de artesan\u00edas elaboradas por mujeres de la comunidad El Conejo\n\t\t\t\t<\/dd><\/dl><br style=\"clear: both\" \/>\n\t\t<\/div>\n\n","protected":false},"excerpt":{"rendered":"<p>Son 60 familias las que velan y conservan el bosque de dicha localidad, al mismo tiempo que colaboran en diversas investigaciones con el Instituto de Biotecnolog\u00eda y Ecolog\u00eda Aplicada de la UV<\/p>\n","protected":false},"author":1508,"featured_media":77632,"comment_status":"closed","ping_status":"closed","sticky":false,"template":"","format":"standard","meta":{"footnotes":""},"categories":[55],"tags":[],"class_list":["post-77636","post","type-post","status-publish","format-standard","has-post-thumbnail","hentry","category-veracruz"],"_links":{"self":[{"href":"https:\/\/www.uv.mx\/prensa\/wp-json\/wp\/v2\/posts\/77636","targetHints":{"allow":["GET"]}}],"collection":[{"href":"https:\/\/www.uv.mx\/prensa\/wp-json\/wp\/v2\/posts"}],"about":[{"href":"https:\/\/www.uv.mx\/prensa\/wp-json\/wp\/v2\/types\/post"}],"author":[{"embeddable":true,"href":"https:\/\/www.uv.mx\/prensa\/wp-json\/wp\/v2\/users\/1508"}],"replies":[{"embeddable":true,"href":"https:\/\/www.uv.mx\/prensa\/wp-json\/wp\/v2\/comments?post=77636"}],"version-history":[{"count":0,"href":"https:\/\/www.uv.mx\/prensa\/wp-json\/wp\/v2\/posts\/77636\/revisions"}],"wp:featuredmedia":[{"embeddable":true,"href":"https:\/\/www.uv.mx\/prensa\/wp-json\/wp\/v2\/media\/77632"}],"wp:attachment":[{"href":"https:\/\/www.uv.mx\/prensa\/wp-json\/wp\/v2\/media?parent=77636"}],"wp:term":[{"taxonomy":"category","embeddable":true,"href":"https:\/\/www.uv.mx\/prensa\/wp-json\/wp\/v2\/categories?post=77636"},{"taxonomy":"post_tag","embeddable":true,"href":"https:\/\/www.uv.mx\/prensa\/wp-json\/wp\/v2\/tags?post=77636"}],"curies":[{"name":"wp","href":"https:\/\/api.w.org\/{rel}","templated":true}]}}