{"id":77534,"date":"2019-12-02T08:00:48","date_gmt":"2019-12-02T14:00:48","guid":{"rendered":"https:\/\/www.uv.mx\/prensa\/?p=77534"},"modified":"2019-12-02T09:42:26","modified_gmt":"2019-12-02T15:42:26","slug":"geografia-ciencia-al-servicio-de-la-sociedad","status":"publish","type":"post","link":"https:\/\/www.uv.mx\/prensa\/banner\/geografia-ciencia-al-servicio-de-la-sociedad\/","title":{"rendered":"Geograf\u00eda, ciencia al servicio de la sociedad"},"content":{"rendered":"<ul>\n<li data-leveltext=\"\uf0b7\" data-font=\"Symbol\" data-listid=\"1\" data-aria-posinset=\"1\" data-aria-level=\"1\"><i><span data-contrast=\"auto\">Estudiantes r<\/span><\/i><i><span data-contrast=\"auto\">ealizaron proyectos de<\/span><\/i><i><span data-contrast=\"auto\"> divulgaci\u00f3n de la ciencia geogr\u00e1fica p<\/span><\/i><i><span data-contrast=\"auto\">ara las distintas regiones del e<\/span><\/i><i><span data-contrast=\"auto\">stado de Veracruz<\/span><\/i><span data-ccp-props=\"{&quot;134233279&quot;:true,&quot;201341983&quot;:0,&quot;335559739&quot;:160,&quot;335559740&quot;:240}\">\u00a0<\/span><\/li>\n<li data-leveltext=\"\uf0b7\" data-font=\"Symbol\" data-listid=\"1\" data-aria-posinset=\"2\" data-aria-level=\"1\"><i><span data-contrast=\"auto\">La idea es sensibilizar a <\/span><\/i><i><span data-contrast=\"auto\">alumnos <\/span><\/i><i><span data-contrast=\"auto\">de bachillerato que est\u00e1n en el proceso de elegir una profesi\u00f3n<\/span><\/i><span data-ccp-props=\"{&quot;134233279&quot;:true,&quot;201341983&quot;:0,&quot;335559739&quot;:160,&quot;335559740&quot;:240}\">\u00a0<\/span><\/li>\n<li data-leveltext=\"\uf0b7\" data-font=\"Symbol\" data-listid=\"1\" data-aria-posinset=\"3\" data-aria-level=\"1\"><i><span data-contrast=\"auto\">\u201cNo hay<\/span><\/i><i><span data-contrast=\"auto\"> muchos ge\u00f3grafos en el pa\u00eds y <\/span><\/i><i><span data-contrast=\"auto\">tenemos un vasto campo laboral<\/span><\/i><i><span data-contrast=\"auto\">\u201d, dijeron<\/span><\/i><span data-ccp-props=\"{&quot;134233279&quot;:true,&quot;201341983&quot;:0,&quot;335559739&quot;:160,&quot;335559740&quot;:240}\">\u00a0<\/span><\/li>\n<\/ul>\n<div id=\"attachment_77535\" style=\"width: 732px\" class=\"wp-caption aligncenter\"><a href=\"https:\/\/www.uv.mx\/prensa\/files\/2019\/11\/021219-geografia.jpg\"><img loading=\"lazy\" decoding=\"async\" aria-describedby=\"caption-attachment-77535\" class=\"size-full wp-image-77535\" src=\"https:\/\/www.uv.mx\/prensa\/files\/2019\/11\/021219-geografia.jpg\" alt=\"\" width=\"722\" height=\"480\" srcset=\"https:\/\/www.uv.mx\/prensa\/files\/2019\/11\/021219-geografia.jpg 722w, https:\/\/www.uv.mx\/prensa\/files\/2019\/11\/021219-geografia-300x199.jpg 300w\" sizes=\"auto, (max-width: 722px) 100vw, 722px\" \/><\/a><p id=\"caption-attachment-77535\" class=\"wp-caption-text\">Estudiantes de Geograf\u00eda realizaron proyecto para difundir la importancia y quehacer de esta disciplina<\/p><\/div>\n<p><b><i><span data-contrast=\"auto\">Claudia Peralta V\u00e1zquez<\/span><\/i><\/b><span data-ccp-props=\"{&quot;201341983&quot;:0,&quot;335559739&quot;:160,&quot;335559740&quot;:240}\">\u00a0<\/span><\/p>\n<p><b><i><span data-contrast=\"auto\">02\/12\/2019, Xalapa, <\/span><\/i><\/b><b><i><span data-contrast=\"auto\">Ver.-<\/span><\/i><\/b> <span data-contrast=\"auto\">Para promover el quehacer y trascendencia del programa educativo (PE) de Geograf\u00eda de la Universidad Veracruzana (UV), estudiantes de quinto semestre de esta carrera adscrita a la <a href=\"https:\/\/www.uv.mx\/economia\/\" target=\"_blank\" rel=\"noopener noreferrer\">Facultad de Econom\u00eda<\/a>, realizaron un proyecto de divulgaci\u00f3n con impacto en cada regi\u00f3n de Veracruz, y as\u00ed llegar a los alumnos de nivel preparatoria que est\u00e1n en proceso de elegir una profesi\u00f3n.<\/span><span data-ccp-props=\"{&quot;201341983&quot;:0,&quot;335559739&quot;:160,&quot;335559740&quot;:240}\">\u00a0<\/span><\/p>\n<p><span data-contrast=\"auto\">Ellos cursan la<\/span><span data-contrast=\"auto\"> experiencia educativa (EE) Medios y <\/span><span data-contrast=\"auto\">T<\/span><span data-contrast=\"auto\">\u00e9cnicas para la <\/span><span data-contrast=\"auto\">D<\/span><span data-contrast=\"auto\">ifusi\u00f3n y <\/span><span data-contrast=\"auto\">D<\/span><span data-contrast=\"auto\">ivulgaci\u00f3n del <\/span><span data-contrast=\"auto\">C<\/span><span data-contrast=\"auto\">onocimiento <\/span><span data-contrast=\"auto\">G<\/span><span data-contrast=\"auto\">eogr\u00e1fico,<\/span><span data-contrast=\"auto\"> a cargo de<\/span><span data-contrast=\"auto\">l<\/span> <span data-contrast=\"auto\">acad\u00e9mico <\/span><span data-contrast=\"auto\">Hugo Reyes Cid, quien coment\u00f3 <\/span><span data-contrast=\"auto\">que este trabajo <\/span><span data-contrast=\"auto\">se investigaron<\/span><span data-contrast=\"auto\"> aspectos sociales, demogr\u00e1ficos y culturales de cada<\/span><span data-contrast=\"auto\"> regi\u00f3n<\/span><span data-contrast=\"auto\">, con un <\/span><span data-contrast=\"auto\">grupo objetivo<\/span><span data-contrast=\"auto\">:<\/span><span data-contrast=\"auto\"> es<\/span><span data-contrast=\"auto\">tudiantes de<\/span> <span data-contrast=\"auto\">escuelas t\u00e9cnicas y particulares que est\u00e1n por ingresar al nivel superior.<\/span><span data-ccp-props=\"{&quot;201341983&quot;:0,&quot;335559739&quot;:160,&quot;335559740&quot;:240}\">\u00a0<\/span><\/p>\n<p><span data-contrast=\"auto\">Una vez integrados estos elementos, se buscar\u00e1<\/span><span data-contrast=\"auto\"> su difusi\u00f3n<\/span><span data-contrast=\"auto\"> a trav\u00e9s de diversos medios <\/span><span data-contrast=\"auto\">y canales de comunicaci\u00f3n (redes sociales, p\u00e1ginas <\/span><i><span data-contrast=\"auto\">web<\/span><\/i><span data-contrast=\"auto\">, radio y televisi\u00f3n)<\/span><span data-contrast=\"auto\">,<\/span><span data-contrast=\"auto\"> a fin de que los futuros universitarios se sensibilicen y concien<\/span><span data-contrast=\"auto\">ci<\/span><span data-contrast=\"auto\">en de las problem\u00e1ticas del lugar donde viven y las soluciones que <\/span><span data-contrast=\"auto\">podr\u00edan aportar desde <\/span><span data-contrast=\"auto\">el campo geogr\u00e1fico.<\/span><span data-ccp-props=\"{&quot;201341983&quot;:0,&quot;335559739&quot;:160,&quot;335559740&quot;:240}\">\u00a0<\/span><\/p>\n<p><span data-contrast=\"auto\">Hace <\/span><span data-contrast=\"auto\">15<\/span><span data-contrast=\"auto\"> a\u00f1os, la UV<\/span><span data-contrast=\"auto\"> ofert\u00f3 por primera vez este PE, el cual tiene un extenso campo laboral al no haber tantos ge\u00f3grafos en el pa\u00eds, expres\u00f3 <\/span><span data-contrast=\"auto\">el estudiante <\/span><span data-contrast=\"auto\">Jua<\/span><span data-contrast=\"auto\">n Ricardo <\/span><span data-contrast=\"auto\">Tlalpachito<\/span><span data-contrast=\"auto\"> Palomino.<\/span><span data-ccp-props=\"{&quot;201341983&quot;:0,&quot;335559731&quot;:708,&quot;335559739&quot;:160,&quot;335559740&quot;:240}\">\u00a0<\/span><\/p>\n<p><span data-contrast=\"auto\">Destac\u00f3 que es una ciencia social y <\/span><span data-contrast=\"auto\">vers\u00e1til<\/span><span data-contrast=\"auto\"> vinculada a otras disciplinas como: antropolog\u00eda, sociolog\u00eda, ciencias de la tierra, historia y econom\u00eda, entre otras.<\/span><span data-ccp-props=\"{&quot;201341983&quot;:0,&quot;335559731&quot;:708,&quot;335559739&quot;:160,&quot;335559740&quot;:240}\">\u00a0<\/span><\/p>\n<p><span data-contrast=\"auto\">Junto con los integrantes de su equipo, se enfocaron en el estudio de la regi\u00f3n totonaca, la cual se caracteriza porque la mitad de <\/span><span data-contrast=\"auto\">su poblaci\u00f3n habita en \u00e1reas rurales <\/span><span data-contrast=\"auto\">y <\/span><span data-contrast=\"auto\">presentan un al<\/span><span data-contrast=\"auto\">to grado de analfabetismo.<\/span><span data-ccp-props=\"{&quot;201341983&quot;:0,&quot;335559731&quot;:708,&quot;335559739&quot;:160,&quot;335559740&quot;:240}\">\u00a0<\/span><\/p>\n<p><span data-contrast=\"auto\">R<\/span><span data-contrast=\"auto\">h<\/span><span data-contrast=\"auto\">aquel<\/span><span data-contrast=\"auto\"> Ar\u00e9valo Salazar<\/span><span data-contrast=\"auto\"> coment\u00f3 que con este proyecto <\/span><span data-contrast=\"auto\">se pretende mostrar a los j\u00f3venes de bachillerato una nueva opci\u00f3n de estudio al interior de la UV<\/span><span data-contrast=\"auto\"> pues <\/span><span data-contrast=\"auto\">muy pocos conoc<\/span><span data-contrast=\"auto\">en este <\/span><span data-contrast=\"auto\">PE.<\/span><span data-ccp-props=\"{&quot;201341983&quot;:0,&quot;335559739&quot;:160,&quot;335559740&quot;:240}\">\u00a0<\/span><\/p>\n<p><span data-contrast=\"auto\">La infograf\u00eda realizada por ella y sus compa\u00f1eros fue sobre el Istmo veracruzano, regi\u00f3n extensa de la cual extrajeron informaci\u00f3n relacionada con su cultura y tradiciones. Tambi\u00e9n <\/span><span data-contrast=\"auto\">integraron la totalidad de habitantes de los 22 municipios,<\/span><span data-contrast=\"auto\"> y las diferentes lenguas<\/span><span data-contrast=\"auto\"> ind\u00edgenas<\/span><span data-contrast=\"auto\"> que hablan, entre ellas <\/span><span data-contrast=\"auto\">n\u00e1huatl, <\/span><span data-contrast=\"auto\">popoluca<\/span><span data-contrast=\"auto\"> y zapoteco<\/span><span data-contrast=\"auto\">.<\/span><span data-ccp-props=\"{&quot;201341983&quot;:0,&quot;335559739&quot;:160,&quot;335559740&quot;:240}\">\u00a0<\/span><\/p>\n<p><span data-contrast=\"auto\">\u201cCaptamos las <\/span><span data-contrast=\"auto\">problem\u00e1ticas de esa regi\u00f3n<\/span><span data-contrast=\"auto\"> para que los j\u00f3venes se sientan identificados y tengan conocimiento de la soluci\u00f3n que<\/span><span data-contrast=\"auto\"> pueden dar desde la geograf\u00eda.\u201d<\/span><span data-ccp-props=\"{&quot;201341983&quot;:0,&quot;335559731&quot;:708,&quot;335559739&quot;:160,&quot;335559740&quot;:240}\">\u00a0<\/span><\/p>\n<p><span data-contrast=\"auto\">Por su parte, <\/span><span data-contrast=\"auto\">Iv\u00e1n Hern\u00e1ndez <\/span><span data-contrast=\"auto\">Baizabal<\/span><span data-contrast=\"auto\"> expuso que la ge<\/span><span data-contrast=\"auto\">ograf\u00eda no s\u00f3<\/span><span data-contrast=\"auto\">lo estudia <\/span><span data-contrast=\"auto\">mapas<\/span><span data-contrast=\"auto\">,<\/span> <span data-contrast=\"auto\">r\u00edos y capitales, sino que hay muchos otros aspectos que<\/span><span data-contrast=\"auto\"> pueden abordarse como:<\/span><span data-contrast=\"auto\"> problem\u00e1ticas sociales, riesgos, prevenci\u00f3n, marginaci\u00f3n, pobreza y econom\u00eda.<\/span><span data-ccp-props=\"{&quot;201341983&quot;:0,&quot;335559739&quot;:160,&quot;335559740&quot;:240}\">\u00a0<\/span><\/p>\n<p><span data-contrast=\"auto\">Dijo que es una carrera multidisciplinaria y maneja dos ramas: la humana y la f\u00edsica. La primera abarca la geograf\u00eda econ\u00f3mica, pol\u00edtica, rural, urbana y m\u00e9dica; mientras que la segunda, la climatolog\u00eda,<\/span><span data-contrast=\"auto\"> geomorfolog\u00eda e <\/span><span data-contrast=\"auto\">hidrogeograf\u00eda<\/span><span data-contrast=\"auto\">.<\/span><span data-contrast=\"auto\"> \u201c<\/span><span data-contrast=\"auto\">E<\/span><span data-contrast=\"auto\">s una vasta gama de experiencias educativas\u201d.<\/span><span data-ccp-props=\"{&quot;201341983&quot;:0,&quot;335559731&quot;:708,&quot;335559739&quot;:160,&quot;335559740&quot;:240}\">\u00a0<\/span><\/p>\n<p><span data-contrast=\"auto\">Agreg\u00f3 que su investigaci\u00f3n fue sobre la regi\u00f3n de Sotavento, que integra a algunos municipios costeros, donde casi no se conoce la existencia <\/span><span data-contrast=\"auto\">ni la importancia <\/span><span data-contrast=\"auto\">de este PE.<\/span><span data-ccp-props=\"{&quot;201341983&quot;:0,&quot;335559739&quot;:160,&quot;335559740&quot;:240}\">\u00a0<\/span><\/p>\n<p><span data-contrast=\"auto\">Iris Monserrat Santiago Mijangos<\/span><span data-contrast=\"auto\"> habl\u00f3 del proyecto realizado acerca de la zona sureste que incluye 25 munici<\/span><span data-contrast=\"auto\">pios,<\/span><span data-contrast=\"auto\"> entre ellos: <\/span><span data-contrast=\"auto\">Cosoleacaque<\/span><span data-contrast=\"auto\">, Nanchital, <\/span><span data-contrast=\"auto\">J\u00e1ltipan<\/span><span data-contrast=\"auto\">,<\/span><span data-contrast=\"auto\"> Acayucan, Minatitl\u00e1n y<\/span><span data-contrast=\"auto\"> Coatzacoalcos.<\/span><span data-ccp-props=\"{&quot;201341983&quot;:0,&quot;335559739&quot;:160,&quot;335559740&quot;:240}\">\u00a0<\/span><\/p>\n<p><span data-contrast=\"auto\">Para la difusi\u00f3n de la licenciatura, elaboraron un plan de fortalezas, o<\/span><span data-contrast=\"auto\">portunidades<\/span><span data-contrast=\"auto\">, debilidades y amenazas (FODA). Respecto a las fortalezas, puso como ejemplo la matr\u00edcula de acad\u00e9micos, quienes en su mayor\u00eda estudiaron esta carrera; mencion\u00f3 tambi\u00e9n la buena adecuaci\u00f3n de sus instalaciones y servicios.<\/span><span data-ccp-props=\"{&quot;201341983&quot;:0,&quot;335559731&quot;:708,&quot;335559739&quot;:160,&quot;335559740&quot;:240}\">\u00a0<\/span><\/p>\n<p><span data-contrast=\"auto\">Entre las oportunidades que ofrece el PE, destac\u00f3 la movilidad estudiantil y acad\u00e9mica, tanto nacional como internacional; sin embargo, reconoci\u00f3 como una de sus debilidades la poca difusi\u00f3n en la regi\u00f3n sur acerca de esta licenciatura, que esperan <\/span><span data-contrast=\"auto\">mejorar<\/span><span data-contrast=\"auto\"> con el apoyo de los medios locales de comunicaci\u00f3n.<\/span><span data-ccp-props=\"{&quot;201341983&quot;:0,&quot;335559731&quot;:708,&quot;335559739&quot;:160,&quot;335559740&quot;:240}\">\u00a0<\/span><\/p>\n<p><span data-contrast=\"auto\">En este proyecto tambi\u00e9n participaron: Emma Daira Baizabal G\u00f3mez, Mar\u00eda Silvana <\/span><span data-contrast=\"auto\">Bulbarela<\/span> <span data-contrast=\"auto\">Picie<\/span><span data-contrast=\"auto\">, Roc\u00edo Cruz Lara, Lenin Alejandro Escobedo Hern\u00e1ndez, Jos\u00e9 Alberto Fern\u00e1ndez Garc\u00eda, Jos\u00e9 Manuel Hern\u00e1ndez <\/span><span data-contrast=\"auto\">Hern\u00e1ndez<\/span><span data-contrast=\"auto\">, Humberto Alan Ju\u00e1rez Dorantes, Kevin Daniel Llergo Chung, Liliana M\u00e9ndez Hern\u00e1ndez, Luis \u00c1ngel Morales Rend\u00f3n <\/span><span data-contrast=\"auto\">e <\/span><span data-contrast=\"auto\">Ismael de Jes\u00fas Moreno Landa.<\/span><span data-ccp-props=\"{&quot;201341983&quot;:0,&quot;335559731&quot;:708,&quot;335559739&quot;:160,&quot;335559740&quot;:240}\">\u00a0<\/span><\/p>\n<p><span data-contrast=\"auto\">Adem\u00e1s, David Ram\u00edrez Su\u00e1rez, Jes\u00fas Armando Rivera Cruz, Miguel \u00c1ngel Ruiz Ortiz y Marilyn Guadalupe V\u00e1zquez Ayala.<\/span><span data-ccp-props=\"{&quot;201341983&quot;:0,&quot;335559731&quot;:708,&quot;335559739&quot;:160,&quot;335559740&quot;:240}\">\u00a0<\/span><\/p>\n","protected":false},"excerpt":{"rendered":"<p>No s\u00f3lo estudia mapas, r\u00edos y capitales; trata problem\u00e1ticas sociales, riesgos, prevenci\u00f3n, marginaci\u00f3n, pobreza y econom\u00eda<\/p>\n","protected":false},"author":1508,"featured_media":77536,"comment_status":"closed","ping_status":"closed","sticky":false,"template":"","format":"standard","meta":{"footnotes":""},"categories":[61],"tags":[],"class_list":["post-77534","post","type-post","status-publish","format-standard","has-post-thumbnail","hentry","category-banner"],"_links":{"self":[{"href":"https:\/\/www.uv.mx\/prensa\/wp-json\/wp\/v2\/posts\/77534","targetHints":{"allow":["GET"]}}],"collection":[{"href":"https:\/\/www.uv.mx\/prensa\/wp-json\/wp\/v2\/posts"}],"about":[{"href":"https:\/\/www.uv.mx\/prensa\/wp-json\/wp\/v2\/types\/post"}],"author":[{"embeddable":true,"href":"https:\/\/www.uv.mx\/prensa\/wp-json\/wp\/v2\/users\/1508"}],"replies":[{"embeddable":true,"href":"https:\/\/www.uv.mx\/prensa\/wp-json\/wp\/v2\/comments?post=77534"}],"version-history":[{"count":0,"href":"https:\/\/www.uv.mx\/prensa\/wp-json\/wp\/v2\/posts\/77534\/revisions"}],"wp:featuredmedia":[{"embeddable":true,"href":"https:\/\/www.uv.mx\/prensa\/wp-json\/wp\/v2\/media\/77536"}],"wp:attachment":[{"href":"https:\/\/www.uv.mx\/prensa\/wp-json\/wp\/v2\/media?parent=77534"}],"wp:term":[{"taxonomy":"category","embeddable":true,"href":"https:\/\/www.uv.mx\/prensa\/wp-json\/wp\/v2\/categories?post=77534"},{"taxonomy":"post_tag","embeddable":true,"href":"https:\/\/www.uv.mx\/prensa\/wp-json\/wp\/v2\/tags?post=77534"}],"curies":[{"name":"wp","href":"https:\/\/api.w.org\/{rel}","templated":true}]}}