{"id":77442,"date":"2019-11-29T08:00:39","date_gmt":"2019-11-29T14:00:39","guid":{"rendered":"https:\/\/www.uv.mx\/prensa\/?p=77442"},"modified":"2019-11-28T21:00:22","modified_gmt":"2019-11-29T03:00:22","slug":"academica-de-historia-uv-obtuvo-el-premio-inehrm-2019","status":"publish","type":"post","link":"https:\/\/www.uv.mx\/prensa\/banner\/academica-de-historia-uv-obtuvo-el-premio-inehrm-2019\/","title":{"rendered":"Acad\u00e9mica de Historia UV obtuvo el Premio INEHRM 2019"},"content":{"rendered":"<ul>\n<li data-leveltext=\"\uf0b7\" data-font=\"Symbol\" data-listid=\"1\" data-aria-posinset=\"1\" data-aria-level=\"1\"><i><span data-contrast=\"auto\">Mar\u00eda del Rosario Juan Mendoza<\/span><\/i><i><span data-contrast=\"auto\"> realiza su doctorado en el Departamento de Historia Contempor\u00e1nea de la Universidad del Pa\u00eds Vasco-Espa\u00f1a<\/span><\/i><span data-ccp-props=\"{&quot;134233279&quot;:true,&quot;201341983&quot;:0,&quot;335559739&quot;:160,&quot;335559740&quot;:240}\">\u00a0<\/span><\/li>\n<\/ul>\n<div id=\"attachment_77445\" style=\"width: 732px\" class=\"wp-caption aligncenter\"><a href=\"https:\/\/www.uv.mx\/prensa\/files\/2019\/11\/291119-Historia-1.jpg\"><img loading=\"lazy\" decoding=\"async\" aria-describedby=\"caption-attachment-77445\" class=\"size-full wp-image-77445\" src=\"https:\/\/www.uv.mx\/prensa\/files\/2019\/11\/291119-Historia-1.jpg\" alt=\"\" width=\"722\" height=\"481\" srcset=\"https:\/\/www.uv.mx\/prensa\/files\/2019\/11\/291119-Historia-1.jpg 722w, https:\/\/www.uv.mx\/prensa\/files\/2019\/11\/291119-Historia-1-300x200.jpg 300w\" sizes=\"auto, (max-width: 722px) 100vw, 722px\" \/><\/a><p id=\"caption-attachment-77445\" class=\"wp-caption-text\">\u201cYo quer\u00eda ser historiadora, pero no de las que cuentan sino de las que escriben\u201d<\/p><\/div>\n<p><b><i><span data-contrast=\"auto\">Karina de la Paz Reyes D\u00edaz<\/span><\/i><\/b><span data-ccp-props=\"{&quot;134233279&quot;:true,&quot;201341983&quot;:0,&quot;335559739&quot;:160,&quot;335559740&quot;:240}\">\u00a0<\/span><\/p>\n<p><b><i><span data-contrast=\"auto\">29\/11\/2019, Xalapa, Ver.- <\/span><\/i><\/b><span data-contrast=\"auto\">E<\/span><span data-contrast=\"auto\">l proyecto de tesis doctoral \u201c<\/span><span data-contrast=\"auto\">Poblaci\u00f3n espa\u00f1ola en la ciudad de Veracruz: migraci\u00f3n, din\u00e1micas socioecon\u00f3micas y legados hereditarios (1920-1930)<\/span><span data-contrast=\"auto\">\u201d<\/span><span data-contrast=\"auto\">,<\/span><span data-contrast=\"auto\"> que Mar\u00eda del Rosario Juan Mendoza<\/span><span data-contrast=\"auto\"> desarrolla<\/span><span data-contrast=\"auto\"> en el Departamento de Historia Contempor\u00e1nea de la Uni<\/span><span data-contrast=\"auto\">versidad del Pa\u00eds Vasco-Espa\u00f1a, recibi\u00f3 el Premio del<\/span><span data-contrast=\"auto\"> Instituto Nacional de Estudios Hist\u00f3ricos de las <\/span><span data-contrast=\"auto\">Revoluciones de M\u00e9xico<\/span><span data-contrast=\"auto\"> (INEHRM) 2019.<\/span><span data-ccp-props=\"{&quot;134233279&quot;:true,&quot;201341983&quot;:0,&quot;335559739&quot;:160,&quot;335559740&quot;:240}\">\u00a0<\/span><\/p>\n<p><span data-contrast=\"auto\">Se trat\u00f3 de u<\/span><span data-contrast=\"auto\">no de los <\/span><span data-contrast=\"auto\">10<\/span><span data-contrast=\"auto\"> ganadores del certamen <\/span><span data-contrast=\"auto\">\u201cPremios para p<\/span><span data-contrast=\"auto\">royectos de tesis <\/span><span data-contrast=\"auto\">de investigaci\u00f3n hist\u00f3rica<\/span><span data-contrast=\"auto\">\u201d<\/span> <span data-contrast=\"auto\">y la ceremonia de entrega fue precisamente el 20 de noviembre, en la capital del pa\u00eds, fecha en la que se conmemor\u00f3 el 109 aniversario de la Revoluci\u00f3n Mexicana.<\/span><span data-ccp-props=\"{&quot;134233279&quot;:true,&quot;201341983&quot;:0,&quot;335559739&quot;:160,&quot;335559740&quot;:240}\">\u00a0<\/span><\/p>\n<p><span data-contrast=\"auto\">Mar\u00eda del Rosario Juan <\/span><span data-contrast=\"auto\">es egresada de la Facultad de Historia de la UV <\/span><span data-contrast=\"auto\">(g<\/span><span data-contrast=\"auto\">eneraci\u00f3n 1993-1997) <\/span><span data-contrast=\"auto\">y docente por asignatura de la misma desde marzo de 2012<\/span><span data-contrast=\"auto\">, donde imparte las experiencias educativas <\/span><span data-contrast=\"auto\">(EE) Historiograf\u00eda G<\/span><span data-contrast=\"auto\">recolatina y <\/span><span data-contrast=\"auto\">M<\/span><span data-contrast=\"auto\">edieval, Historiograf\u00eda del M\u00e9xico <\/span><span data-contrast=\"auto\">C<\/span><span data-contrast=\"auto\">olonial, y Reformas <\/span><span data-contrast=\"auto\">B<\/span><span data-contrast=\"auto\">orb\u00f3n<\/span><span data-contrast=\"auto\">icas e Independencia de M\u00e9xico.<\/span><span data-ccp-props=\"{&quot;134233279&quot;:true,&quot;201341983&quot;:0,&quot;335559739&quot;:160,&quot;335559740&quot;:240}\">\u00a0<\/span><\/p>\n<p><span data-ccp-props=\"{&quot;134233279&quot;:true,&quot;201341983&quot;:0,&quot;335559739&quot;:160,&quot;335559740&quot;:240}\">\u00a0<\/span><\/p>\n<p><b><span data-contrast=\"auto\">\u201cEn la segunda opci\u00f3n encontr\u00e9 mi mundo\u201d<\/span><\/b><span data-ccp-props=\"{&quot;134233279&quot;:true,&quot;201341983&quot;:0,&quot;335559739&quot;:160,&quot;335559740&quot;:240}\">\u00a0<\/span><\/p>\n<p><span data-contrast=\"auto\">En Entrevista <\/span><span data-contrast=\"auto\">para<\/span> <i><span data-contrast=\"auto\">Universo<\/span><\/i><span data-contrast=\"auto\">, la M<\/span><span data-contrast=\"auto\">aestra en <\/span><span data-contrast=\"auto\">Historiograf\u00eda por la U<\/span><span data-contrast=\"auto\">niversidad <\/span><span data-contrast=\"auto\">A<\/span><span data-contrast=\"auto\">ut\u00f3noma <\/span><span data-contrast=\"auto\">Metropolitana<\/span><span data-contrast=\"auto\"> (UAM)<\/span><span data-contrast=\"auto\">&#8211;<\/span><span data-contrast=\"auto\">Unidad <\/span><span data-contrast=\"auto\">Azcapotzalco<\/span><span data-contrast=\"auto\">, record\u00f3 <\/span><span data-contrast=\"auto\">que <\/span><span data-contrast=\"auto\">por<\/span><span data-contrast=\"auto\"> deseos <\/span><span data-contrast=\"auto\">de su familia \u2013m\u00e1s que a los <\/span><span data-contrast=\"auto\">perso<\/span><span data-contrast=\"auto\">nales\u2013 <\/span><span data-contrast=\"auto\">se postul\u00f3 para ingresar a la L<\/span><span data-contrast=\"auto\">icenciatura en Derecho de la UV y <\/span><span data-contrast=\"auto\">como segunda opci\u00f3n <\/span><span data-contrast=\"auto\">opt\u00f3 por <\/span><span data-contrast=\"auto\">la Licenciatura en <\/span><span data-contrast=\"auto\">Historia, pu<\/span><span data-contrast=\"auto\">es en la <\/span><span data-contrast=\"auto\">preparatoria tuvo una profesora<\/span><span data-contrast=\"auto\"> que les daba esa<\/span><span data-contrast=\"auto\"> materia con tal pasi\u00f3n<\/span><span data-contrast=\"auto\">, que le despert\u00f3 el gusto por la disciplina.<\/span><span data-ccp-props=\"{&quot;134233279&quot;:true,&quot;201341983&quot;:0,&quot;335559739&quot;:160,&quot;335559740&quot;:240}\">\u00a0<\/span><\/p>\n<p><span data-contrast=\"auto\">No logr\u00f3 un lugar en la primera opci\u00f3n pero s\u00ed en la segunda. <\/span><span data-contrast=\"auto\">\u201cAh\u00ed me encontr\u00e9 conmigo misma\u201d<\/span><span data-contrast=\"auto\">, comparti\u00f3 sonriente.<\/span><span data-ccp-props=\"{&quot;134233279&quot;:true,&quot;201341983&quot;:0,&quot;335559731&quot;:708,&quot;335559739&quot;:160,&quot;335559740&quot;:240}\">\u00a0<\/span><\/p>\n<p><span data-contrast=\"auto\">\u201cAl finalizar la carrera<\/span><span data-contrast=\"auto\">,<\/span><span data-contrast=\"auto\"> una de mis preocupaciones es \u2018ya termi<\/span><span data-contrast=\"auto\">n\u00e9 pero no s\u00e9 escribir historia.<\/span><span data-contrast=\"auto\"> \u00bfQu\u00e9 es lo que procede?, porque a m\u00ed me gustar\u00eda escribir no s\u00f3lo tener los conocimientos\u2019. Entonces me acerqu\u00e9 a los especialistas y fue gracias al contexto formativo de la doctora Carmen Bl\u00e1zquez Dom\u00ednguez<\/span><span data-contrast=\"auto\">,<\/span><span data-contrast=\"auto\"> del Instituto de Investigaciones Hist\u00f3rico-Sociales<\/span><span data-contrast=\"auto\">,<\/span><span data-contrast=\"auto\"> que logr\u00e9 la tesis.\u201d<\/span><span data-ccp-props=\"{&quot;134233279&quot;:true,&quot;201341983&quot;:0,&quot;335559731&quot;:708,&quot;335559739&quot;:160,&quot;335559740&quot;:240}\">\u00a0<\/span><\/p>\n<p><span data-contrast=\"auto\">Su trabajo le implic\u00f3 la consulta de fuentes primarias (ar<\/span><span data-contrast=\"auto\">chivos notariales, parroquiales y el municipal, as\u00ed como el General de la Naci\u00f3n), <\/span><span data-contrast=\"auto\">se titul\u00f3<\/span><span data-contrast=\"auto\"> con el trabajo<\/span> <span data-contrast=\"auto\">\u201cEspa\u00f1oles en Xalapa: <\/span><span data-contrast=\"auto\">m<\/span><span data-contrast=\"auto\">igraci\u00f3n e inserci\u00f3n en la<\/span><span data-contrast=\"auto\"> sociedad <\/span><span data-contrast=\"auto\">xalape\u00f1a<\/span><span data-contrast=\"auto\">. 1824-1835\u201d (<\/span><span data-contrast=\"auto\">2007<\/span><span data-contrast=\"auto\">) y tambi\u00e9n fue merecedor de un <\/span><span data-contrast=\"auto\">galard\u00f3n<\/span><span data-contrast=\"auto\"> nacional, el<\/span> <span data-contrast=\"auto\">Premio <\/span><span data-contrast=\"auto\">\u201c<\/span><span data-contrast=\"auto\">Luis Gonz\u00e1lez y Gonz\u00e1lez<\/span><span data-contrast=\"auto\">\u201d<\/span><span data-contrast=\"auto\"> a la<\/span><span data-contrast=\"auto\"> mejor tesis de L<\/span><span data-contrast=\"auto\">icenciatura en <\/span><span data-contrast=\"auto\">Ciencias Sociales y Humanidades (edici\u00f3n 2008<\/span><span data-contrast=\"auto\">, en la que participaron 48 trabajos de todo el pa\u00eds<\/span><span data-contrast=\"auto\">)<\/span><span data-contrast=\"auto\">, y que implic\u00f3 su publicaci\u00f3n.<\/span><span data-ccp-props=\"{&quot;134233279&quot;:true,&quot;201341983&quot;:0,&quot;335559731&quot;:708,&quot;335559739&quot;:160,&quot;335559740&quot;:240}\">\u00a0<\/span><\/p>\n<p><span data-contrast=\"auto\">Parte del veredicto que los jurados dieron al respecto indica: D<\/span><span data-contrast=\"auto\">estaca por la gran eficiencia de su discurso y el excelente empleo cr\u00edtico de una muy amplia gama de fuentes primarias y secundarias a nivel tanto cuantitativo como cualitativo. Su autora domina y conjuga de manera original tanto la historia social como las vertientes especializadas en aspectos econ\u00f3micos y pol\u00edticos. El jurado destaca que la calidad del trabajo es verdaderamente excepcional y <\/span><span data-contrast=\"auto\">se <\/span><span data-contrast=\"auto\">compara con un buen n\u00famero de tesis de doctorado.<\/span><span data-ccp-props=\"{&quot;134233279&quot;:true,&quot;201341983&quot;:0,&quot;335559731&quot;:708,&quot;335559739&quot;:160,&quot;335559740&quot;:240}\">\u00a0<\/span><\/p>\n<p><span data-contrast=\"auto\">\u201cLo que pude ubicar es que era un grupo minoritario que se hab\u00eda establecido en algunos casos desde finales del siglo XVIII, a partir de 1780, y que de forma paulatina (como llegaban desde muy j\u00f3venes) los llev\u00f3 a establecer nexos con el espacio, v\u00ednculos sociales, alianzas familiares<\/span><span data-contrast=\"auto\">.\u201d<\/span><span data-ccp-props=\"{&quot;134233279&quot;:true,&quot;201341983&quot;:0,&quot;335559739&quot;:160,&quot;335559740&quot;:240}\">\u00a0<\/span><\/p>\n<p><span data-contrast=\"auto\">Es decir, para 1824, el momento de la Independencia, \u201cellos no se sienten espa\u00f1oles\u201d<\/span><span data-contrast=\"auto\">;<\/span><span data-contrast=\"auto\"> sin embargo, el nuevo contexto pol\u00edtico s\u00ed los llev\u00f3 a vivir situaciones \u201ccomplicadas, hostiles\u201d, como muestra cit\u00f3 la Ley General de Expulsi\u00f3n de 1827.<\/span><span data-ccp-props=\"{&quot;134233279&quot;:true,&quot;201341983&quot;:0,&quot;335559739&quot;:160,&quot;335559740&quot;:240}\">\u00a0<\/span><\/p>\n<p><span data-contrast=\"auto\">\u201c<\/span><span data-contrast=\"auto\">G<\/span><span data-contrast=\"auto\">racias a esas alianzas sociales y pol\u00edticas, as\u00ed como a los nexos econ\u00f3micos que tienen<\/span><span data-contrast=\"auto\">,<\/span> <span data-contrast=\"auto\">los espa\u00f1oles <\/span><span data-contrast=\"auto\">lograr<\/span><span data-contrast=\"auto\">on<\/span><span data-contrast=\"auto\"> mantener una posici\u00f3n importante y quedarse muchos de ellos<\/span><span data-contrast=\"auto\"> \u2013<\/span><span data-contrast=\"auto\">algunos<\/span> <span data-contrast=\"auto\">ya tienen edad avanzada.\u201d<\/span><span data-ccp-props=\"{&quot;134233279&quot;:true,&quot;201341983&quot;:0,&quot;335559739&quot;:160,&quot;335559740&quot;:240}\">\u00a0<\/span><\/p>\n<p><span data-contrast=\"auto\">La entrevistada insisti\u00f3 en decir que esta primera experiencia de investigaci\u00f3n le result\u00f3 sumamente satisfactoria: \u201cEl premio no es algo que yo esperara, simplemente me puse a escribir porque quer\u00eda ser historiadora pero no de las que cuentan sino de las que escriben\u201d<\/span><span data-contrast=\"auto\">.<\/span><span data-ccp-props=\"{&quot;134233279&quot;:true,&quot;201341983&quot;:0,&quot;335559731&quot;:708,&quot;335559739&quot;:160,&quot;335559740&quot;:240}\">\u00a0<\/span><\/p>\n<div id=\"attachment_77444\" style=\"width: 732px\" class=\"wp-caption aligncenter\"><a href=\"https:\/\/www.uv.mx\/prensa\/files\/2019\/11\/291119-Historia-2.jpg\"><img loading=\"lazy\" decoding=\"async\" aria-describedby=\"caption-attachment-77444\" class=\"size-full wp-image-77444\" src=\"https:\/\/www.uv.mx\/prensa\/files\/2019\/11\/291119-Historia-2.jpg\" alt=\"\" width=\"722\" height=\"481\" srcset=\"https:\/\/www.uv.mx\/prensa\/files\/2019\/11\/291119-Historia-2.jpg 722w, https:\/\/www.uv.mx\/prensa\/files\/2019\/11\/291119-Historia-2-300x200.jpg 300w\" sizes=\"auto, (max-width: 722px) 100vw, 722px\" \/><\/a><p id=\"caption-attachment-77444\" class=\"wp-caption-text\">Su tesis de licenciatura fue ganadora del Premio \u201cLuis Gonz\u00e1lez y Gonz\u00e1lez\u201d, edici\u00f3n 2008<\/p><\/div>\n<p><b><span data-contrast=\"auto\">El trabajo contin\u00faa<\/span><\/b><span data-ccp-props=\"{&quot;134233279&quot;:true,&quot;201341983&quot;:0,&quot;335559739&quot;:160,&quot;335559740&quot;:240}\">\u00a0<\/span><\/p>\n<p><span data-contrast=\"auto\">En la Maestr\u00eda en Historiograf\u00eda de la UAM-<\/span> <span data-contrast=\"auto\">Azcapotzalco<\/span><span data-contrast=\"auto\"> (2010-2012) la tesis fue dirigida por <\/span><span data-contrast=\"auto\">Jos\u00e9 <\/span><span data-contrast=\"auto\">Agust\u00edn <\/span><span data-contrast=\"auto\">Ronz\u00f3n Le\u00f3n<\/span><span data-contrast=\"auto\"> y se<\/span><span data-contrast=\"auto\"> titul\u00f3 \u201cL<\/span><span data-contrast=\"auto\">a c<\/span><span data-contrast=\"auto\">olonizaci\u00f3n extranjera en Veracruz durante el <\/span><span data-contrast=\"auto\">Porfiriato<\/span><span data-contrast=\"auto\">. <\/span><span data-contrast=\"auto\">Un acercamiento a trav\u00e9s del discurso y la representaci\u00f3n<\/span><span data-contrast=\"auto\">\u201d.<\/span><span data-ccp-props=\"{&quot;134233279&quot;:true,&quot;201341983&quot;:0,&quot;335559739&quot;:160,&quot;335559740&quot;:240}\">\u00a0<\/span><\/p>\n<p><span data-contrast=\"auto\">Como el t\u00edtulo lo indica, se <\/span><span data-contrast=\"auto\">centr\u00f3 en ha<\/span><span data-contrast=\"auto\">cer an\u00e1lisis del discurso de colonizaci\u00f3n en Veracruz a trav\u00e9s de una revisi\u00f3n de los gobernadores de ese periodo y quien<\/span><span data-contrast=\"auto\">es tuvieron<\/span><span data-contrast=\"auto\"> una funci\u00f3n m\u00e1s representativa <\/span><span data-contrast=\"auto\">fueron<\/span><span data-contrast=\"auto\">: T<\/span><span data-contrast=\"auto\">eodoro A. Dehesa<\/span><span data-contrast=\"auto\">, <\/span><span data-contrast=\"auto\">Juan de la Luz Enr\u00edquez<\/span><span data-contrast=\"auto\"> y <\/span><span data-contrast=\"auto\">Luis Mier y Ter\u00e1n<\/span><span data-contrast=\"auto\">.<\/span><span data-ccp-props=\"{&quot;134233279&quot;:true,&quot;201341983&quot;:0,&quot;335559739&quot;:160,&quot;335559740&quot;:240}\">\u00a0<\/span><\/p>\n<p><span data-contrast=\"auto\">Actualmente est\u00e1 matriculada de tiempo parcial <\/span><span data-contrast=\"auto\">en el Departamento de Historia Contempor\u00e1nea de la Universidad del Pa\u00eds Vasco-Espa\u00f1a<\/span><span data-contrast=\"auto\">, donde <\/span><span data-contrast=\"auto\">realiza<\/span><span data-contrast=\"auto\"> el pro<\/span><span data-contrast=\"auto\">yecto de investigaci\u00f3n premiado<\/span><span data-contrast=\"auto\"> en 2019<\/span><span data-contrast=\"auto\">:<\/span> <span data-contrast=\"auto\">\u201c<\/span><span data-contrast=\"auto\">Poblaci\u00f3n espa\u00f1ola en la ciudad de Veracruz: migraci\u00f3n, din\u00e1micas socioecon\u00f3micas y legados hereditarios (1920-1930)<\/span><span data-contrast=\"auto\">\u201d.<\/span><span data-ccp-props=\"{&quot;134233279&quot;:true,&quot;201341983&quot;:0,&quot;335559731&quot;:708,&quot;335559739&quot;:160,&quot;335559740&quot;:240}\">\u00a0<\/span><\/p>\n<p><span data-contrast=\"auto\">\u201cEl trabajo est\u00e1 en curso y el reconocimiento es para financiar que se contin\u00fae o que se concluya. En el caso de mi proyecto est\u00e1 en un avance del 60 por ciento, pero a\u00fan le falta consultar m\u00e1s fuentes. Eso es lo importante del premio, que los recursos posibili<\/span><span data-contrast=\"auto\">tar\u00e1n ir a la Ciudad de M\u00e9xico para<\/span><span data-contrast=\"auto\"> seguir revisando fuentes que son necesarias para concretar la investigaci\u00f3n.\u201d<\/span><span data-ccp-props=\"{&quot;134233279&quot;:true,&quot;201341983&quot;:0,&quot;335559731&quot;:142,&quot;335559739&quot;:160,&quot;335559740&quot;:240}\">\u00a0<\/span><\/p>\n<p><span data-contrast=\"auto\">Comparti\u00f3 que se dio de baja un a\u00f1o del doctorado, pues su peque\u00f1a hija (<\/span><span data-contrast=\"auto\">que en aquel entonces ten\u00eda tres y medio y <\/span><span data-contrast=\"auto\">hoy cinco) fue sometida a un tratamiento oncol\u00f3gico, pero ya lo retom\u00f3; por ello es doblemente satisfactorio y pertinente el premio nacional recientemente recibido.<\/span><span data-ccp-props=\"{&quot;134233279&quot;:true,&quot;201341983&quot;:0,&quot;335559739&quot;:160,&quot;335559740&quot;:240}\">\u00a0<\/span><\/p>\n<p><span data-contrast=\"auto\">Si bien es una investigaci\u00f3n en proceso, coment\u00f3 que <\/span><span data-contrast=\"auto\">est\u00e1 <\/span><span data-contrast=\"auto\">sustentada en censos de l<\/span><span data-contrast=\"auto\">a \u00e9poca, sobre todo el de 1930.<\/span><span data-ccp-props=\"{&quot;134233279&quot;:true,&quot;201341983&quot;:0,&quot;335559739&quot;:160,&quot;335559740&quot;:240}\">\u00a0<\/span><\/p>\n<p><span data-contrast=\"auto\">\u201cPuedo decir que estoy trabajando con una comunidad espa\u00f1ola de dos mil 409 individuos<\/span><span data-contrast=\"auto\"> (muchos de ellos con la nacional<\/span><span data-contrast=\"auto\">idad<\/span><span data-contrast=\"auto\"> espa\u00f1ola, pero <\/span><span data-contrast=\"auto\">que <\/span><span data-contrast=\"auto\">no necesariamente nacieron all\u00e1)<\/span><span data-contrast=\"auto\">. <\/span><span data-contrast=\"auto\">Evidentemente<\/span><span data-contrast=\"auto\">,<\/span><span data-contrast=\"auto\"> tienen caracter\u00edsticas muy diferentes, porque como parte de las din\u00e1micas de migraci\u00f3n, salen desde muy j\u00f3venes (de Espa\u00f1a) \u2013eso es algo que se mantendr\u00e1 a lo largo de<\/span> <span data-contrast=\"auto\">l<\/span><span data-contrast=\"auto\">os<\/span><span data-contrast=\"auto\"> siglo<\/span><span data-contrast=\"auto\">s<\/span><span data-contrast=\"auto\"> XIX y XX\u2013, sin perder de vista que el contexto europeo y nacional es distinto.<\/span><span data-ccp-props=\"{&quot;134233279&quot;:true,&quot;201341983&quot;:0,&quot;335559739&quot;:160,&quot;335559740&quot;:240}\">\u00a0<\/span><\/p>\n<p><span data-contrast=\"auto\">\u201d<\/span><span data-contrast=\"auto\">Pero lo que a m\u00ed me parece interesante es examinar a una sociedad que est\u00e1 <\/span><span data-contrast=\"auto\">en una \u00e9poca que podr\u00edamos llamar de reconfiguraci\u00f3n, como sucede en 1810, pero ahora estamos en<\/span><span data-contrast=\"auto\"> 19<\/span><span data-contrast=\"auto\">20<\/span><span data-contrast=\"auto\">;<\/span><span data-contrast=\"auto\"> ya pas\u00f3 la Revoluci\u00f3n Mexicana y esas coyunturas hist\u00f3ricas son las que en determinado momento me r<\/span><span data-contrast=\"auto\">esultan necesarias de examinar.\u201d<\/span><span data-ccp-props=\"{&quot;134233279&quot;:true,&quot;201341983&quot;:0,&quot;335559739&quot;:160,&quot;335559740&quot;:240}\">\u00a0<\/span><\/p>\n<p><span data-contrast=\"auto\">Con base en resultados preliminares<\/span><span data-contrast=\"auto\">,<\/span><span data-contrast=\"auto\"> cit\u00f3 que la poblaci\u00f3n <\/span><span data-contrast=\"auto\">mencionada<\/span><span data-contrast=\"auto\"> perdi\u00f3 capital y necesariamente reconfiguraron sus din\u00e1micas pol\u00edticas y econ\u00f3micas para adaptarse al momento.\u00a0<\/span><span data-ccp-props=\"{&quot;134233279&quot;:true,&quot;201341983&quot;:0,&quot;335559739&quot;:160,&quot;335559740&quot;:240}\">\u00a0<\/span><\/p>\n<p><span data-contrast=\"auto\">\u201cAlgunos espa\u00f1oles establecidos a lo largo <\/span><span data-contrast=\"auto\">d<\/span><span data-contrast=\"auto\">el territorio <\/span><span data-contrast=\"auto\">nacional<\/span><span data-contrast=\"auto\"> toman la decisi\u00f3n de mandar sus capitales al extranjero para evitar el saqueo; muchos se van, pero lo interesante es que este sector que estoy analizando permanece<\/span><span data-contrast=\"auto\"> (en <\/span><span data-contrast=\"auto\">la ciudad de Veracruz<\/span><span data-contrast=\"auto\">)<\/span><span data-contrast=\"auto\">.\u201d<\/span><span data-ccp-props=\"{&quot;134233279&quot;:true,&quot;201341983&quot;:0,&quot;335559739&quot;:160,&quot;335559740&quot;:240}\">\u00a0<\/span><\/p>\n","protected":false},"excerpt":{"rendered":"<p>Mar\u00eda del Rosario Juan Mendoza realiza su doctorado en el Departamento de Historia Contempor\u00e1nea de la Universidad del Pa\u00eds Vasco-Espa\u00f1a\u00a0<\/p>\n","protected":false},"author":1508,"featured_media":77443,"comment_status":"closed","ping_status":"closed","sticky":false,"template":"","format":"standard","meta":{"footnotes":""},"categories":[61],"tags":[],"class_list":["post-77442","post","type-post","status-publish","format-standard","has-post-thumbnail","hentry","category-banner"],"_links":{"self":[{"href":"https:\/\/www.uv.mx\/prensa\/wp-json\/wp\/v2\/posts\/77442","targetHints":{"allow":["GET"]}}],"collection":[{"href":"https:\/\/www.uv.mx\/prensa\/wp-json\/wp\/v2\/posts"}],"about":[{"href":"https:\/\/www.uv.mx\/prensa\/wp-json\/wp\/v2\/types\/post"}],"author":[{"embeddable":true,"href":"https:\/\/www.uv.mx\/prensa\/wp-json\/wp\/v2\/users\/1508"}],"replies":[{"embeddable":true,"href":"https:\/\/www.uv.mx\/prensa\/wp-json\/wp\/v2\/comments?post=77442"}],"version-history":[{"count":0,"href":"https:\/\/www.uv.mx\/prensa\/wp-json\/wp\/v2\/posts\/77442\/revisions"}],"wp:featuredmedia":[{"embeddable":true,"href":"https:\/\/www.uv.mx\/prensa\/wp-json\/wp\/v2\/media\/77443"}],"wp:attachment":[{"href":"https:\/\/www.uv.mx\/prensa\/wp-json\/wp\/v2\/media?parent=77442"}],"wp:term":[{"taxonomy":"category","embeddable":true,"href":"https:\/\/www.uv.mx\/prensa\/wp-json\/wp\/v2\/categories?post=77442"},{"taxonomy":"post_tag","embeddable":true,"href":"https:\/\/www.uv.mx\/prensa\/wp-json\/wp\/v2\/tags?post=77442"}],"curies":[{"name":"wp","href":"https:\/\/api.w.org\/{rel}","templated":true}]}}