{"id":77332,"date":"2019-11-27T17:15:21","date_gmt":"2019-11-27T23:15:21","guid":{"rendered":"https:\/\/www.uv.mx\/prensa\/?p=77332"},"modified":"2019-11-28T11:17:21","modified_gmt":"2019-11-28T17:17:21","slug":"escribir-un-cuento-mejor-forma-de-promover-las-ideas-ana-valderrama","status":"publish","type":"post","link":"https:\/\/www.uv.mx\/prensa\/eventos\/escribir-un-cuento-mejor-forma-de-promover-las-ideas-ana-valderrama\/","title":{"rendered":"Escribir un cuento, mejor forma de promover las ideas: Ana Valderrama\u00a0"},"content":{"rendered":"<ul>\n<li data-leveltext=\"\uf0b7\" data-font=\"Symbol\" data-listid=\"1\" data-aria-posinset=\"1\" data-aria-level=\"1\"><i><span data-contrast=\"auto\">En S\u00e1bados en la Ciencia<\/span><\/i><i><span data-contrast=\"auto\">, la escritora <\/span><\/i><i><span data-contrast=\"auto\">narrar\u00e1 por primera vez su cuento <\/span><\/i><span data-contrast=\"auto\">El s\u00faper poder de cambiar: Greta Thunberg<\/span><span data-ccp-props=\"{&quot;134233279&quot;:true,&quot;201341983&quot;:0,&quot;335559739&quot;:160,&quot;335559740&quot;:240}\">\u00a0<\/span><\/li>\n<li data-leveltext=\"\uf0b7\" data-font=\"Symbol\" data-listid=\"1\" data-aria-posinset=\"2\" data-aria-level=\"1\"><i><span data-contrast=\"auto\">La <\/span><\/i><i><span data-contrast=\"auto\">promotora<\/span><\/i><i><span data-contrast=\"auto\"> es titular del proyecto independiente de fomento a la lectura \u201cAves y moras\u201d<\/span><\/i><span data-ccp-props=\"{&quot;134233279&quot;:true,&quot;201341983&quot;:0,&quot;335559739&quot;:160,&quot;335559740&quot;:240}\"><br \/>\n<\/span><\/li>\n<\/ul>\n<div id=\"attachment_77335\" style=\"width: 732px\" class=\"wp-caption aligncenter\"><a href=\"https:\/\/www.uv.mx\/prensa\/files\/2019\/11\/271119-SABADOS-EN-LA-CIENCIA-1.jpg\"><img loading=\"lazy\" decoding=\"async\" aria-describedby=\"caption-attachment-77335\" class=\"size-full wp-image-77335\" src=\"https:\/\/www.uv.mx\/prensa\/files\/2019\/11\/271119-SABADOS-EN-LA-CIENCIA-1.jpg\" alt=\"\" width=\"722\" height=\"248\" srcset=\"https:\/\/www.uv.mx\/prensa\/files\/2019\/11\/271119-SABADOS-EN-LA-CIENCIA-1.jpg 722w, https:\/\/www.uv.mx\/prensa\/files\/2019\/11\/271119-SABADOS-EN-LA-CIENCIA-1-300x103.jpg 300w\" sizes=\"auto, (max-width: 722px) 100vw, 722px\" \/><\/a><p id=\"caption-attachment-77335\" class=\"wp-caption-text\">La cita es el 30 de noviembre, a las 11:00 horas, en el auditorio del MAX<\/p><\/div>\n<p><b><i><span data-contrast=\"auto\">Claudia Peralta V\u00e1zquez<\/span><\/i><\/b><span data-ccp-props=\"{&quot;201341983&quot;:0,&quot;335559739&quot;:160,&quot;335559740&quot;:240}\">\u00a0<\/span><\/p>\n<p><b><i><span data-contrast=\"auto\">27\/11\/2019, Xalapa, <\/span><\/i><\/b><b><i><span data-contrast=\"auto\">Ver.-<\/span><\/i><\/b> <span data-contrast=\"auto\">Ana Valderrama, titular del proyecto independiente de fomento a la lectura \u201cAves y moras\u201d, escribi\u00f3 el cuento <\/span><i><span data-contrast=\"auto\">El s\u00faper poder de cambiar: Greta Thunberg, <\/span><\/i><span data-contrast=\"auto\">que por primera vez narrar\u00e1 dentro del programa S\u00e1bados en la Ciencia, este 30 de noviembre, a las 11:00 horas, en el <a href=\"https:\/\/www.uv.mx\/max\/\" target=\"_blank\" rel=\"noopener noreferrer\">Museo de Antropolog\u00eda<\/a> de Xalapa (MAX).<\/span><span data-ccp-props=\"{&quot;201341983&quot;:0,&quot;335559739&quot;:160,&quot;335559740&quot;:240}\">\u00a0<\/span><\/p>\n<p><span data-contrast=\"auto\">La <\/span><span data-contrast=\"auto\">escritora y promotora de lectura<\/span><span data-contrast=\"auto\"> considera que un cuento es la me<\/span><span data-contrast=\"auto\">jor forma de promover las ideas. Por<\/span><span data-contrast=\"auto\"> ello, a invitaci\u00f3n de la Direcci\u00f3<\/span><span data-contrast=\"auto\">n de Comunicaci\u00f3n de la Ciencia<\/span><span data-contrast=\"auto\"> de la Universidad Veracruzana (UV), cre\u00f3 esta obra que habla sobre la vida de Greta <\/span><span data-contrast=\"auto\">Thunberg<\/span><span data-contrast=\"auto\">, activista medioambiental de origen sueco, quien ha liderado manifestaciones para exigir m\u00e1s acciones en torno al cambio clim\u00e1tico.<\/span><span data-ccp-props=\"{&quot;201341983&quot;:0,&quot;335559739&quot;:160,&quot;335559740&quot;:240}\">\u00a0<\/span><\/p>\n<p><span data-contrast=\"auto\">Por su forma de dirigirse hacia los l\u00edderes en asambleas pol\u00edticas, la revista <\/span><i><span data-contrast=\"auto\">Time<\/span><\/i><span data-contrast=\"auto\"> la nombr\u00f3 l\u00edder de la pr\u00f3xima generaci\u00f3n<\/span><span data-contrast=\"auto\"> y modelo a seguir por muchos ni\u00f1os y j\u00f3venes.<\/span><span data-ccp-props=\"{&quot;201341983&quot;:0,&quot;335559739&quot;:160,&quot;335559740&quot;:240}\">\u00a0<\/span><\/p>\n<p><span data-contrast=\"auto\">En este sentido, dentro de la<\/span><span data-contrast=\"auto\"> \u00faltima <\/span><span data-contrast=\"auto\">charla<\/span><span data-contrast=\"auto\">&#8211;<\/span><span data-contrast=\"auto\">taller del segundo periodo de 2019<\/span><span data-contrast=\"auto\">, Ana Valderrama destacar\u00e1 las propuestas<\/span><span data-contrast=\"auto\"> de esta joven activista, <\/span><span data-contrast=\"auto\">centradas en un acercamiento hacia los cient\u00edficos locales.<\/span><span data-ccp-props=\"{&quot;201341983&quot;:0,&quot;335559739&quot;:160,&quot;335559740&quot;:240}\">\u00a0<\/span><\/p>\n<p><span data-contrast=\"auto\">\u201cElla pide que <\/span><span data-contrast=\"auto\">descubramos qui\u00e9<\/span><span data-contrast=\"auto\">nes son los que est\u00e1n salvando las lagunas, los<\/span><span data-contrast=\"auto\"> r\u00edos, los monos y escarabajos.\u201d<\/span><span data-ccp-props=\"{&quot;201341983&quot;:0,&quot;335559739&quot;:160,&quot;335559740&quot;:240}\">\u00a0<\/span><\/p>\n<p><span data-contrast=\"auto\">Coment\u00f3 que m\u00e1s que un cuento de divulgaci\u00f3n de la ciencia, lo que busca<\/span> <span data-contrast=\"auto\">es visualizar a los activistas clim\u00e1ticos.<\/span><span data-ccp-props=\"{&quot;201341983&quot;:0,&quot;335559739&quot;:160,&quot;335559740&quot;:240}\">\u00a0<\/span><\/p>\n<p><span data-contrast=\"auto\">El trabajo de Ana Valderrama tambi\u00e9n<\/span><span data-contrast=\"auto\"> destaca por promover diversas actividades relacionadas con la divulgaci\u00f3n de la ciencia<\/span><span data-contrast=\"auto\">,<\/span><span data-contrast=\"auto\"> derechos humanos y de muchas otras tem\u00e1ticas.<\/span><span data-ccp-props=\"{&quot;201341983&quot;:0,&quot;335559731&quot;:708,&quot;335559739&quot;:160,&quot;335559740&quot;:240}\">\u00a0<\/span><\/p>\n<p><span data-contrast=\"auto\">Al hacer una invitaci\u00f3n a la poblaci\u00f3n en general para que asista a <\/span><span data-contrast=\"auto\">S\u00e1bados<\/span><span data-contrast=\"auto\"> en la Ciencia, expres\u00f3 que es una oportunidad de <\/span><span data-contrast=\"auto\">apro<\/span><span data-contrast=\"auto\">piarse del MAX de forma l\u00fadica y dejarse apapachar por las palabras.<\/span><\/p>\n","protected":false},"excerpt":{"rendered":"<p>En S\u00e1bados en la Ciencia, la escritora narrar\u00e1 por primera vez su cuento <em>El s\u00faper poder de cambiar: Greta Thunberg<\/em>\u00a0<\/p>\n","protected":false},"author":1869,"featured_media":77335,"comment_status":"closed","ping_status":"closed","sticky":false,"template":"","format":"standard","meta":{"footnotes":""},"categories":[47],"tags":[],"class_list":["post-77332","post","type-post","status-publish","format-standard","has-post-thumbnail","hentry","category-eventos"],"_links":{"self":[{"href":"https:\/\/www.uv.mx\/prensa\/wp-json\/wp\/v2\/posts\/77332","targetHints":{"allow":["GET"]}}],"collection":[{"href":"https:\/\/www.uv.mx\/prensa\/wp-json\/wp\/v2\/posts"}],"about":[{"href":"https:\/\/www.uv.mx\/prensa\/wp-json\/wp\/v2\/types\/post"}],"author":[{"embeddable":true,"href":"https:\/\/www.uv.mx\/prensa\/wp-json\/wp\/v2\/users\/1869"}],"replies":[{"embeddable":true,"href":"https:\/\/www.uv.mx\/prensa\/wp-json\/wp\/v2\/comments?post=77332"}],"version-history":[{"count":0,"href":"https:\/\/www.uv.mx\/prensa\/wp-json\/wp\/v2\/posts\/77332\/revisions"}],"wp:featuredmedia":[{"embeddable":true,"href":"https:\/\/www.uv.mx\/prensa\/wp-json\/wp\/v2\/media\/77335"}],"wp:attachment":[{"href":"https:\/\/www.uv.mx\/prensa\/wp-json\/wp\/v2\/media?parent=77332"}],"wp:term":[{"taxonomy":"category","embeddable":true,"href":"https:\/\/www.uv.mx\/prensa\/wp-json\/wp\/v2\/categories?post=77332"},{"taxonomy":"post_tag","embeddable":true,"href":"https:\/\/www.uv.mx\/prensa\/wp-json\/wp\/v2\/tags?post=77332"}],"curies":[{"name":"wp","href":"https:\/\/api.w.org\/{rel}","templated":true}]}}