{"id":77244,"date":"2019-11-26T19:50:22","date_gmt":"2019-11-27T01:50:22","guid":{"rendered":"https:\/\/www.uv.mx\/prensa\/?p=77244"},"modified":"2019-11-26T19:50:22","modified_gmt":"2019-11-27T01:50:22","slug":"concluye-ciclo-de-cine-dedicado-a-los-hermanos-coen","status":"publish","type":"post","link":"https:\/\/www.uv.mx\/prensa\/cultura\/concluye-ciclo-de-cine-dedicado-a-los-hermanos-coen\/","title":{"rendered":"Concluye ciclo de cine dedicado a los hermanos Coen"},"content":{"rendered":"<ul>\n<li data-leveltext=\"\uf0b7\" data-font=\"Symbol\" data-listid=\"1\" data-aria-posinset=\"1\" data-aria-level=\"1\"><i><span data-contrast=\"auto\">El mi\u00e9rcoles 27<\/span><\/i><i><span data-contrast=\"auto\">,<\/span><\/i><i><span data-contrast=\"auto\"> con <\/span><\/i>Qu\u00e9mese despu\u00e9s de leerse<i><span data-contrast=\"auto\">, <\/span><\/i><i><span data-contrast=\"auto\">a las 18:00 horas, en el Aula Clavijero<\/span><\/i><span data-ccp-props=\"{&quot;134233279&quot;:true,&quot;201341983&quot;:0,&quot;335559739&quot;:160,&quot;335559740&quot;:240}\">\u00a0<\/span><\/li>\n<\/ul>\n<div id=\"attachment_77213\" style=\"width: 478px\" class=\"wp-caption aligncenter\"><a href=\"https:\/\/www.uv.mx\/prensa\/files\/2019\/11\/cartel-cohen.jpg\"><img loading=\"lazy\" decoding=\"async\" aria-describedby=\"caption-attachment-77213\" class=\"wp-image-77213 size-full\" src=\"https:\/\/www.uv.mx\/prensa\/files\/2019\/11\/cartel-cohen-e1574819314516.jpg\" alt=\"\" width=\"468\" height=\"722\" \/><\/a><p id=\"caption-attachment-77213\" class=\"wp-caption-text\">El 27 de noviembre concluye el ciclo <span data-contrast=\"auto\">organizado por el <\/span><span data-contrast=\"auto\">Departamento de Cinematograf\u00eda de la UV<\/span><\/p><\/div>\n<p><b><i><span data-contrast=\"auto\">26\/11\/2019, Xalapa, <\/span><\/i><\/b><b><i><span data-contrast=\"auto\">Ver.-<\/span><\/i><\/b> <span data-contrast=\"auto\">El ciclo <\/span><i><span data-contrast=\"auto\">Una pantalla para dos hermanos<\/span><\/i><i><span data-contrast=\"auto\">, <\/span><\/i><span data-contrast=\"auto\">dedicado a dos de los creadores m\u00e1s originales del cine actual<\/span><span data-contrast=\"auto\">,<\/span><span data-contrast=\"auto\"> Joel y Ethan <\/span><span data-contrast=\"auto\">Coen<\/span><span data-contrast=\"auto\">,<\/span><span data-contrast=\"auto\"> y organizado por el <\/span><span data-contrast=\"auto\">Departamento de Cinematograf\u00eda de la Universidad Veracruzana<\/span><span data-contrast=\"auto\">, concluir\u00e1\u00a0 este mi\u00e9rcoles 27 con la proyecci\u00f3n de <\/span><i><span data-contrast=\"auto\">Qu\u00e9mese despu\u00e9s de leerse<\/span><\/i><span data-contrast=\"auto\">, a las 18:00 horas, en el Aula Clavijero.<\/span><span data-ccp-props=\"{&quot;201341983&quot;:0,&quot;335559739&quot;:160,&quot;335559740&quot;:240}\">\u00a0<\/span><\/p>\n<p><span data-contrast=\"auto\">N<\/span><span data-contrast=\"auto\">acidos en Minneapolis en 1954 y 1957, respectivamente, <\/span><span data-contrast=\"auto\">lo<\/span><span data-contrast=\"auto\">s<\/span><span data-contrast=\"auto\"> hermanos Coen s<\/span><span data-contrast=\"auto\">on una mancuerna efectiva en el dise\u00f1o de las historias y la direcci\u00f3n de pel\u00edculas, coloc\u00e1ndose en los \u00faltimos a\u00f1os en la pasarela de los festivales internacionales con obras portentosas como <\/span><i><span data-contrast=\"auto\">Fargo<\/span><\/i><span data-contrast=\"auto\"> (1996) y <\/span><i><span data-contrast=\"auto\">El hombre que nunca estuvo all\u00ed<\/span><\/i><span data-contrast=\"auto\"> (2001), por mencionar dos de las cintas del ciclo.<\/span><span data-ccp-props=\"{&quot;201341983&quot;:0,&quot;335559731&quot;:708,&quot;335559739&quot;:160,&quot;335559740&quot;:240}\">\u00a0<\/span><\/p>\n<p><span data-contrast=\"auto\">De gr<\/span><span data-contrast=\"auto\">an agudeza tem\u00e1tica y <\/span><span data-contrast=\"auto\">conciencia de la remoci\u00f3n de alguno<\/span><span data-contrast=\"auto\">s resortes gen\u00e9ricos, de manera <\/span><span data-contrast=\"auto\">implacable<\/span><span data-contrast=\"auto\"> algunas veces<\/span><span data-contrast=\"auto\">,<\/span><span data-contrast=\"auto\"> los hermanos <\/span><span data-contrast=\"auto\">Coen<\/span> <span data-contrast=\"auto\">abordan con peculiaridad el <\/span><span data-contrast=\"auto\">comportamiento y la mentalidad de la sociedad estadounidense en <\/span><span data-contrast=\"auto\">ciertos momentos de su historia, a trav\u00e9s de personajes tocado<\/span><span data-contrast=\"auto\">s por un humor corrosivo de gran negrura<\/span><span data-contrast=\"auto\">.<\/span><span data-ccp-props=\"{&quot;201341983&quot;:0,&quot;335559731&quot;:708,&quot;335559739&quot;:160,&quot;335559740&quot;:240}\">\u00a0<\/span><\/p>\n<p><span data-contrast=\"auto\">Para culminar este repaso por su cinematograf\u00eda, ma\u00f1ana<\/span><span data-contrast=\"auto\"> mi\u00e9rcoles <\/span><span data-contrast=\"auto\">se proyectar\u00e1 <\/span><i><span data-contrast=\"auto\">Qu\u00e9mese despu\u00e9s de leerse<\/span><\/i><span data-contrast=\"auto\"> (<\/span><i><span data-contrast=\"auto\">Burn<\/span><\/i><i><span data-contrast=\"auto\"> After Reading<\/span><\/i><span data-contrast=\"auto\">, Estados Unidos, 2008), pel\u00edcula disparatada en cuanto al manejo que supone el sustrato informativo de una instituci\u00f3n como la CIA. Inspirada en una novela de uno de los miembros de este organismo estadounidense, la an\u00e9cdota nos remite al agente de la CIA Ozzie Cox (John <\/span><span data-contrast=\"auto\">Malkovich<\/span><span data-contrast=\"auto\">), quien escribe sus memorias que llegan a manos de otra gente. Si bien la CIA interviene ante la gravedad del asunto, las cosas se complican cuando uno de los chantajistas conoce al amante de la esposa del agente.<\/span><span data-ccp-props=\"{&quot;201341983&quot;:0,&quot;335559731&quot;:708,&quot;335559739&quot;:160,&quot;335559740&quot;:240}\">\u00a0<\/span><\/p>\n<p><span data-contrast=\"auto\">Cierta cr\u00edtica ha reparado que <\/span><i><span data-contrast=\"auto\">Qu\u00e9mese despu\u00e9s de leerse<\/span><\/i> <span data-contrast=\"auto\">no es lo mejor de los <\/span><span data-contrast=\"auto\">Coen<\/span><span data-contrast=\"auto\">;<\/span> <span data-contrast=\"auto\">s<\/span><span data-contrast=\"auto\">in embargo, el sedimento agridulce plasmado en toda la cinta <\/span><span data-contrast=\"auto\">deriva en <\/span><span data-contrast=\"auto\">una visi\u00f3n devastadora de los sistemas de inteligencia estadounidense. <\/span><span data-contrast=\"auto\">Al<\/span><span data-contrast=\"auto\"> tratamiento de<\/span><i><span data-contrast=\"auto\"> thriller<\/span><\/i> <span data-contrast=\"auto\">tan bien planteado<\/span><span data-contrast=\"auto\"> por<\/span> <span data-contrast=\"auto\">los hermanos <\/span><span data-contrast=\"auto\">Coen<\/span><span data-contrast=\"auto\">, <\/span><span data-contrast=\"auto\">habr\u00eda que agregar la <\/span><span data-contrast=\"auto\">actuaci\u00f3n<\/span> <span data-contrast=\"auto\">desaforada de Brad Pitt, quien prob\u00f3 aqu\u00ed su enorme capacidad histri\u00f3nica<\/span><span data-contrast=\"auto\"> en la veta humor\u00edstica<\/span><span data-contrast=\"auto\">.<\/span><span data-ccp-props=\"{&quot;201341983&quot;:0,&quot;335559731&quot;:708,&quot;335559739&quot;:160,&quot;335559740&quot;:240}\">\u00a0<\/span><\/p>\n<p><i><span data-contrast=\"auto\">Qu\u00e9mese despu\u00e9s de leerse<\/span><\/i><span data-contrast=\"auto\"> podr\u00e1 verse a las 18:00 horas en el Aula Clavijero, ubicada en Ju\u00e1rez n\u00famero 55, de la ciudad de Xalapa. La entrada es gratuita.<\/span><span data-ccp-props=\"{&quot;201341983&quot;:0,&quot;335559731&quot;:708,&quot;335559739&quot;:160,&quot;335559740&quot;:240}\">\u00a0<\/span><\/p>\n","protected":false},"excerpt":{"rendered":"<p><em>Qu\u00e9mese despu\u00e9s de leerse<\/em> podr\u00e1 verse a las 18:00 horas en el Aula Clavijero, ubicada en Ju\u00e1rez n\u00famero 55. La entrada es gratuita<\/p>\n","protected":false},"author":1508,"featured_media":77213,"comment_status":"closed","ping_status":"closed","sticky":false,"template":"","format":"standard","meta":{"footnotes":""},"categories":[11,47],"tags":[],"class_list":["post-77244","post","type-post","status-publish","format-standard","has-post-thumbnail","hentry","category-cultura","category-eventos"],"_links":{"self":[{"href":"https:\/\/www.uv.mx\/prensa\/wp-json\/wp\/v2\/posts\/77244","targetHints":{"allow":["GET"]}}],"collection":[{"href":"https:\/\/www.uv.mx\/prensa\/wp-json\/wp\/v2\/posts"}],"about":[{"href":"https:\/\/www.uv.mx\/prensa\/wp-json\/wp\/v2\/types\/post"}],"author":[{"embeddable":true,"href":"https:\/\/www.uv.mx\/prensa\/wp-json\/wp\/v2\/users\/1508"}],"replies":[{"embeddable":true,"href":"https:\/\/www.uv.mx\/prensa\/wp-json\/wp\/v2\/comments?post=77244"}],"version-history":[{"count":0,"href":"https:\/\/www.uv.mx\/prensa\/wp-json\/wp\/v2\/posts\/77244\/revisions"}],"wp:featuredmedia":[{"embeddable":true,"href":"https:\/\/www.uv.mx\/prensa\/wp-json\/wp\/v2\/media\/77213"}],"wp:attachment":[{"href":"https:\/\/www.uv.mx\/prensa\/wp-json\/wp\/v2\/media?parent=77244"}],"wp:term":[{"taxonomy":"category","embeddable":true,"href":"https:\/\/www.uv.mx\/prensa\/wp-json\/wp\/v2\/categories?post=77244"},{"taxonomy":"post_tag","embeddable":true,"href":"https:\/\/www.uv.mx\/prensa\/wp-json\/wp\/v2\/tags?post=77244"}],"curies":[{"name":"wp","href":"https:\/\/api.w.org\/{rel}","templated":true}]}}