{"id":77176,"date":"2019-11-25T20:01:17","date_gmt":"2019-11-26T02:01:17","guid":{"rendered":"https:\/\/www.uv.mx\/prensa\/?p=77176"},"modified":"2019-11-27T10:43:17","modified_gmt":"2019-11-27T16:43:17","slug":"en-la-uv-queremos-una-sociedad-sin-lugar-para-la-violencia-de-genero-rectora","status":"publish","type":"post","link":"https:\/\/www.uv.mx\/prensa\/regiones\/poza-rica\/en-la-uv-queremos-una-sociedad-sin-lugar-para-la-violencia-de-genero-rectora\/","title":{"rendered":"En la UV queremos una sociedad sin lugar para la violencia de g\u00e9nero: Rectora"},"content":{"rendered":"<ul>\n<li data-leveltext=\"\uf0b7\" data-font=\"Symbol\" data-listid=\"1\" data-aria-posinset=\"1\" data-aria-level=\"1\"><i><span data-contrast=\"auto\">Se dieron a conocer avances del Protocolo para Atender la Violencia de G\u00e9nero en la UV<\/span><\/i><span data-ccp-props=\"{&quot;134233279&quot;:true}\">\u00a0<\/span><\/li>\n<li data-leveltext=\"\uf0b7\" data-font=\"Symbol\" data-listid=\"1\" data-aria-posinset=\"2\" data-aria-level=\"1\"><i><span data-contrast=\"auto\">Ser\u00e1 <\/span><\/i><i><span data-contrast=\"auto\">presentado en<\/span><\/i><i><span data-contrast=\"auto\"> el<\/span><\/i><i><span data-contrast=\"auto\"> Consejo Universitario y enseguida puesto a consulta y enriquecimiento de la comunidad universitaria\u00a0<\/span><\/i><span data-ccp-props=\"{&quot;134233279&quot;:true}\">\u00a0<\/span><\/li>\n<\/ul>\n<div id=\"attachment_77178\" style=\"width: 732px\" class=\"wp-caption aligncenter\"><a href=\"https:\/\/www.uv.mx\/prensa\/files\/2019\/11\/251119-Foto-1-SLDG.jpg\"><img loading=\"lazy\" decoding=\"async\" aria-describedby=\"caption-attachment-77178\" class=\"wp-image-77178 size-full\" src=\"https:\/\/www.uv.mx\/prensa\/files\/2019\/11\/251119-Foto-1-SLDG.jpg\" alt=\"\" width=\"722\" height=\"481\" srcset=\"https:\/\/www.uv.mx\/prensa\/files\/2019\/11\/251119-Foto-1-SLDG.jpg 722w, https:\/\/www.uv.mx\/prensa\/files\/2019\/11\/251119-Foto-1-SLDG-300x200.jpg 300w\" sizes=\"auto, (max-width: 722px) 100vw, 722px\" \/><\/a><p id=\"caption-attachment-77178\" class=\"wp-caption-text\">\u201cEn la UV queremos construir una sociedad sin lugar para la violencia de g\u00e9nero\u201d: Sara Ladr\u00f3n de Guevara<\/p><\/div>\n<p><b><i><span data-contrast=\"auto\">David Sandoval, Edgar Onofre\u00a0<\/span><\/i><\/b><span data-ccp-props=\"{}\">\u00a0<\/span><\/p>\n<p><b><i><span data-contrast=\"auto\">25\/11\/2019, Poza Rica de <\/span><\/i><\/b><b><i><span data-contrast=\"auto\">Hgo, Ver<\/span><\/i><\/b><b><i><span data-contrast=\"auto\">.-<\/span><\/i><\/b><span data-contrast=\"auto\"> La rectora de la <a href=\"https:\/\/www.uv.mx\/\" target=\"_blank\" rel=\"noopener noreferrer\">Universidad Veracruzana<\/a> (UV), Sara Ladr\u00f3n de Guevara, reafirm\u00f3 hoy la postura institucional de esta casa de estudios en contra del acoso y el hostigamiento<\/span><span data-contrast=\"auto\">.<\/span><span data-ccp-props=\"{}\">\u00a0<\/span><\/p>\n<p><span data-contrast=\"auto\">\u00a0E<\/span><span data-contrast=\"auto\">n el marco de la presentaci\u00f3n de avances del Protocolo para Atender la Violencia de G\u00e9nero se\u00f1al\u00f3: \u201cQueremos atender los casos, queremos tener un camino para atenderlos pero lo que en realidad queremos es que no ocurran. En la UV queremos construir una sociedad sin lugar para la violencia de g\u00e9nero\u201d.<\/span><span data-ccp-props=\"{&quot;335559731&quot;:708}\">\u00a0<\/span><\/p>\n<p><span data-contrast=\"auto\">A prop\u00f3sito del <\/span><span data-contrast=\"auto\">D\u00eda Internacional de la Eliminaci\u00f3n de la Violencia contra la Mujer, autoridades universitarias encabezadas por la Rectora <\/span><span data-contrast=\"auto\">mostraron los<\/span><span data-contrast=\"auto\"> avances del protocolo referido, el cual ser\u00e1 presentado ante el Consejo Universitario General (CUG) el 09 de diciembre para<\/span><span data-contrast=\"auto\"> enseguida ser sometido a consulta y enriquecimiento de la comunidad universitaria.\u00a0<\/span><span data-ccp-props=\"{&quot;335559731&quot;:708}\">\u00a0<\/span><\/p>\n<p><span data-contrast=\"auto\">El protocolo, <\/span><span data-contrast=\"auto\">en suma, <\/span><span data-contrast=\"auto\">otorga claridad y ruta<\/span><span data-contrast=\"auto\"> respecto de los procesos y los responsables de atender acoso, hostigamiento y otras formas de violencia de g\u00e9nero al interior de la Universidad.<\/span><span data-ccp-props=\"{&quot;335559731&quot;:708}\">\u00a0<\/span><\/p>\n<p><span data-contrast=\"auto\">Sara Ladr\u00f3n de Guevara destac\u00f3 que el protocolo es un esfuerzo de numerosas entidades acad\u00e9micas y administrativas en las cinco regiones universitarias y conlleva la intenci\u00f3n de abatir la violencia de g\u00e9nero.\u00a0<\/span><span data-ccp-props=\"{&quot;335559731&quot;:708}\">\u00a0<\/span><\/p>\n<p><span data-contrast=\"auto\">Por su parte, el Abogado General de la Universidad, Alberto Islas Reyes, se\u00f1al\u00f3 que con el desarrollo del protocolo la Universidad reafirma su compromiso a favor de los derechos de las mujeres y se\u00f1al\u00f3 que la violencia de g\u00e9nero es un obst\u00e1culo para las libertades fundamentales.\u00a0<\/span><span data-ccp-props=\"{&quot;335559731&quot;:708}\">\u00a0<\/span><\/p>\n<p><span data-contrast=\"auto\">Islas Reyes explic\u00f3 que el documento es producto de un trabajo de consulta, reflexi\u00f3n, foros de discusi\u00f3n y otros espacios desde los <\/span><span data-contrast=\"auto\">que emanaron las propuestas. Consider\u00f3, asimismo, que la conformaci\u00f3n del protoclo representa una gran oportunidad para tender puentes hacia la sociedad y los gobiernos y, en suma, devuelve a las mujeres el poder de retomar el papel que les corresponde como sujetos de pleno derecho.<\/span><span data-ccp-props=\"{&quot;335559731&quot;:708}\">\u00a0<\/span><\/p>\n<p><span data-contrast=\"auto\">Beatriz Rodr\u00edguez Villafuerte, coordinadora de la Unidad de G\u00e9nero de la UV, precis\u00f3 que esta es una primera versi\u00f3n <\/span><span data-contrast=\"auto\">del protocolo <\/span><span data-contrast=\"auto\">sobre la que, a lo largo del primer cuatrimestre del 2020<\/span><span data-contrast=\"auto\">,<\/span><span data-contrast=\"auto\"> \u201cse realizar\u00e1 una amplia consulta a trav\u00e9s de talleres y reuniones de trabajo en las cinco regiones universitarias que nos permitan socializarlo y recibir retroalimentaci\u00f3n\u201d.<\/span><span data-ccp-props=\"{&quot;335559731&quot;:708}\">\u00a0<\/span><\/p>\n<div id='gallery-1' class='gallery galleryid-77176 gallery-columns-2 gallery-size-full'><dl class='gallery-item'>\n\t\t\t<dt class='gallery-icon landscape'>\n\t\t\t\t<a href='https:\/\/www.uv.mx\/prensa\/files\/2019\/11\/251119-foto2_abogado.jpg'><img loading=\"lazy\" decoding=\"async\" width=\"722\" height=\"482\" src=\"https:\/\/www.uv.mx\/prensa\/files\/2019\/11\/251119-foto2_abogado.jpg\" class=\"attachment-full size-full\" alt=\"\" aria-describedby=\"gallery-1-77171\" srcset=\"https:\/\/www.uv.mx\/prensa\/files\/2019\/11\/251119-foto2_abogado.jpg 722w, https:\/\/www.uv.mx\/prensa\/files\/2019\/11\/251119-foto2_abogado-300x200.jpg 300w\" sizes=\"auto, (max-width: 722px) 100vw, 722px\" \/><\/a>\n\t\t\t<\/dt>\n\t\t\t\t<dd class='wp-caption-text gallery-caption' id='gallery-1-77171'>\n\t\t\t\t\u201cLa violencia de g\u00e9nero es un obst\u00e1culo para las libertades fundamentales\u201d: Alberto Islas Reyes, abogado General de la UV\n\t\t\t\t<\/dd><\/dl><dl class='gallery-item'>\n\t\t\t<dt class='gallery-icon landscape'>\n\t\t\t\t<a href='https:\/\/www.uv.mx\/prensa\/files\/2019\/11\/251119-foto3_beatriz.jpg'><img loading=\"lazy\" decoding=\"async\" width=\"722\" height=\"482\" src=\"https:\/\/www.uv.mx\/prensa\/files\/2019\/11\/251119-foto3_beatriz.jpg\" class=\"attachment-full size-full\" alt=\"\" aria-describedby=\"gallery-1-77172\" srcset=\"https:\/\/www.uv.mx\/prensa\/files\/2019\/11\/251119-foto3_beatriz.jpg 722w, https:\/\/www.uv.mx\/prensa\/files\/2019\/11\/251119-foto3_beatriz-300x200.jpg 300w\" sizes=\"auto, (max-width: 722px) 100vw, 722px\" \/><\/a>\n\t\t\t<\/dt>\n\t\t\t\t<dd class='wp-caption-text gallery-caption' id='gallery-1-77172'>\n\t\t\t\t\u201cSe realizar\u00e1 una amplia consulta a trav\u00e9s de talleres y reuniones de trabajo en las cinco regiones universitarias\u201d: Beatriz Rodr\u00edguez Villafuerte, coordinadora de la Unidad de G\u00e9nero de la UV\n\t\t\t\t<\/dd><\/dl><br style=\"clear: both\" \/>\n\t\t<\/div>\n\n<p><span data-contrast=\"auto\">El documento<\/span><span data-contrast=\"auto\">, dijo, <\/span><span data-contrast=\"auto\">\u201ces el resultado de un arduo proceso de trabajo en el que participaron distintas instancias y dependencias, sobre todo la asesor\u00eda y acompa\u00f1amiento de la oficina del Abogado General y <\/span><span data-contrast=\"auto\">de <\/span><span data-contrast=\"auto\">la Defensor\u00eda de los Derechos de los Universitarios como de la Secretar\u00eda de Administraci\u00f3n y Finanzas\u201d, puntualiz\u00f3.<\/span><span data-ccp-props=\"{&quot;335559731&quot;:708}\">\u00a0<\/span><\/p>\n<p><span data-contrast=\"auto\">El documento consta de tres partes en las que se tratan las acciones previas a la formalizaci\u00f3n de la queja, las medidas de protecci\u00f3n, los requisitos para presentar una queja, ante qui\u00e9n se debe presentar <\/span><span data-contrast=\"auto\">(<\/span><span data-contrast=\"auto\">la queja<\/span><span data-contrast=\"auto\">)<\/span><span data-contrast=\"auto\">, los criterios para evaluar el caso en el \u00e1mbito personal, en el \u00e1mbito espacial y en el \u00e1mbito temporal.<\/span> <span data-contrast=\"auto\">La segunda parte contempla la formalizaci\u00f3n de la queja de manera escrita y firmada as\u00ed como algunas consideraciones de observancia general.<\/span><span data-ccp-props=\"{&quot;335559731&quot;:708}\">\u00a0<\/span><\/p>\n<p><span data-contrast=\"auto\">En la tercera parte se tratan las acciones posteriores a la conclusi\u00f3n del procedimiento con observancia de la perspectiva de g\u00e9nero y engloba \u201cestrategias de cumplimiento y medidas que buscan cambios conductuales como la garant\u00eda de no repetici\u00f3n\u201d.<\/span><span data-ccp-props=\"{&quot;335559731&quot;:708}\">\u00a0<\/span><\/p>\n<p><span data-contrast=\"auto\">Por su parte, Jos\u00e9 Luis Alan\u00eds M\u00e9ndez, vicerrector de la regi\u00f3n Poza Rica-Tuxpan, dijo que este documento busca erradicar las pr\u00e1cticas de violencia y \u201cbusca instaurar en la Universidad relaciones sociales democr\u00e1ticas de respeto a la diferencia y a la valoraci\u00f3n de la diversidad\u201d.<\/span><span data-ccp-props=\"{}\">\u00a0<\/span><\/p>\n<p><span data-contrast=\"auto\">Norma Arango Gibb, directora del Instituto Municipal de las Mujeres (IMM) en esta ciudad salud\u00f3 los esfuerzos de la comunidad universitaria, y en espec\u00edfico los de la administraci\u00f3n encabezada por Sara Ladr\u00f3n de Guevara, para desarrollar el instrumento, se\u00f1al\u00f3 que la erradicaci\u00f3n de la violencia de g\u00e9nero no es un asunto exclusivo de las mujeres sino de todos los ciudadanos y todos los universitarios y aplaudi\u00f3 a la Universidad \u201cpor la humildad al aceptar que existe la violencia al interior de sus aulas\u201d.<\/span><span data-contrast=\"auto\">\u00a0<\/span><span data-ccp-props=\"{&quot;335559731&quot;:708}\">\u00a0<\/span><\/p>\n<p><span data-contrast=\"auto\">Griselda Garc\u00eda Garc\u00eda, enlace de la Unidad de G\u00e9nero en la regi\u00f3n, afirm\u00f3 que \u201cel compromiso que se asume en la Unidad, al poner en consideraci\u00f3n este protocolo justamente busca un di\u00e1logo y una relaci\u00f3n horizontal en donde todos podemos participar\u201d.\u00a0<\/span><span data-ccp-props=\"{&quot;335559731&quot;:708}\">\u00a0<\/span><\/p>\n<p><span data-contrast=\"auto\">Entre las autoridades presentes destacan:<\/span><span data-contrast=\"auto\"> Magdalena Hern\u00e1ndez Alarc\u00f3n, secretaria Acad\u00e9mica; Salvador Tapia Spinoso, secretario de Administraci\u00f3n y Finanzas; Octavio Ochoa Contreras, secretario de Desarrollo Institucional; Enrique Ram\u00edrez <\/span><span data-contrast=\"auto\">Nazariega<\/span><span data-contrast=\"auto\">, Presidente en turno de la Junta de Gobierno as\u00ed como los directores generales de las \u00c1reas Acad\u00e9micas y los vicerrectores Carlos <\/span><span data-contrast=\"auto\">Lamothe<\/span><span data-contrast=\"auto\"> Zavaleta, de la regi\u00f3n Coatzacoalcos-Minatitl\u00e1n; Jos\u00e9 Eduardo Mart\u00ednez Canales, Vicerrector de la regi\u00f3n Orizaba-C\u00f3rdoba y Alfonso P\u00e9rez Morales, Vicerrector de la regi\u00f3n Veracruz.<\/span><span data-ccp-props=\"{&quot;335559731&quot;:708}\">\u00a0<\/span><\/p>\n<p><span data-contrast=\"auto\">Como invitadas especiales acudieron Nora Hilda Liahut Franco, Fiscal del S\u00e9ptimo Distrito Judicial en Poza Rica de la Fiscal\u00eda General del Estado (FGE); Elda Garc\u00eda Mart\u00ednez, presidenta del DIF del Ayuntamiento de Tuxpan, y Mar\u00eda de los \u00c1ngeles Villa de Rodr\u00edguez, presidenta de la Cruz Roja de Poza Rica.<\/span><\/p>\n<div id='gallery-2' class='gallery galleryid-77176 gallery-columns-3 gallery-size-full'><dl class='gallery-item'>\n\t\t\t<dt class='gallery-icon landscape'>\n\t\t\t\t<a href='https:\/\/www.uv.mx\/prensa\/files\/2019\/11\/251119-foto4_griseldagarcia.jpg'><img loading=\"lazy\" decoding=\"async\" width=\"722\" height=\"481\" src=\"https:\/\/www.uv.mx\/prensa\/files\/2019\/11\/251119-foto4_griseldagarcia.jpg\" class=\"attachment-full size-full\" alt=\"\" aria-describedby=\"gallery-2-77173\" srcset=\"https:\/\/www.uv.mx\/prensa\/files\/2019\/11\/251119-foto4_griseldagarcia.jpg 722w, https:\/\/www.uv.mx\/prensa\/files\/2019\/11\/251119-foto4_griseldagarcia-300x200.jpg 300w\" sizes=\"auto, (max-width: 722px) 100vw, 722px\" \/><\/a>\n\t\t\t<\/dt>\n\t\t\t\t<dd class='wp-caption-text gallery-caption' id='gallery-2-77173'>\n\t\t\t\tGriselda Garc\u00eda Garc\u00eda, enlace de la Unidad de G\u00e9nero en la regi\u00f3n Poza Rica-Tuxpan, comprometi\u00f3 su esfuerzo para consumar el protocolo\n\t\t\t\t<\/dd><\/dl><dl class='gallery-item'>\n\t\t\t<dt class='gallery-icon landscape'>\n\t\t\t\t<a href='https:\/\/www.uv.mx\/prensa\/files\/2019\/11\/251119-foto6_norma_arango_gibb.jpg'><img loading=\"lazy\" decoding=\"async\" width=\"722\" height=\"481\" src=\"https:\/\/www.uv.mx\/prensa\/files\/2019\/11\/251119-foto6_norma_arango_gibb.jpg\" class=\"attachment-full size-full\" alt=\"\" aria-describedby=\"gallery-2-77175\" srcset=\"https:\/\/www.uv.mx\/prensa\/files\/2019\/11\/251119-foto6_norma_arango_gibb.jpg 722w, https:\/\/www.uv.mx\/prensa\/files\/2019\/11\/251119-foto6_norma_arango_gibb-300x200.jpg 300w\" sizes=\"auto, (max-width: 722px) 100vw, 722px\" \/><\/a>\n\t\t\t<\/dt>\n\t\t\t\t<dd class='wp-caption-text gallery-caption' id='gallery-2-77175'>\n\t\t\t\tErradicar la violencia de g\u00e9nero es un asunto de todos los ciudadanos y todos los universitarios:  Norma Arango, directora del Instituto Municipal de las Mujeres de Poza Rica\n\t\t\t\t<\/dd><\/dl><dl class='gallery-item'>\n\t\t\t<dt class='gallery-icon landscape'>\n\t\t\t\t<a href='https:\/\/www.uv.mx\/prensa\/files\/2019\/11\/251119-foto5_fiscal_noralhilda.jpg'><img loading=\"lazy\" decoding=\"async\" width=\"722\" height=\"481\" src=\"https:\/\/www.uv.mx\/prensa\/files\/2019\/11\/251119-foto5_fiscal_noralhilda.jpg\" class=\"attachment-full size-full\" alt=\"\" aria-describedby=\"gallery-2-77174\" srcset=\"https:\/\/www.uv.mx\/prensa\/files\/2019\/11\/251119-foto5_fiscal_noralhilda.jpg 722w, https:\/\/www.uv.mx\/prensa\/files\/2019\/11\/251119-foto5_fiscal_noralhilda-300x200.jpg 300w\" sizes=\"auto, (max-width: 722px) 100vw, 722px\" \/><\/a>\n\t\t\t<\/dt>\n\t\t\t\t<dd class='wp-caption-text gallery-caption' id='gallery-2-77174'>\n\t\t\t\tNora Hilda Liahut Franco, Fiscal del S\u00e9ptimo Distrito Judicial de la FGE\n\t\t\t\t<\/dd><\/dl><br style=\"clear: both\" \/>\n\t\t<\/div>\n\n","protected":false},"excerpt":{"rendered":"<p>Se presentaron avances del Protocolo para Atender la Violencia de G\u00e9nero en la UV; ser\u00e1 dado a conocer en el Consejo Universitario y puesto a consulta entre la comunidad universitaria  <\/p>\n","protected":false},"author":1508,"featured_media":77177,"comment_status":"closed","ping_status":"closed","sticky":false,"template":"","format":"standard","meta":{"footnotes":""},"categories":[54,61],"tags":[],"class_list":["post-77176","post","type-post","status-publish","format-standard","has-post-thumbnail","hentry","category-poza-rica","category-banner"],"_links":{"self":[{"href":"https:\/\/www.uv.mx\/prensa\/wp-json\/wp\/v2\/posts\/77176","targetHints":{"allow":["GET"]}}],"collection":[{"href":"https:\/\/www.uv.mx\/prensa\/wp-json\/wp\/v2\/posts"}],"about":[{"href":"https:\/\/www.uv.mx\/prensa\/wp-json\/wp\/v2\/types\/post"}],"author":[{"embeddable":true,"href":"https:\/\/www.uv.mx\/prensa\/wp-json\/wp\/v2\/users\/1508"}],"replies":[{"embeddable":true,"href":"https:\/\/www.uv.mx\/prensa\/wp-json\/wp\/v2\/comments?post=77176"}],"version-history":[{"count":0,"href":"https:\/\/www.uv.mx\/prensa\/wp-json\/wp\/v2\/posts\/77176\/revisions"}],"wp:featuredmedia":[{"embeddable":true,"href":"https:\/\/www.uv.mx\/prensa\/wp-json\/wp\/v2\/media\/77177"}],"wp:attachment":[{"href":"https:\/\/www.uv.mx\/prensa\/wp-json\/wp\/v2\/media?parent=77176"}],"wp:term":[{"taxonomy":"category","embeddable":true,"href":"https:\/\/www.uv.mx\/prensa\/wp-json\/wp\/v2\/categories?post=77176"},{"taxonomy":"post_tag","embeddable":true,"href":"https:\/\/www.uv.mx\/prensa\/wp-json\/wp\/v2\/tags?post=77176"}],"curies":[{"name":"wp","href":"https:\/\/api.w.org\/{rel}","templated":true}]}}