{"id":77024,"date":"2019-11-23T08:00:17","date_gmt":"2019-11-23T14:00:17","guid":{"rendered":"https:\/\/www.uv.mx\/prensa\/?p=77024"},"modified":"2019-11-27T11:36:13","modified_gmt":"2019-11-27T17:36:13","slug":"uv-y-grupo-ado-entregaron-cobijas-en-el-llanillo","status":"publish","type":"post","link":"https:\/\/www.uv.mx\/prensa\/general\/uv-y-grupo-ado-entregaron-cobijas-en-el-llanillo\/","title":{"rendered":"UV y Grupo ADO entregaron cobijas en El Llanillo\u00a0"},"content":{"rendered":"<ul>\n<li data-leveltext=\"\uf0b7\" data-font=\"Symbol\" data-listid=\"5\" data-aria-posinset=\"1\" data-aria-level=\"1\"><i><span data-contrast=\"auto\">Los beneficiados fueron adultos mayores de esta localidad<\/span><\/i><i><span data-contrast=\"auto\">\u00a0<\/span><\/i><span data-ccp-props=\"{}\"><br \/>\n<\/span><\/li>\n<\/ul>\n<div id=\"attachment_77025\" style=\"width: 732px\" class=\"wp-caption aligncenter\"><a href=\"https:\/\/www.uv.mx\/prensa\/files\/2019\/11\/211119-CARLOS-Entrega-Cobijas-1.jpg\"><img loading=\"lazy\" decoding=\"async\" aria-describedby=\"caption-attachment-77025\" class=\"size-full wp-image-77025\" src=\"https:\/\/www.uv.mx\/prensa\/files\/2019\/11\/211119-CARLOS-Entrega-Cobijas-1.jpg\" alt=\"\" width=\"722\" height=\"674\" srcset=\"https:\/\/www.uv.mx\/prensa\/files\/2019\/11\/211119-CARLOS-Entrega-Cobijas-1.jpg 722w, https:\/\/www.uv.mx\/prensa\/files\/2019\/11\/211119-CARLOS-Entrega-Cobijas-1-300x280.jpg 300w\" sizes=\"auto, (max-width: 722px) 100vw, 722px\" \/><\/a><p id=\"caption-attachment-77025\" class=\"wp-caption-text\">Los adultos mayores fueron beneficiados con diversos tipos de cobijas<\/p><\/div>\n<p><b><i><span data-contrast=\"auto\">Carlos Hugo Hermida Rosales<\/span><\/i><\/b><span data-ccp-props=\"{}\">\u00a0<\/span><\/p>\n<p><b><i><span data-contrast=\"auto\">2<\/span><\/i><\/b><b><i><span data-contrast=\"auto\">3<\/span><\/i><\/b><b><i><span data-contrast=\"auto\">\/11\/19<\/span><\/i><\/b><b><i><span data-contrast=\"auto\">,<\/span><\/i><\/b><b><i><span data-contrast=\"auto\"> Xalapa, <\/span><\/i><\/b><b><i><span data-contrast=\"auto\">Ver.<\/span><\/i><\/b><b><i><span data-contrast=\"auto\">&#8211;<\/span><\/i><\/b> <span data-contrast=\"auto\">La<a href=\"https:\/\/www.uv.mx\/\" target=\"_blank\" rel=\"noopener noreferrer\"> Universidad Veracruzana<\/a> (UV), a trav\u00e9s\u202fde su programa de\u202fVoluntariado,\u202fy el\u202fGrupo <\/span><span data-contrast=\"auto\">Mobility<\/span><span data-contrast=\"auto\"> ADO\u202fentregaron el 21 de noviembre cobijas a adultos mayores de la localidad El Llanillo, ubicada en el municipio de Las Vigas de Ram\u00edrez, que fueron donadas por miembros de la comunidad universitaria y de la sociedad en general a trav\u00e9s del programa Cobij\u00f3n 2019.<\/span><span data-ccp-props=\"{}\">\u00a0<\/span><\/p>\n<p><span data-contrast=\"auto\">Elia Mar\u00eda Beltr\u00e1n Coronel,\u202ftitular\u202fdel Voluntariado de la UV,<\/span><span data-contrast=\"auto\"> mencion\u00f3 que a pesar <\/span><span data-contrast=\"auto\">de <\/span><span data-contrast=\"auto\">que el periodo de recaudaci\u00f3n de cobijas <\/span><span data-contrast=\"auto\">dur\u00f3 pocos d\u00edas, la respuesta fue buena y pudo <\/span><span data-contrast=\"auto\">otorgarse<\/span><span data-contrast=\"auto\"> al menos una cobija a cada ancianito que se ten\u00eda contemplado.<\/span><span data-contrast=\"auto\">\u00a0<\/span><span data-ccp-props=\"{&quot;335559731&quot;:708}\">\u00a0<\/span><\/p>\n<p><span data-contrast=\"auto\">Luz Divina Morales Tlaxcalteco, responsable de la Brigada Universitaria en Servicio Social (BUSS) de El Llanillo<\/span><span data-contrast=\"auto\">,<\/span><span data-contrast=\"auto\"> gestionada por la Direcci\u00f3n General de Vinculaci\u00f3n, destac\u00f3 la importancia de apoyar a los habitantes de esta comunidad, ya que no cuentan con muchos recursos y \u00e9stos los usan principalmente para sus necesidades de alimentaci\u00f3n.\u00a0<\/span><span data-ccp-props=\"{&quot;335559731&quot;:708}\">\u00a0<\/span><\/p>\n<div id=\"attachment_77026\" style=\"width: 732px\" class=\"wp-caption aligncenter\"><a href=\"https:\/\/www.uv.mx\/prensa\/files\/2019\/11\/211119-CARLOS-Entrega-Cobijas-2.jpg\"><img loading=\"lazy\" decoding=\"async\" aria-describedby=\"caption-attachment-77026\" class=\"size-full wp-image-77026\" src=\"https:\/\/www.uv.mx\/prensa\/files\/2019\/11\/211119-CARLOS-Entrega-Cobijas-2.jpg\" alt=\"\" width=\"722\" height=\"962\" srcset=\"https:\/\/www.uv.mx\/prensa\/files\/2019\/11\/211119-CARLOS-Entrega-Cobijas-2.jpg 722w, https:\/\/www.uv.mx\/prensa\/files\/2019\/11\/211119-CARLOS-Entrega-Cobijas-2-225x300.jpg 225w\" sizes=\"auto, (max-width: 722px) 100vw, 722px\" \/><\/a><p id=\"caption-attachment-77026\" class=\"wp-caption-text\">Rafaela Corona<\/p><\/div>\n<p><span data-contrast=\"auto\">Resalt\u00f3 la importancia de que <\/span><span data-contrast=\"auto\">empresas del sector privado como el Grupo ADO<\/span> <span data-contrast=\"auto\">se<\/span><span data-contrast=\"auto\"> unan <\/span><span data-contrast=\"auto\">a estas iniciativas<\/span><span data-contrast=\"auto\"> ya que esto favorece a aquellos que m\u00e1s lo necesitan.<\/span><span data-ccp-props=\"{&quot;335559731&quot;:708}\">\u00a0<\/span><\/p>\n<p><span data-contrast=\"auto\">Dulce Mar\u00eda Hern\u00e1ndez Palmeros, jefa regional de Mercadotecnia del Grupo <\/span><span data-contrast=\"auto\">Mobility<\/span><span data-contrast=\"auto\"> ADO, declar\u00f3 que gracias a la alianza de esta empresa con la UV se logr\u00f3 apoyar a un sector de poblaci\u00f3n vulnerable, en una regi\u00f3n en que las temperaturas llegan a estar bajo cero.\u00a0<\/span><span data-ccp-props=\"{&quot;335559731&quot;:708}\">\u00a0<\/span><\/p>\n<p><span data-contrast=\"auto\">Afirm\u00f3 que <\/span><span data-contrast=\"auto\">Mobility<\/span><span data-contrast=\"auto\"> ADO<\/span><span data-contrast=\"auto\"> es una <\/span><span data-contrast=\"auto\">empresa socialmente responsable, <\/span><span data-contrast=\"auto\">cuya relaci\u00f3n con la UV se remonta a muchos a\u00f1os atr\u00e1s.<\/span><span data-ccp-props=\"{&quot;335559731&quot;:708}\">\u00a0<\/span><\/p>\n<p><span data-contrast=\"auto\">\u201c<\/span><span data-contrast=\"auto\">Cuando <\/span><span data-contrast=\"auto\">existe<\/span><span data-contrast=\"auto\"> buena voluntad y <\/span><span data-contrast=\"auto\">la determinaci\u00f3n de hacer algo<\/span><span data-contrast=\"auto\">,<\/span><span data-contrast=\"auto\"> las cosas buenas suceden<\/span><span data-contrast=\"auto\">\u201d, expres\u00f3.<\/span><span data-contrast=\"auto\">\u00a0<\/span><span data-ccp-props=\"{&quot;335559731&quot;:708}\">\u00a0<\/span><\/p>\n<div id=\"attachment_77027\" style=\"width: 732px\" class=\"wp-caption aligncenter\"><a href=\"https:\/\/www.uv.mx\/prensa\/files\/2019\/11\/211119-CARLOS-Entrega-Cobijas-3.jpg\"><img loading=\"lazy\" decoding=\"async\" aria-describedby=\"caption-attachment-77027\" class=\"size-full wp-image-77027\" src=\"https:\/\/www.uv.mx\/prensa\/files\/2019\/11\/211119-CARLOS-Entrega-Cobijas-3.jpg\" alt=\"\" width=\"722\" height=\"962\" srcset=\"https:\/\/www.uv.mx\/prensa\/files\/2019\/11\/211119-CARLOS-Entrega-Cobijas-3.jpg 722w, https:\/\/www.uv.mx\/prensa\/files\/2019\/11\/211119-CARLOS-Entrega-Cobijas-3-225x300.jpg 225w\" sizes=\"auto, (max-width: 722px) 100vw, 722px\" \/><\/a><p id=\"caption-attachment-77027\" class=\"wp-caption-text\">Fidel Dur\u00e1n<\/p><\/div>\n<p><span data-contrast=\"auto\">Los beneficiados con cobijas agradecieron a estas dos instituciones por el apoyo brindado. Fidel Dur\u00e1n relat\u00f3 que los fr\u00edos en El Llanillo son fuertes y que muchas personas no tienen con qu\u00e9 abrigarse por las noches, por lo que estas cobijas ser\u00e1n de gran auxilio para ellos.\u00a0<\/span><span data-ccp-props=\"{&quot;335559731&quot;:708}\">\u00a0<\/span><\/p>\n<p><span data-contrast=\"auto\">Gilberto Mart\u00ednez<\/span><span data-contrast=\"auto\"> comparti\u00f3 que muchos habitantes de la localidad ya han enfer<\/span><span data-contrast=\"auto\">mado por las bajas temperaturas que estar\u00e1n presentes hasta febrero, y coment\u00f3 que gracias a las cobijas que les proporcionaron<\/span><span data-contrast=\"auto\"> podr\u00e1<\/span><span data-contrast=\"auto\">n dormir<\/span> <span data-contrast=\"auto\">m\u00e1s protegidos.\u00a0<\/span><span data-ccp-props=\"{&quot;335559731&quot;:708}\">\u00a0<\/span><\/p>\n<p><span data-contrast=\"auto\">Rafaela Corona mencion\u00f3 <\/span><span data-contrast=\"auto\">que<\/span><span data-contrast=\"auto\">,<\/span><span data-contrast=\"auto\"> a partir de diciembre<\/span><span data-contrast=\"auto\">,<\/span><span data-contrast=\"auto\"> algunos d\u00edas<\/span><span data-contrast=\"auto\">,<\/span><span data-contrast=\"auto\"> el suelo amanece congelado, y manifest\u00f3 que los adultos mayores de El Llanillo no tienen recursos para acudir a las ciudades cercanas como Perote y Xalapa por sarapes o cobertores.\u00a0<\/span><span data-ccp-props=\"{&quot;335559731&quot;:708}\">\u00a0<\/span><\/p>\n<p><span data-contrast=\"auto\">\u201cEstas cobijas nos ayudar\u00e1n a soportar este fr\u00edo y a pasar mejores noches\u201d, asegur\u00f3.\u00a0<\/span><span data-ccp-props=\"{&quot;335559731&quot;:708}\">\u00a0<\/span><\/p>\n<div id=\"attachment_77028\" style=\"width: 732px\" class=\"wp-caption aligncenter\"><a href=\"https:\/\/www.uv.mx\/prensa\/files\/2019\/11\/211119-CARLOS-Entrega-Cobijas-4.jpg\"><img loading=\"lazy\" decoding=\"async\" aria-describedby=\"caption-attachment-77028\" class=\"size-full wp-image-77028\" src=\"https:\/\/www.uv.mx\/prensa\/files\/2019\/11\/211119-CARLOS-Entrega-Cobijas-4.jpg\" alt=\"\" width=\"722\" height=\"542\" srcset=\"https:\/\/www.uv.mx\/prensa\/files\/2019\/11\/211119-CARLOS-Entrega-Cobijas-4.jpg 722w, https:\/\/www.uv.mx\/prensa\/files\/2019\/11\/211119-CARLOS-Entrega-Cobijas-4-300x225.jpg 300w\" sizes=\"auto, (max-width: 722px) 100vw, 722px\" \/><\/a><p id=\"caption-attachment-77028\" class=\"wp-caption-text\">Divina Morales, Elia Beltr\u00e1n y Dulce Mar\u00eda Hern\u00e1ndez<\/p><\/div>\n","protected":false},"excerpt":{"rendered":"<p>Los beneficiados fueron adultos mayores de esta localidad, ubicada en el municipio de Las Vigas de Ram\u00edrez<\/p>\n","protected":false},"author":1869,"featured_media":77025,"comment_status":"closed","ping_status":"closed","sticky":false,"template":"","format":"standard","meta":{"footnotes":""},"categories":[1],"tags":[],"class_list":["post-77024","post","type-post","status-publish","format-standard","has-post-thumbnail","hentry","category-general"],"_links":{"self":[{"href":"https:\/\/www.uv.mx\/prensa\/wp-json\/wp\/v2\/posts\/77024","targetHints":{"allow":["GET"]}}],"collection":[{"href":"https:\/\/www.uv.mx\/prensa\/wp-json\/wp\/v2\/posts"}],"about":[{"href":"https:\/\/www.uv.mx\/prensa\/wp-json\/wp\/v2\/types\/post"}],"author":[{"embeddable":true,"href":"https:\/\/www.uv.mx\/prensa\/wp-json\/wp\/v2\/users\/1869"}],"replies":[{"embeddable":true,"href":"https:\/\/www.uv.mx\/prensa\/wp-json\/wp\/v2\/comments?post=77024"}],"version-history":[{"count":0,"href":"https:\/\/www.uv.mx\/prensa\/wp-json\/wp\/v2\/posts\/77024\/revisions"}],"wp:featuredmedia":[{"embeddable":true,"href":"https:\/\/www.uv.mx\/prensa\/wp-json\/wp\/v2\/media\/77025"}],"wp:attachment":[{"href":"https:\/\/www.uv.mx\/prensa\/wp-json\/wp\/v2\/media?parent=77024"}],"wp:term":[{"taxonomy":"category","embeddable":true,"href":"https:\/\/www.uv.mx\/prensa\/wp-json\/wp\/v2\/categories?post=77024"},{"taxonomy":"post_tag","embeddable":true,"href":"https:\/\/www.uv.mx\/prensa\/wp-json\/wp\/v2\/tags?post=77024"}],"curies":[{"name":"wp","href":"https:\/\/api.w.org\/{rel}","templated":true}]}}