{"id":77023,"date":"2019-11-23T08:00:45","date_gmt":"2019-11-23T14:00:45","guid":{"rendered":"https:\/\/www.uv.mx\/prensa\/?p=77023"},"modified":"2019-11-27T12:54:46","modified_gmt":"2019-11-27T18:54:46","slug":"dgi-abre-convocatoria-para-estancias-intersemestrales-de-investigacion","status":"publish","type":"post","link":"https:\/\/www.uv.mx\/prensa\/banner\/dgi-abre-convocatoria-para-estancias-intersemestrales-de-investigacion\/","title":{"rendered":"DGI abre convocatoria para Estancias Intersemestrales de Investigaci\u00f3n\u00a0"},"content":{"rendered":"<ul>\n<li data-leveltext=\"\uf0b7\" data-font=\"Symbol\" data-listid=\"1\" data-aria-posinset=\"1\" data-aria-level=\"1\"><i><span data-contrast=\"auto\">Se realizar\u00e1n del 7 de diciembre de 2019 al 31 de enero de 2020 en <a href=\"https:\/\/bit.ly\/2DodiR6\" target=\"_blank\" rel=\"noopener noreferrer\">https:\/\/bit.ly\/2DodiR6<\/a><\/span><\/i><span data-ccp-props=\"{&quot;134233279&quot;:true,&quot;201341983&quot;:0,&quot;335559739&quot;:160,&quot;335559740&quot;:240}\">\u00a0<\/span><\/li>\n<li data-leveltext=\"\uf0b7\" data-font=\"Symbol\" data-listid=\"1\" data-aria-posinset=\"2\" data-aria-level=\"1\"><i><span data-contrast=\"auto\">La invitaci\u00f3n es para estudiantes de nivel licenciatura que hayan cubierto el 70 por ciento de los cr\u00e9ditos de su <\/span><\/i><i><span data-contrast=\"auto\">programa educativo<\/span><\/i><span data-ccp-props=\"{&quot;134233279&quot;:true,&quot;201341983&quot;:0,&quot;335559739&quot;:160,&quot;335559740&quot;:240}\">\u00a0<\/span><\/li>\n<\/ul>\n<p><span data-ccp-props=\"{&quot;201341983&quot;:0,&quot;335559739&quot;:160,&quot;335559740&quot;:240}\">\u00a0<\/span><b><\/b><\/p>\n<div id=\"attachment_77029\" style=\"width: 732px\" class=\"wp-caption aligncenter\"><a href=\"https:\/\/www.uv.mx\/prensa\/files\/2019\/11\/211119-ESTANCIAS-INTERSEMESTRALES-1.jpg\"><img loading=\"lazy\" decoding=\"async\" aria-describedby=\"caption-attachment-77029\" class=\"size-full wp-image-77029\" src=\"https:\/\/www.uv.mx\/prensa\/files\/2019\/11\/211119-ESTANCIAS-INTERSEMESTRALES-1.jpg\" alt=\"\" width=\"722\" height=\"249\" srcset=\"https:\/\/www.uv.mx\/prensa\/files\/2019\/11\/211119-ESTANCIAS-INTERSEMESTRALES-1.jpg 722w, https:\/\/www.uv.mx\/prensa\/files\/2019\/11\/211119-ESTANCIAS-INTERSEMESTRALES-1-300x103.jpg 300w\" sizes=\"auto, (max-width: 722px) 100vw, 722px\" \/><\/a><p id=\"caption-attachment-77029\" class=\"wp-caption-text\">La recepci\u00f3n de solicitudes inici\u00f3 el 19 de noviembre y concluir\u00e1 el 2 de diciembre<\/p><\/div>\n<p><b><i><span data-contrast=\"auto\">Claudia Peralta V\u00e1zquez<\/span><\/i><\/b><span data-ccp-props=\"{&quot;201341983&quot;:0,&quot;335559739&quot;:160,&quot;335559740&quot;:240}\">\u00a0<\/span><\/p>\n<p><b><i><span data-contrast=\"auto\">2<\/span><\/i><\/b><b><i><span data-contrast=\"auto\">3<\/span><\/i><\/b><b><i><span data-contrast=\"auto\">\/11\/19, Xalapa, Ver.- <\/span><\/i><\/b><span data-contrast=\"auto\">La Universidad Veracruzana (UV), a trav\u00e9s de la <a href=\"https:\/\/www.uv.mx\/investigacion\/\" target=\"_blank\" rel=\"noopener noreferrer\">Direcci\u00f3n General de Investigaciones<\/a> (DGI), convoca a estudiantes de licenciatura a formar parte del IX Programa de Estancias Intersemestrales de Investigaci\u00f3n Cient\u00edfica (Invierno 2019-2020).<\/span><span data-ccp-props=\"{&quot;201341983&quot;:0,&quot;335559739&quot;:160,&quot;335559740&quot;:240}\">\u00a0<\/span><\/p>\n<p><span data-contrast=\"auto\">La<\/span><span data-contrast=\"auto\">s<\/span><span data-contrast=\"auto\"> estancias se llevar\u00e1n a cabo del 7 de diciembre de 2019 al 31 de enero <\/span><span data-contrast=\"auto\">de<\/span><span data-contrast=\"auto\"> 2020<\/span><span data-contrast=\"auto\">, con el fin de <\/span><span data-contrast=\"auto\">f<\/span><span data-contrast=\"auto\">oment<\/span><span data-contrast=\"auto\">ar el inter\u00e9s de los universitarios por la investigaci\u00f3n<\/span><span data-contrast=\"auto\"> y<\/span><span data-contrast=\"auto\"> promover la movilidad <\/span><span data-contrast=\"auto\">entre las entidades acad\u00e9micas dentro de cada regi\u00f3n de la<\/span><span data-contrast=\"auto\"> UV.<\/span><span data-ccp-props=\"{&quot;201341983&quot;:0,&quot;335559731&quot;:708,&quot;335559739&quot;:160,&quot;335559740&quot;:240}\">\u00a0<\/span><\/p>\n<p><span data-contrast=\"auto\">Esta actividad tambi\u00e9n est\u00e1 orientada a c<\/span><span data-contrast=\"auto\">oadyuvar a la formaci\u00f3n acad\u00e9mica de los<\/span><span data-contrast=\"auto\"> alumnos, al<\/span><span data-contrast=\"auto\"> fortalecimiento de <\/span><span data-contrast=\"auto\">sus conocimientos disciplinares, as\u00ed como a a<\/span><span data-contrast=\"auto\">mpliar sus opciones <\/span><span data-contrast=\"auto\">de formaci\u00f3n profesional futura y fomentar la divulgaci\u00f3n cient\u00edfica.<\/span><span data-ccp-props=\"{&quot;201341983&quot;:0,&quot;335559731&quot;:708,&quot;335559739&quot;:160,&quot;335559740&quot;:240}\">\u00a0<\/span><\/p>\n<p><span data-contrast=\"auto\">Por ello, la DGI exhorta a todos los <\/span><span data-contrast=\"auto\">estudiantes<\/span><span data-contrast=\"auto\"> inscritos dentro del periodo <\/span><span data-contrast=\"auto\">A<\/span><span data-contrast=\"auto\">gosto 2019-<\/span><span data-contrast=\"auto\">E<\/span><span data-contrast=\"auto\">nero 2020, que hayan<\/span><span data-contrast=\"auto\"> cubierto el 70 por ciento de los cr\u00e9ditos de su programa <\/span><span data-contrast=\"auto\">educativo<\/span><span data-contrast=\"auto\"> (PE)<\/span><span data-contrast=\"auto\"> a<\/span> <span data-contrast=\"auto\">octubre de 2019<\/span><span data-contrast=\"auto\"> y<\/span><span data-contrast=\"auto\"> no tengan materias <\/span><span data-contrast=\"auto\">en periodos extraordinarios, a participar en esta estrategia educativa.<\/span><span data-ccp-props=\"{&quot;201341983&quot;:0,&quot;335559731&quot;:708,&quot;335559739&quot;:160,&quot;335559740&quot;:240}\">\u00a0<\/span><\/p>\n<p><span data-contrast=\"auto\">Asimismo, co<\/span><span data-contrast=\"auto\">n base <\/span><span data-contrast=\"auto\">en <\/span><span data-contrast=\"auto\">lo establecido por<\/span><span data-contrast=\"auto\"> el \u00c1rea de Formaci\u00f3n de Elecci\u00f3n Libre (<\/span><span data-contrast=\"auto\">AFEL<\/span><span data-contrast=\"auto\">)<\/span><span data-contrast=\"auto\">, los alum<\/span><span data-contrast=\"auto\">nos que se encuentren inscritos en el Programa de Tutor\u00edas de Investigaci\u00f3n <\/span><span data-contrast=\"auto\">no podr\u00e1n participar con el mismo proyecto a<\/span> <span data-contrast=\"auto\">desarrollar.<\/span> <span data-contrast=\"auto\">Para <\/span><span data-contrast=\"auto\">quienes <\/span><span data-contrast=\"auto\">decidan responder a esta convocatoria, se hace de su conocimiento que la DGI <\/span><span data-contrast=\"auto\">avalar\u00e1 10 cr\u00e9ditos en el AFEL por una sola ocasi\u00f3n, a trav\u00e9s<\/span> <span data-contrast=\"auto\">de la <\/span><span data-contrast=\"auto\">experiencia e<\/span><span data-contrast=\"auto\">ducativa <\/span><span data-contrast=\"auto\">(EE) <\/span><span data-contrast=\"auto\">Introducci\u00f3n a <\/span><span data-contrast=\"auto\">la Investigaci\u00f3n Cient\u00edfica, condicionado con la <\/span><span data-contrast=\"auto\">evaluaci\u00f3n positiva del<\/span><span data-contrast=\"auto\"> acad\u00e9mico anfitri\u00f3n y la <\/span><span data-contrast=\"auto\">aceptaci\u00f3n de con<\/span><span data-contrast=\"auto\">formidad del producto final <\/span><span data-contrast=\"auto\">por <\/span><span data-contrast=\"auto\">la DGI.<\/span><span data-contrast=\"auto\"> Q<\/span><span data-contrast=\"auto\">uienes<\/span><span data-contrast=\"auto\"> participen por segunda ocasi\u00f3n no podr\u00e1n recibir los cr\u00e9ditos de<\/span><span data-contrast=\"auto\"> EE.<\/span><span data-ccp-props=\"{&quot;201341983&quot;:0,&quot;335559731&quot;:708,&quot;335559739&quot;:160,&quot;335559740&quot;:240}\">\u00a0<\/span><\/p>\n<p><span data-contrast=\"auto\">Es relevante mencionar que d<\/span><span data-contrast=\"auto\">urante las estancias de invierno no se cuenta<\/span><span data-contrast=\"auto\"> con apoyo econ\u00f3mico, situaci\u00f3n por la cual los alumnos que deseen <\/span><span data-contrast=\"auto\">estudiar en una regi\u00f3n <\/span><span data-contrast=\"auto\">distinta,<\/span><span data-contrast=\"auto\"> deber\u00e1n cubrir la <\/span><span data-contrast=\"auto\">totalidad de sus gastos.<\/span> <span data-contrast=\"auto\">La <a href=\"https:\/\/www.uv.mx\/investigacion\/files\/2019\/11\/Convocatoria-Estancias-Intersemestrales-Invierno-2020-Estudiantes_.pdf\" target=\"_blank\" rel=\"noopener noreferrer\">convocatoria<\/a><\/span><span data-contrast=\"auto\">\u00a0establece que entre los <\/span><span data-contrast=\"auto\">requisitos<\/span> <span data-contrast=\"auto\">est\u00e1n<\/span><span data-contrast=\"auto\">: c<\/span><span data-contrast=\"auto\">arta de exposici\u00f3n de motivos que refleje el inter\u00e9s del estudiante por la investigaci\u00f3n<\/span> <span data-contrast=\"auto\">cient\u00edfica, particularmente por realiza<\/span><span data-contrast=\"auto\">r la estancia de investigaci\u00f3n; <\/span><span data-contrast=\"auto\">c<\/span><span data-contrast=\"auto\">onstancia oficial de inscripci\u00f3n del periodo en curso, con el porcentaje de cr\u00e9ditos<\/span> <span data-contrast=\"auto\">cursados y el promedio general<\/span><span data-contrast=\"auto\"> obtenido hasta octubre de 2019; c<\/span><span data-contrast=\"auto\">onstancia de seguro facultativo o de afiliaci\u00f3n a algu<\/span><span data-contrast=\"auto\">na instituci\u00f3n del sector salud; i<\/span><span data-contrast=\"auto\">dentificaci\u00f3n oficial (credencial de elector, pasaporte, cartilla militar).<\/span><span data-ccp-props=\"{&quot;201341983&quot;:0,&quot;335559731&quot;:708,&quot;335559739&quot;:160,&quot;335559740&quot;:240}\">\u00a0<\/span><\/p>\n<p><span data-contrast=\"auto\">Otro de los requisitos es la c<\/span><span data-contrast=\"auto\">rede<\/span><span data-contrast=\"auto\">ncial de estudiante UV vigente y llenar la ficha de registro de estudiantes.<\/span><span data-ccp-props=\"{&quot;201341983&quot;:0,&quot;335559731&quot;:708,&quot;335559739&quot;:160,&quot;335559740&quot;:240}\">\u00a0<\/span><\/p>\n<p><span data-contrast=\"auto\">Cabe destacar que los estudiantes <\/span><span data-contrast=\"auto\">revisar\u00e1n previamente la <\/span><span data-contrast=\"auto\">relaci\u00f3n de acad\u00e9micos y seleccionar\u00e1n hasta cinco <\/span><span data-contrast=\"auto\">posibles anfitriones<\/span><span data-contrast=\"auto\">, esto con el fin de <\/span><span data-contrast=\"auto\">tener mayor posibil<\/span><span data-contrast=\"auto\">idad de ser aceptado por alguno<\/span><span data-contrast=\"auto\">.<\/span><span data-ccp-props=\"{&quot;201341983&quot;:0,&quot;335559731&quot;:708,&quot;335559739&quot;:160,&quot;335559740&quot;:240}\">\u00a0<\/span><\/p>\n<p><span data-contrast=\"auto\">La se<\/span><span data-contrast=\"auto\">lecci\u00f3n ser\u00e1 de <\/span><span data-contrast=\"auto\">acuerdo a su \u00e1rea de estudio o de inter\u00e9s, jerarquiz\u00e1<\/span><span data-contrast=\"auto\">n<\/span><span data-contrast=\"auto\">doles por grado de preferencia. <\/span><span data-contrast=\"auto\">Una vez<\/span><span data-contrast=\"auto\"> realizado lo anterior, llenar\u00e1n y adjuntar\u00e1n <\/span><span data-contrast=\"auto\">los <\/span><span data-contrast=\"auto\">do<\/span><span data-contrast=\"auto\">cumentos correspondientes a la ficha de r<\/span><span data-contrast=\"auto\">egistro.<\/span><span data-ccp-props=\"{&quot;201341983&quot;:0,&quot;335559731&quot;:708,&quot;335559739&quot;:160,&quot;335559740&quot;:240}\">\u00a0<\/span><\/p>\n<p><span data-contrast=\"auto\">La <\/span><span data-contrast=\"auto\">r<\/span><span data-contrast=\"auto\">ecepci\u00f3n de solicitudes <\/span><span data-contrast=\"auto\">ser\u00e1 <\/span><span data-contrast=\"auto\">del 19 de noviembre al<\/span> <span data-contrast=\"auto\">2 de diciembre; el p<\/span><span data-contrast=\"auto\">roceso de selecci\u00f3n de becarios<\/span><span data-contrast=\"auto\">,<\/span><span data-contrast=\"auto\"> del 3 al 6 de <\/span><span data-contrast=\"auto\">este \u00faltimo mes<\/span><span data-contrast=\"auto\">; y la p<\/span><span data-contrast=\"auto\">ublicaci\u00f3n de resultados<\/span><span data-contrast=\"auto\">, el<\/span> <span data-contrast=\"auto\">mi\u00e9rcoles <\/span><span data-contrast=\"auto\">11<\/span><span data-contrast=\"auto\">.<\/span><span data-ccp-props=\"{&quot;201341983&quot;:0,&quot;335559731&quot;:708,&quot;335559739&quot;:160,&quot;335559740&quot;:240}\">\u00a0<\/span><\/p>\n<p><span data-contrast=\"auto\">Del 11 de diciembre de 2019 <\/span><span data-contrast=\"auto\">al 3 de enero de 2020<\/span><span data-contrast=\"auto\">, los<\/span><span data-contrast=\"auto\"> estudiantes se pondr\u00e1n en contacto con el investigador<\/span> <span data-contrast=\"auto\">seleccionado para aclarar y precisar informaci\u00f3n sobre su estancia<\/span><span data-contrast=\"auto\">.<\/span><span data-ccp-props=\"{&quot;201341983&quot;:0,&quot;335559731&quot;:708,&quot;335559739&quot;:160,&quot;335559740&quot;:240}\">\u00a0<\/span><\/p>\n<p><span data-contrast=\"auto\">Los interesados<\/span><span data-contrast=\"auto\"> tambi\u00e9n pueden ponerse en contacto con <\/span><span data-contrast=\"auto\">Rodrigo L\u00f3pez S\u00e1nchez<\/span><span data-contrast=\"auto\"> y <\/span><span data-contrast=\"auto\">Gladis Y\u00e1\u00f1ez Garrido<\/span><span data-contrast=\"auto\">, de la<\/span> <span data-contrast=\"auto\">C<\/span><span data-contrast=\"auto\">oordina<\/span><span data-contrast=\"auto\">ci\u00f3n de<\/span><span data-contrast=\"auto\"> Gesti\u00f3n y Divulgaci\u00f3n de la Investigaci\u00f3n<\/span><span data-contrast=\"auto\">, a los correos: <\/span><a href=\"mailto:rodlopez@uv.mx\"><span data-contrast=\"none\">rodlopez@uv.mx<\/span><\/a><span data-contrast=\"auto\"> y <\/span><a href=\"mailto:gyanez@uv.mx\"><span data-contrast=\"none\">gyanez@uv.mx<\/span><\/a><span data-contrast=\"auto\">,<\/span> <span data-contrast=\"auto\">o <\/span><span data-contrast=\"auto\">al<\/span><span data-contrast=\"auto\"> tel\u00e9fono<\/span> <span data-contrast=\"auto\">(<\/span><span data-contrast=\"auto\">228<\/span><span data-contrast=\"auto\">) 84217<\/span><span data-contrast=\"auto\">00 extensiones 13108 y 13109.<\/span><span data-ccp-props=\"{&quot;201341983&quot;:0,&quot;335559731&quot;:708,&quot;335559739&quot;:160,&quot;335559740&quot;:240}\">\u00a0<\/span><\/p>\n","protected":false},"excerpt":{"rendered":"<p>La recepci\u00f3n de solicitudes inici\u00f3 el 19 de noviembre y concluir\u00e1 el 2 de diciembre\u00a0<\/p>\n","protected":false},"author":1869,"featured_media":77029,"comment_status":"closed","ping_status":"closed","sticky":false,"template":"","format":"standard","meta":{"footnotes":""},"categories":[61],"tags":[],"class_list":["post-77023","post","type-post","status-publish","format-standard","has-post-thumbnail","hentry","category-banner"],"_links":{"self":[{"href":"https:\/\/www.uv.mx\/prensa\/wp-json\/wp\/v2\/posts\/77023","targetHints":{"allow":["GET"]}}],"collection":[{"href":"https:\/\/www.uv.mx\/prensa\/wp-json\/wp\/v2\/posts"}],"about":[{"href":"https:\/\/www.uv.mx\/prensa\/wp-json\/wp\/v2\/types\/post"}],"author":[{"embeddable":true,"href":"https:\/\/www.uv.mx\/prensa\/wp-json\/wp\/v2\/users\/1869"}],"replies":[{"embeddable":true,"href":"https:\/\/www.uv.mx\/prensa\/wp-json\/wp\/v2\/comments?post=77023"}],"version-history":[{"count":0,"href":"https:\/\/www.uv.mx\/prensa\/wp-json\/wp\/v2\/posts\/77023\/revisions"}],"wp:featuredmedia":[{"embeddable":true,"href":"https:\/\/www.uv.mx\/prensa\/wp-json\/wp\/v2\/media\/77029"}],"wp:attachment":[{"href":"https:\/\/www.uv.mx\/prensa\/wp-json\/wp\/v2\/media?parent=77023"}],"wp:term":[{"taxonomy":"category","embeddable":true,"href":"https:\/\/www.uv.mx\/prensa\/wp-json\/wp\/v2\/categories?post=77023"},{"taxonomy":"post_tag","embeddable":true,"href":"https:\/\/www.uv.mx\/prensa\/wp-json\/wp\/v2\/tags?post=77023"}],"curies":[{"name":"wp","href":"https:\/\/api.w.org\/{rel}","templated":true}]}}