{"id":77018,"date":"2019-11-23T08:00:35","date_gmt":"2019-11-23T14:00:35","guid":{"rendered":"https:\/\/www.uv.mx\/prensa\/?p=77018"},"modified":"2019-11-27T11:33:12","modified_gmt":"2019-11-27T17:33:12","slug":"antropologa-dedicada-a-estudios-sobre-alimentacion-disertara-en-uv","status":"publish","type":"post","link":"https:\/\/www.uv.mx\/prensa\/eventos\/antropologa-dedicada-a-estudios-sobre-alimentacion-disertara-en-uv\/","title":{"rendered":"Antrop\u00f3loga dedicada a estudios sobre alimentaci\u00f3n disertar\u00e1 en UV"},"content":{"rendered":"<ul>\n<li data-leveltext=\"\uf0b7\" data-font=\"Symbol\" data-listid=\"1\" data-aria-posinset=\"1\" data-aria-level=\"1\"><i><span data-contrast=\"auto\">La cita con <\/span><\/i><i><span data-contrast=\"auto\">Catharine<\/span><\/i> <i><span data-contrast=\"auto\">Good<\/span><\/i> <i><span data-contrast=\"auto\">es <\/span><\/i><i><span data-contrast=\"auto\">el<\/span><\/i><i><span data-contrast=\"auto\"> lunes 25 de noviembre a las <\/span><\/i><i><span data-contrast=\"auto\">17:00 horas en el <\/span><\/i><span data-contrast=\"auto\">Citro<\/span><span data-ccp-props=\"{&quot;134233279&quot;:true,&quot;201341983&quot;:0,&quot;335559739&quot;:160,&quot;335559740&quot;:240}\">\u00a0<\/span><\/li>\n<\/ul>\n<p><a href=\"https:\/\/www.uv.mx\/prensa\/files\/2019\/11\/221119-Catharine-Good.jpg\"><img loading=\"lazy\" decoding=\"async\" class=\"aligncenter size-full wp-image-77019\" src=\"https:\/\/www.uv.mx\/prensa\/files\/2019\/11\/221119-Catharine-Good.jpg\" alt=\"\" width=\"406\" height=\"722\" srcset=\"https:\/\/www.uv.mx\/prensa\/files\/2019\/11\/221119-Catharine-Good.jpg 406w, https:\/\/www.uv.mx\/prensa\/files\/2019\/11\/221119-Catharine-Good-169x300.jpg 169w\" sizes=\"auto, (max-width: 406px) 100vw, 406px\" \/><\/a><\/p>\n<p><b><i><span data-contrast=\"auto\">Karina de la Paz Reyes D\u00edaz<\/span><\/i><\/b><span data-ccp-props=\"{&quot;201341983&quot;:0,&quot;335559739&quot;:160,&quot;335559740&quot;:240}\">\u00a0<\/span><\/p>\n<p><b><i><span data-contrast=\"auto\">23\/11\/2019, Xalapa, Ver.- <\/span><\/i><\/b><span data-contrast=\"auto\">El <a href=\"https:\/\/www.uv.mx\/ida\/\" target=\"_blank\" rel=\"noopener noreferrer\">Instituto de Antropolog\u00eda <\/a><\/span><span data-contrast=\"auto\">(IA) <\/span><span data-contrast=\"auto\">y el <a href=\"https:\/\/www.uv.mx\/citro\/\" target=\"_blank\" rel=\"noopener noreferrer\">Centro de Investigaciones Tropicales <\/a><\/span><span data-contrast=\"auto\">(<\/span><i><span data-contrast=\"auto\">Citro<\/span><\/i><span data-contrast=\"auto\">) <\/span><span data-contrast=\"auto\">de la Universidad Veracruzana<\/span><span data-contrast=\"auto\"> (<\/span><span data-contrast=\"auto\">U<\/span><span data-contrast=\"auto\">V)<\/span><span data-contrast=\"auto\"> invitan a la conferencia magistral \u201cEstudios sobre alimentaci\u00f3n. Enfoques, alcances y perspectivas\u201d, <\/span>el lunes 25 de noviembre a las 17:00 horas en las instalaciones del <em>Citro<\/em>, <span data-contrast=\"auto\">que impartir\u00e1 <\/span><span data-contrast=\"auto\">Catharine<\/span> <span data-contrast=\"auto\">Good<\/span> <span data-contrast=\"auto\">Eshelman<\/span><span data-contrast=\"auto\">, investigadora de la Escuela Nacional de Antropolog\u00eda e Historia <\/span><span data-contrast=\"auto\">(<\/span><span data-contrast=\"auto\">ENAH<\/span><span data-contrast=\"auto\">)<\/span> <span data-contrast=\"auto\">del Instituto Nacional de Antropolog\u00eda e Historia (INAH).<\/span><span data-ccp-props=\"{&quot;201341983&quot;:0,&quot;335559739&quot;:160,&quot;335559740&quot;:240}\">\u00a0<\/span><\/p>\n<p><span data-contrast=\"auto\">Esta actividad se desarrolla <\/span><span data-contrast=\"auto\">en el marco del Seminario Interinstitucional \u201cEstudios sobre territorio y patrimonio cultural<\/span><span data-contrast=\"auto\">\u201d y es organizada por el c<\/span><span data-contrast=\"auto\">uerpo <\/span><span data-contrast=\"auto\">a<\/span><span data-contrast=\"auto\">cad\u00e9mico <\/span><span data-contrast=\"auto\">(CA) <\/span><span data-contrast=\"auto\">Estudios sobre <\/span><span data-contrast=\"auto\">T<\/span><span data-contrast=\"auto\">erritorio y <\/span><span data-contrast=\"auto\">P<\/span><span data-contrast=\"auto\">atrimonio <\/span><span data-contrast=\"auto\">C<\/span><span data-contrast=\"auto\">ultural.<\/span><span data-ccp-props=\"{&quot;201341983&quot;:0,&quot;335559739&quot;:160,&quot;335559740&quot;:240}\">\u00a0<\/span><\/p>\n<p><span data-contrast=\"auto\">Catharine<\/span> <span data-contrast=\"auto\">Good<\/span> <span data-contrast=\"auto\">es profesora-investigadora de la Divisi\u00f3n de Posgrado de la INAH e integrante del Sistema Nacional de Investigadores Nivel III. <\/span><span data-contrast=\"auto\">El<\/span><span data-contrast=\"auto\"> proyecto de investigaci\u00f3n<\/span><span data-contrast=\"auto\"> que coordina<\/span><span data-contrast=\"auto\">, <\/span><span data-contrast=\"auto\">y <\/span><span data-contrast=\"auto\">que comprende de 2016 a la fecha<\/span><span data-contrast=\"auto\">,<\/span><span data-contrast=\"auto\"> se <\/span><span data-contrast=\"auto\">titula \u201c<\/span><span data-contrast=\"auto\">Comida y relaciones de poder, usos sociales, y significados culturales<\/span><span data-contrast=\"auto\">\u201d.<\/span><span data-ccp-props=\"{&quot;201341983&quot;:0,&quot;335559731&quot;:708,&quot;335559739&quot;:160,&quot;335559740&quot;:240}\">\u00a0<\/span><\/p>\n<p><span data-contrast=\"auto\">Otras <\/span><span data-contrast=\"auto\">de sus <\/span><span data-contrast=\"auto\">actividades<\/span><span data-contrast=\"auto\"> son: la <\/span><span data-contrast=\"auto\">Coordinaci\u00f3n <\/span><span data-contrast=\"auto\">del <\/span><span data-contrast=\"auto\">Diplomado Cocinas y <\/span><span data-contrast=\"auto\">C<\/span><span data-contrast=\"auto\">ultura <\/span><span data-contrast=\"auto\">A<\/span><span data-contrast=\"auto\">limentaria en M\u00e9xico<\/span><span data-contrast=\"auto\">,<\/span><span data-contrast=\"auto\"> que se imparte en la <\/span><span data-contrast=\"auto\">ENAH <\/span><span data-contrast=\"auto\">anualmente<\/span><span data-contrast=\"auto\">,<\/span><span data-contrast=\"auto\"> desde 2012<\/span><span data-contrast=\"auto\">; diversas consultar\u00edas, asesor\u00edas expertas sobre artesan\u00edas, salvaguardia de patrimonio cultural<\/span><span data-contrast=\"auto\"> inmaterial, impacto ambien<\/span><span data-contrast=\"auto\">tal de proyectos de desarrollo.<\/span><span data-ccp-props=\"{&quot;201341983&quot;:0,&quot;335559731&quot;:708,&quot;335559739&quot;:160,&quot;335559740&quot;:240}\">\u00a0<\/span><\/p>\n<p><span data-contrast=\"auto\">Entre las publicaciones c<\/span><span data-contrast=\"auto\">ient\u00edficas <\/span><span data-contrast=\"auto\">m\u00e1s representativas est\u00e1n los libros: en coordinaci\u00f3n con Laura Corona, <\/span><i><span data-contrast=\"auto\">Cultura y m<\/span><\/i><i><span data-contrast=\"auto\">odernidad en M\u00e9xico. Perspectivas <\/span><\/i><i><span data-contrast=\"auto\">a<\/span><\/i><i><span data-contrast=\"auto\">ntropol\u00f3gicas e <\/span><\/i><i><span data-contrast=\"auto\">h<\/span><\/i><i><span data-contrast=\"auto\">ist\u00f3ricas<\/span><\/i><span data-contrast=\"auto\"> (<\/span><i><span data-contrast=\"auto\">Conaculta<\/span><\/i><span data-contrast=\"auto\">-INAH, 2011, y <\/span><span data-contrast=\"auto\">primera <\/span><span data-contrast=\"auto\">reimpresi\u00f3n en<\/span><span data-contrast=\"auto\"> 2013), texto reconocido con el premio europeo <\/span><span data-contrast=\"auto\">Gourmand<\/span> <span data-contrast=\"auto\">Awards<\/span><span data-contrast=\"auto\"> 2012, en la categor\u00eda <\/span><span data-contrast=\"auto\">Lifestyle-Culinary<\/span> <span data-contrast=\"auto\">History<\/span><span data-contrast=\"auto\"> Book, se trat\u00f3 del segundo lugar a nivel mundial.<\/span><span data-ccp-props=\"{&quot;201341983&quot;:0,&quot;335559731&quot;:708,&quot;335559739&quot;:160,&quot;335559740&quot;:240}\">\u00a0<\/span><\/p>\n<p><i><span data-contrast=\"auto\">Historia<\/span><\/i><i><span data-contrast=\"auto\"> y <\/span><\/i><i><span data-contrast=\"auto\">vida<\/span><\/i><i><span data-contrast=\"auto\"> ceremonial <\/span><\/i><i><span data-contrast=\"auto\">en las comunidades m<\/span><\/i><i><span data-contrast=\"auto\">es<\/span><\/i><i><span data-contrast=\"auto\">oamericanas: l<\/span><\/i><i><span data-contrast=\"auto\">os ritos <\/span><\/i><i><span data-contrast=\"auto\">a<\/span><\/i><i><span data-contrast=\"auto\">gr\u00edcolas<\/span><\/i><span data-contrast=\"auto\"> (<\/span><i><span data-contrast=\"auto\">Conaculta<\/span><\/i><span data-contrast=\"auto\">-INAH\/ UNAM-IIH<\/span><span data-contrast=\"auto\">, 2004<\/span><span data-contrast=\"auto\">)<\/span><span data-contrast=\"auto\">, e<\/span><span data-contrast=\"auto\">n coordinaci\u00f3n con <\/span><span data-contrast=\"auto\">Johanna <\/span><span data-contrast=\"auto\">Broda<\/span><span data-contrast=\"auto\">,<\/span><span data-contrast=\"auto\"> y<\/span> <i><span data-contrast=\"auto\">Haciendo la l<\/span><\/i><i><span data-contrast=\"auto\">ucha: <\/span><\/i><i><span data-contrast=\"auto\">a<\/span><\/i><i><span data-contrast=\"auto\">rte y <\/span><\/i><i><span data-contrast=\"auto\">c<\/span><\/i><i><span data-contrast=\"auto\">omercio <\/span><\/i><i><span data-contrast=\"auto\">n<\/span><\/i><i><span data-contrast=\"auto\">ahuas de Guerrero<\/span><\/i><span data-contrast=\"auto\"> (Fondo de Cultura Econ\u00f3mica, 1998).<\/span><span data-ccp-props=\"{&quot;201341983&quot;:0,&quot;335559731&quot;:708,&quot;335559739&quot;:160,&quot;335559740&quot;:240}\">\u00a0<\/span><\/p>\n","protected":false},"excerpt":{"rendered":"<p>Catharine Good Eshelman impartir\u00e1 la conferencia magistral \u201cEstudios sobre alimentaci\u00f3n. Enfoques, alcances y perspectivas\u201d, el 25 de noviembre a las 17:00 horas en el Centro de Investigaciones Tropicales<\/p>\n","protected":false},"author":1508,"featured_media":77019,"comment_status":"closed","ping_status":"closed","sticky":false,"template":"","format":"standard","meta":{"footnotes":""},"categories":[47],"tags":[],"class_list":["post-77018","post","type-post","status-publish","format-standard","has-post-thumbnail","hentry","category-eventos"],"_links":{"self":[{"href":"https:\/\/www.uv.mx\/prensa\/wp-json\/wp\/v2\/posts\/77018","targetHints":{"allow":["GET"]}}],"collection":[{"href":"https:\/\/www.uv.mx\/prensa\/wp-json\/wp\/v2\/posts"}],"about":[{"href":"https:\/\/www.uv.mx\/prensa\/wp-json\/wp\/v2\/types\/post"}],"author":[{"embeddable":true,"href":"https:\/\/www.uv.mx\/prensa\/wp-json\/wp\/v2\/users\/1508"}],"replies":[{"embeddable":true,"href":"https:\/\/www.uv.mx\/prensa\/wp-json\/wp\/v2\/comments?post=77018"}],"version-history":[{"count":0,"href":"https:\/\/www.uv.mx\/prensa\/wp-json\/wp\/v2\/posts\/77018\/revisions"}],"wp:featuredmedia":[{"embeddable":true,"href":"https:\/\/www.uv.mx\/prensa\/wp-json\/wp\/v2\/media\/77019"}],"wp:attachment":[{"href":"https:\/\/www.uv.mx\/prensa\/wp-json\/wp\/v2\/media?parent=77018"}],"wp:term":[{"taxonomy":"category","embeddable":true,"href":"https:\/\/www.uv.mx\/prensa\/wp-json\/wp\/v2\/categories?post=77018"},{"taxonomy":"post_tag","embeddable":true,"href":"https:\/\/www.uv.mx\/prensa\/wp-json\/wp\/v2\/tags?post=77018"}],"curies":[{"name":"wp","href":"https:\/\/api.w.org\/{rel}","templated":true}]}}