{"id":76987,"date":"2019-11-21T20:02:32","date_gmt":"2019-11-22T02:02:32","guid":{"rendered":"https:\/\/www.uv.mx\/prensa\/?p=76987"},"modified":"2019-11-22T11:21:25","modified_gmt":"2019-11-22T17:21:25","slug":"expertos-comparten-experiencias-sobre-acciones-locales-migratorias","status":"publish","type":"post","link":"https:\/\/www.uv.mx\/prensa\/banner\/expertos-comparten-experiencias-sobre-acciones-locales-migratorias\/","title":{"rendered":"Expertos comparten experiencias sobre acciones locales migratorias"},"content":{"rendered":"<ul>\n<li data-leveltext=\"\uf0b7\" data-font=\"Symbol\" data-listid=\"1\" data-aria-posinset=\"1\" data-aria-level=\"1\"><i><span data-contrast=\"auto\">En <\/span><\/i><i><span data-contrast=\"auto\">el 4to Congreso Internacional de la Red \u201cAcciones locales en materia migratoria\u201d, que se celebra los d\u00edas 21 y 22 de noviembre<\/span><\/i><span data-ccp-props=\"{&quot;134233279&quot;:true}\">\u00a0<\/span><\/li>\n<li data-leveltext=\"\uf0b7\" data-font=\"Symbol\" data-listid=\"1\" data-aria-posinset=\"2\" data-aria-level=\"1\"><i><span data-contrast=\"auto\">Durante 2019, la m\u00e1xima casa de estudios ha realizado diversos eventos en materia migratoria, confirm\u00f3 Mario Oliva, titular de la DGRI<\/span><\/i><span data-ccp-props=\"{&quot;134233279&quot;:true}\">\u00a0<\/span><\/li>\n<\/ul>\n<div id=\"attachment_76989\" style=\"width: 732px\" class=\"wp-caption aligncenter\"><a href=\"https:\/\/www.uv.mx\/prensa\/files\/2019\/11\/211119-inauguracion-4to-congreso-internacional-1.jpg\"><img loading=\"lazy\" decoding=\"async\" aria-describedby=\"caption-attachment-76989\" class=\"size-full wp-image-76989\" src=\"https:\/\/www.uv.mx\/prensa\/files\/2019\/11\/211119-inauguracion-4to-congreso-internacional-1.jpg\" alt=\"\" width=\"722\" height=\"481\" srcset=\"https:\/\/www.uv.mx\/prensa\/files\/2019\/11\/211119-inauguracion-4to-congreso-internacional-1.jpg 722w, https:\/\/www.uv.mx\/prensa\/files\/2019\/11\/211119-inauguracion-4to-congreso-internacional-1-300x200.jpg 300w\" sizes=\"auto, (max-width: 722px) 100vw, 722px\" \/><\/a><p id=\"caption-attachment-76989\" class=\"wp-caption-text\">Mario Oliva, titular de la DGRI, inaugur\u00f3 el evento<\/p><\/div>\n<p><b><i><span data-contrast=\"auto\">David Sandoval Rodr\u00edguez<\/span><\/i><\/b><span data-ccp-props=\"{}\">\u00a0<\/span><\/p>\n<p><b><i><span data-contrast=\"auto\">21\/11\/<\/span><\/i><\/b><b><i><span data-contrast=\"auto\">20<\/span><\/i><\/b><b><i><span data-contrast=\"auto\">19<\/span><\/i><\/b><b><i><span data-contrast=\"auto\">,<\/span><\/i><\/b><b><i><span data-contrast=\"auto\"> Xalapa, Ver.-<\/span><\/i><\/b> <span data-contrast=\"auto\">La Universidad Veracruzana (UV) <\/span><span data-contrast=\"auto\">\u2013<\/span><span data-contrast=\"auto\">a trav\u00e9s de la <a href=\"https:\/\/www.uv.mx\/internacional\/\" target=\"_blank\" rel=\"noopener noreferrer\">Direcci\u00f3n <\/a><\/span><span data-contrast=\"auto\">General de Relaciones Internacionales (DGRI)<\/span><span data-contrast=\"auto\">, el <\/span><span data-contrast=\"auto\">Programa de Estudios sobre Am\u00e9rica del Norte (PEAN) y el Programa de Atenci\u00f3n a Migrantes de Retorno (<\/span><i><span data-contrast=\"auto\">Pamir<\/span><\/i><span data-contrast=\"auto\">)<\/span><span data-contrast=\"auto\">\u2013<\/span><span data-contrast=\"auto\"> inaugur\u00f3 formalmente el <\/span><span data-contrast=\"auto\">4to Congreso Internacional de la Red <\/span><span data-contrast=\"auto\">\u201c<\/span><span data-contrast=\"auto\">Acciones l<\/span><span data-contrast=\"auto\">ocales en <\/span><span data-contrast=\"auto\">m<\/span><span data-contrast=\"auto\">ateria <\/span><span data-contrast=\"auto\">m<\/span><span data-contrast=\"auto\">igratoria<\/span><span data-contrast=\"auto\">\u201d<\/span><span data-contrast=\"auto\">, <\/span><span data-contrast=\"auto\">que se<\/span><span data-contrast=\"auto\"> celebra<\/span><span data-contrast=\"auto\"> los d\u00edas <\/span><span data-contrast=\"auto\">21 y 22 de noviembre.<\/span><span data-ccp-props=\"{}\">\u00a0<\/span><\/p>\n<p><span data-contrast=\"auto\">Al dar la bienvenida a los asistentes, <\/span><span data-contrast=\"auto\">Mario Oliva Su\u00e1rez, <\/span><span data-contrast=\"auto\">titular de la <\/span><span data-contrast=\"auto\">DGRI<\/span><span data-contrast=\"auto\">, <\/span><span data-contrast=\"auto\">record\u00f3 que la migraci\u00f3n se encuentra en \u201cuna coyuntura hist\u00f3rica que ha producido reconfiguraciones en las din\u00e1micas de movimientos transfronterizos de personas a nivel mundial, propiciadas en gran medida por la necesidad de trabajo y desarrollo\u201d.<\/span><span data-ccp-props=\"{&quot;335559731&quot;:708}\">\u00a0<\/span><\/p>\n<p><span data-contrast=\"auto\">Reconoci\u00f3 la colaboraci\u00f3n con la <\/span><span data-contrast=\"auto\">Red <\/span><span data-contrast=\"auto\">\u201c<\/span><span data-contrast=\"auto\">Acciones <\/span><span data-contrast=\"auto\">l<\/span><span data-contrast=\"auto\">ocales en <\/span><span data-contrast=\"auto\">m<\/span><span data-contrast=\"auto\">ateria <\/span><span data-contrast=\"auto\">m<\/span><span data-contrast=\"auto\">igratoria<\/span><span data-contrast=\"auto\">\u201d para poder ser la sede de su cuarto congreso que \u201cse suma a los diversos proyectos en materia migratoria que nuestra casa de estudio<\/span><span data-contrast=\"auto\">s<\/span><span data-contrast=\"auto\"> ha llevado a cabo y en los que ha participado comprometidamente para incidir de manera positiva en la realidad y a favor de individuos y sociedades\u201d.<\/span><span data-ccp-props=\"{&quot;335559731&quot;:708}\">\u00a0<\/span><\/p>\n<p><span data-contrast=\"auto\">Oliva Su\u00e1rez dijo que de este modo la UV \u201creitera su compromiso institucional no s\u00f3lo en la lucha frente a los fen\u00f3menos y realidades de riesgo, pero con el desarrollo de pol\u00edticas y acciones cuya finalidad <\/span><span data-contrast=\"auto\">sea establecer condiciones para la protecci\u00f3n y el ejercicio de los derechos humanos, el reconocimiento de la diversidad y la interculturalidad.<\/span><span data-ccp-props=\"{&quot;335559731&quot;:708}\">\u00a0<\/span><\/p>\n<p><span data-contrast=\"auto\">En el evento, Carlos Garrido de la Calleja, acad\u00e9mico del Institu<\/span><span data-contrast=\"auto\">to de Investigaciones Hist\u00f3rico-<\/span><span data-contrast=\"auto\">Sociales (IIH<\/span><span data-contrast=\"auto\">&#8211;<\/span><span data-contrast=\"auto\">S) de la UV e integrante de la red<\/span><span data-contrast=\"auto\">,<\/span><span data-contrast=\"auto\"> expres\u00f3 su <\/span><span data-contrast=\"auto\">benepl\u00e1cito por la pronta respuesta institucional para realizar este cuarto encuentro acad\u00e9mico.<\/span><span data-ccp-props=\"{}\">\u00a0<\/span><\/p>\n<p><span data-contrast=\"auto\">\u201cUn momento de reflexi\u00f3n, de intercambio de propuestas y acciones para que<\/span><span data-contrast=\"auto\"> lo que se produzca aqu\u00ed no s\u00f3<\/span><span data-contrast=\"auto\">lo se refleje en las discusiones<\/span><span data-contrast=\"auto\">,<\/span><span data-contrast=\"auto\"> sino en la publicaci\u00f3n resulta<\/span><span data-contrast=\"auto\">nte de los trabajos present<\/span><span data-contrast=\"auto\">ados, <\/span><span data-contrast=\"auto\">pero sobre todo en el terreno para incidir en las poblaciones migrantes\u201d, afirm\u00f3 el investigador.<\/span><span data-ccp-props=\"{}\">\u00a0<\/span><\/p>\n<p><span data-contrast=\"auto\">Recalc\u00f3 que las instituciones y los gobiernos siguen viendo a la migraci\u00f3n como un fen\u00f3meno, \u201ccuando realmente <\/span><span data-contrast=\"auto\">es<\/span><span data-contrast=\"auto\"> una realidad que nos ha rebasado y donde tenemos que contribuir con informaci\u00f3n para que estas instituciones puedan dise\u00f1ar pol\u00edticas migratorias adecuadas\u201d.<\/span><span data-ccp-props=\"{}\">\u00a0<\/span><\/p>\n<p><span data-contrast=\"auto\">En el mismo sentido, Daniel Romero Le\u00f3n, coordinador del PEAN<\/span><span data-contrast=\"auto\">,<\/span> <span data-contrast=\"auto\">se\u00f1al\u00f3 que la UV tiene un compromiso con los temas migratorios, es por ello que tanto el PEAN como el <\/span><i><span data-contrast=\"auto\">Pamir<\/span><\/i> <span data-contrast=\"auto\">ha<\/span><span data-contrast=\"auto\">n<\/span><span data-contrast=\"auto\"> realizado diversos eventos para promover la discusi\u00f3n y reunir a expertos sobre la migraci\u00f3n.<\/span><span data-ccp-props=\"{}\">\u00a0<\/span><\/p>\n<p><span data-contrast=\"auto\">\u201c\u00c9<\/span><span data-contrast=\"auto\">sta es una gran oportunidad para nosotros<\/span><span data-contrast=\"auto\">;<\/span><span data-contrast=\"auto\"> ser sede de este congreso en el que colegas de la Ciudad de M\u00e9xico, Puebla, Tlaxcala y la propia UV se re\u00fanen para discutir temas muy espec\u00edficos sobre c\u00f3mo se <\/span><span data-contrast=\"auto\">atienden<\/span><span data-contrast=\"auto\"> en las diferentes comunidades las problem\u00e1ticas relacionadas con los temas migratorios\u201d, abund\u00f3.<\/span><span data-ccp-props=\"{}\">\u00a0<\/span><\/p>\n<p><span data-contrast=\"auto\">A trav\u00e9s de estos espacios la comunidad universitaria ha estado promoviendo, a lo largo del a\u00f1o, una discusi\u00f3n abierta enfocada en c\u00f3mo se responder\u00e1 al reto de recibir a los migrantes de retorno y, en el mismo tenor, se est\u00e1 a la expectativa de conocer las decisiones a nivel federal sobre pol\u00edtica migratoria para encau<\/span><span data-contrast=\"auto\">z<\/span><span data-contrast=\"auto\">ar y generar las iniciativas del pr\u00f3ximo a\u00f1o, precis\u00f3 Romero Le\u00f3n.<\/span><\/p>\n<div id=\"attachment_76988\" style=\"width: 732px\" class=\"wp-caption aligncenter\"><a href=\"https:\/\/www.uv.mx\/prensa\/files\/2019\/11\/211119-inauguracion-4to-congreso-internacional-2.jpg\"><img loading=\"lazy\" decoding=\"async\" aria-describedby=\"caption-attachment-76988\" class=\"size-full wp-image-76988\" src=\"https:\/\/www.uv.mx\/prensa\/files\/2019\/11\/211119-inauguracion-4to-congreso-internacional-2.jpg\" alt=\"\" width=\"722\" height=\"481\" srcset=\"https:\/\/www.uv.mx\/prensa\/files\/2019\/11\/211119-inauguracion-4to-congreso-internacional-2.jpg 722w, https:\/\/www.uv.mx\/prensa\/files\/2019\/11\/211119-inauguracion-4to-congreso-internacional-2-300x200.jpg 300w\" sizes=\"auto, (max-width: 722px) 100vw, 722px\" \/><\/a><p id=\"caption-attachment-76988\" class=\"wp-caption-text\">Daniel Romero Le\u00f3n, coordinador del PEAN,<\/p><\/div>\n","protected":false},"excerpt":{"rendered":"<p>Mario Oliva Su\u00e1rez, titular de la DGRI, record\u00f3 que la migraci\u00f3n se encuentra en una coyuntura hist\u00f3rica<\/p>\n","protected":false},"author":1508,"featured_media":76990,"comment_status":"closed","ping_status":"closed","sticky":false,"template":"","format":"standard","meta":{"footnotes":""},"categories":[61],"tags":[],"class_list":["post-76987","post","type-post","status-publish","format-standard","has-post-thumbnail","hentry","category-banner"],"_links":{"self":[{"href":"https:\/\/www.uv.mx\/prensa\/wp-json\/wp\/v2\/posts\/76987","targetHints":{"allow":["GET"]}}],"collection":[{"href":"https:\/\/www.uv.mx\/prensa\/wp-json\/wp\/v2\/posts"}],"about":[{"href":"https:\/\/www.uv.mx\/prensa\/wp-json\/wp\/v2\/types\/post"}],"author":[{"embeddable":true,"href":"https:\/\/www.uv.mx\/prensa\/wp-json\/wp\/v2\/users\/1508"}],"replies":[{"embeddable":true,"href":"https:\/\/www.uv.mx\/prensa\/wp-json\/wp\/v2\/comments?post=76987"}],"version-history":[{"count":0,"href":"https:\/\/www.uv.mx\/prensa\/wp-json\/wp\/v2\/posts\/76987\/revisions"}],"wp:featuredmedia":[{"embeddable":true,"href":"https:\/\/www.uv.mx\/prensa\/wp-json\/wp\/v2\/media\/76990"}],"wp:attachment":[{"href":"https:\/\/www.uv.mx\/prensa\/wp-json\/wp\/v2\/media?parent=76987"}],"wp:term":[{"taxonomy":"category","embeddable":true,"href":"https:\/\/www.uv.mx\/prensa\/wp-json\/wp\/v2\/categories?post=76987"},{"taxonomy":"post_tag","embeddable":true,"href":"https:\/\/www.uv.mx\/prensa\/wp-json\/wp\/v2\/tags?post=76987"}],"curies":[{"name":"wp","href":"https:\/\/api.w.org\/{rel}","templated":true}]}}