{"id":76941,"date":"2019-11-21T08:00:28","date_gmt":"2019-11-21T14:00:28","guid":{"rendered":"https:\/\/www.uv.mx\/prensa\/?p=76941"},"modified":"2019-11-22T12:03:01","modified_gmt":"2019-11-22T18:03:01","slug":"ohtli-camino-de-la-paradoja-del-gato-en-casa-del-lago-uv","status":"publish","type":"post","link":"https:\/\/www.uv.mx\/prensa\/eventos\/ohtli-camino-de-la-paradoja-del-gato-en-casa-del-lago-uv\/","title":{"rendered":"<em>Ohtli-Camino, de La Paradoja del Gato<\/em>, en Casa del Lago UV"},"content":{"rendered":"<div id=\"attachment_76942\" style=\"width: 732px\" class=\"wp-caption aligncenter\"><a href=\"https:\/\/www.uv.mx\/prensa\/files\/2019\/11\/211119-ohtli.jpg\"><img loading=\"lazy\" decoding=\"async\" aria-describedby=\"caption-attachment-76942\" class=\"size-full wp-image-76942\" src=\"https:\/\/www.uv.mx\/prensa\/files\/2019\/11\/211119-ohtli.jpg\" alt=\"\" width=\"722\" height=\"481\" srcset=\"https:\/\/www.uv.mx\/prensa\/files\/2019\/11\/211119-ohtli.jpg 722w, https:\/\/www.uv.mx\/prensa\/files\/2019\/11\/211119-ohtli-300x200.jpg 300w\" sizes=\"auto, (max-width: 722px) 100vw, 722px\" \/><\/a><p id=\"caption-attachment-76942\" class=\"wp-caption-text\">La obra ayuda a mirar y cuestionar nuestra condici\u00f3n de cuerpos portadores de una educaci\u00f3n que suele ser monocultural y dominante<\/p><\/div>\n<p><b><i><span data-contrast=\"auto\">21\/11\/2019, Xalapa, Ver.- <\/span><\/i><\/b><span data-contrast=\"auto\">La <a href=\"https:\/\/www.uv.mx\/uvi\/\" target=\"_blank\" rel=\"noopener noreferrer\">Universidad Veracr<\/a><\/span><span data-contrast=\"auto\">uzan<\/span><span data-contrast=\"auto\">a Intercultural <\/span><span data-contrast=\"auto\">(UVI) <\/span><span data-contrast=\"auto\">invita a una funci\u00f3n extraordina<\/span><span data-contrast=\"auto\">ria del proyecto esc\u00e9nico <\/span><i><span data-contrast=\"auto\">Ohtli<\/span><\/i><i><span data-contrast=\"auto\">-Camino<\/span><\/i><span data-contrast=\"auto\">, <\/span><span data-contrast=\"auto\">de la compa\u00f1\u00eda<\/span><span data-contrast=\"auto\"> de arte esc\u00e9nico <\/span><span data-contrast=\"auto\">La Paradoja del Gato, <\/span><span data-contrast=\"auto\">el<\/span><span data-contrast=\"auto\"> viernes 22 de noviembre a las 1<\/span><span data-contrast=\"auto\">9<\/span><span data-contrast=\"auto\">:00<\/span><span data-contrast=\"auto\"> horas en la Casa del Lago UV.<\/span><span data-ccp-props=\"{&quot;201341983&quot;:0,&quot;335559739&quot;:160,&quot;335559740&quot;:240}\">\u00a0<\/span><\/p>\n<p><span data-contrast=\"auto\">Se trata de una obra <\/span><span data-contrast=\"auto\">teatral <\/span><span data-contrast=\"auto\">que aborda la <\/span><span data-contrast=\"auto\">discriminaci\u00f3n sociocultural <\/span><span data-contrast=\"auto\">que <\/span><span data-contrast=\"auto\">sufren ni\u00f1os <\/span><span data-contrast=\"auto\">ind\u00edgenas<\/span><span data-contrast=\"auto\"> en contextos educativos mexicanos, al ser <\/span><span data-contrast=\"auto\">hablantes de <\/span><span data-contrast=\"auto\">algunas <\/span><span data-contrast=\"auto\">lenguas <\/span><span data-contrast=\"auto\">originarias diferentes al espa\u00f1ol, y como pertenecientes a culturas hist\u00f3ricamente soslayadas por el <\/span><span data-contrast=\"auto\">proyecto de educaci\u00f3n nacional.<\/span><span data-ccp-props=\"{&quot;201341983&quot;:0,&quot;335559731&quot;:708,&quot;335559739&quot;:160,&quot;335559740&quot;:240}\">\u00a0<\/span><\/p>\n<p><span data-contrast=\"auto\">En 2019, que fue declarado A\u00f1o Internacional de las Lenguas Ind\u00edgenas, <\/span><span data-contrast=\"auto\">se hace urgente <\/span><span data-contrast=\"auto\">la reflexi\u00f3n en torno a est<\/span><span data-contrast=\"auto\">a problem\u00e1tica, <\/span><span data-contrast=\"auto\">por lo que la <\/span><span data-contrast=\"auto\">propuesta esc\u00e9nica <\/span><span data-contrast=\"auto\">de La Paradoja del Gato cobra total pertinencia al t<\/span><span data-contrast=\"auto\">ransforma<\/span><span data-contrast=\"auto\">r<\/span><span data-contrast=\"auto\"> el discurso abstracto en una experiencia <\/span><span data-contrast=\"auto\">reveladora y sensibilizadora.<\/span><span data-ccp-props=\"{&quot;201341983&quot;:0,&quot;335559731&quot;:708,&quot;335559739&quot;:160,&quot;335559740&quot;:240}\">\u00a0<\/span><\/p>\n<p><i><span data-contrast=\"auto\">Ohtli<\/span><\/i><i><span data-contrast=\"auto\">-Camino<\/span><\/i><span data-contrast=\"auto\"> \u2013explica la compa\u00f1\u00eda<\/span><span data-contrast=\"auto\">\u2013<\/span> <span data-contrast=\"auto\">es un trabajo esc\u00e9nico de aliento intercultural que <\/span><span data-contrast=\"auto\">refleja<\/span><span data-contrast=\"auto\"> los hallazgos de una investigaci\u00f3n realizada en torno al car\u00e1cter monocultural y monoling\u00fc\u00edstico de la educaci\u00f3n general en M\u00e9xico. <\/span><span data-contrast=\"auto\">En \u00e9l, la obra entrelaza el mundo po\u00e9tico y documental evocando la experiencia de ni\u00f1os de culturas originarias al intentar integrarse al sistema educativo dominante, a<\/span><span data-contrast=\"auto\"> partir del testimonio de<\/span><span data-contrast=\"auto\">l maestro <\/span><span data-contrast=\"auto\">Santos De la Cruz, <\/span><span data-contrast=\"auto\">nahuablante<\/span><span data-contrast=\"auto\"> originario de <\/span><span data-contrast=\"auto\">Ixcatepec<\/span><span data-contrast=\"auto\">, Veracruz, y residente de la Ciudad de M\u00e9xico.<\/span><span data-ccp-props=\"{&quot;201341983&quot;:0,&quot;335559731&quot;:708,&quot;335559739&quot;:160,&quot;335559740&quot;:240}\">\u00a0<\/span><\/p>\n<p><span data-contrast=\"auto\">La puesta en escena se desarrolla con un car\u00e1cter aglutinante, en similitud y analog\u00eda a la estructura que guarda la lengua n\u00e1huatl, ofreciendo una amalgama de cuadros esc\u00e9nicos aut\u00f3nomos que aglutinados y en su conjunto nos ayudan a mirar y cuestionar nuestra condici\u00f3n de cuerpos portadores de una educaci\u00f3n que suele ser <\/span><span data-contrast=\"auto\">monocultural<\/span><span data-contrast=\"auto\"> y dominante.<\/span><span data-ccp-props=\"{&quot;201341983&quot;:0,&quot;335559731&quot;:708,&quot;335559739&quot;:160,&quot;335559740&quot;:240}\">\u00a0<\/span><\/p>\n<p><span data-contrast=\"auto\">Por su parte, <\/span><span data-contrast=\"auto\">La Paradoja del <\/span><span data-contrast=\"auto\">G<\/span><span data-contrast=\"auto\">ato se construye como proyecto com\u00fan <\/span><span data-contrast=\"auto\">desde<\/span><span data-contrast=\"auto\"> 2010<\/span><span data-contrast=\"auto\">, y sus creadores<\/span><span data-contrast=\"auto\">, <\/span><span data-contrast=\"auto\">Jennifer <\/span><span data-contrast=\"auto\">Moreno y <\/span><span data-contrast=\"auto\">Viko<\/span><span data-contrast=\"auto\"> Hern\u00e1ndez, <\/span><span data-contrast=\"auto\">procuran <\/span><span data-contrast=\"auto\">desde entonces <\/span><span data-contrast=\"auto\">la escena como <\/span><span data-contrast=\"auto\">un <\/span><span data-contrast=\"auto\">espacio para la investigaci\u00f3n y la <\/span><span data-contrast=\"auto\">reflexi\u00f3n<\/span><span data-contrast=\"auto\"> de las identidades<\/span><span data-contrast=\"auto\">. <\/span><span data-contrast=\"auto\">Consecutivamente, e<\/span><span data-contrast=\"auto\">l proyecto <\/span><i><span data-contrast=\"auto\">Ohtli<\/span><\/i><i><span data-contrast=\"auto\">-C<\/span><\/i><i><span data-contrast=\"auto\">amino<\/span><\/i><span data-contrast=\"auto\"> recibi\u00f3 apoyo del Fondo Nacional para la Cultura y las Artes<\/span><span data-contrast=\"auto\"> (<\/span><i><span data-contrast=\"auto\">Fonca<\/span><\/i><span data-contrast=\"auto\">) para realizar <\/span><span data-contrast=\"auto\">una gira <\/span><span data-contrast=\"auto\">por varias universidades interculturales de M\u00e9xico, misma que ya <\/span><span data-contrast=\"auto\">incluy\u00f3 las cuatro <\/span><span data-contrast=\"auto\">s<\/span><span data-contrast=\"auto\">edes <\/span><span data-contrast=\"auto\">de la UVI<\/span><span data-contrast=\"auto\">, y aho<\/span><span data-contrast=\"auto\">ra en Xalapa.<\/span><span data-ccp-props=\"{&quot;201341983&quot;:0,&quot;335559731&quot;:708,&quot;335559739&quot;:160,&quot;335559740&quot;:240}\">\u00a0<\/span><\/p>\n<p><span data-contrast=\"auto\">Para finalizar esta gira, la obra se <\/span><span data-contrast=\"auto\">presenta <\/span><span data-contrast=\"auto\">esta vez <\/span><span data-contrast=\"auto\">en la Casa del Lago UV. La entrada es sin costo<\/span><span data-contrast=\"auto\">.<\/span><span data-ccp-props=\"{&quot;201341983&quot;:0,&quot;335559731&quot;:708,&quot;335559739&quot;:160,&quot;335559740&quot;:240}\">\u00a0<\/span><\/p>\n","protected":false},"excerpt":{"rendered":"<p>Sus creadores, Jennifer Moreno y Viko Hern\u00e1ndez, procuran la escena como un espacio para la investigaci\u00f3n y la reflexi\u00f3n de las identidades<\/p>\n","protected":false},"author":1508,"featured_media":76942,"comment_status":"closed","ping_status":"closed","sticky":false,"template":"","format":"standard","meta":{"footnotes":""},"categories":[47],"tags":[],"class_list":["post-76941","post","type-post","status-publish","format-standard","has-post-thumbnail","hentry","category-eventos"],"_links":{"self":[{"href":"https:\/\/www.uv.mx\/prensa\/wp-json\/wp\/v2\/posts\/76941","targetHints":{"allow":["GET"]}}],"collection":[{"href":"https:\/\/www.uv.mx\/prensa\/wp-json\/wp\/v2\/posts"}],"about":[{"href":"https:\/\/www.uv.mx\/prensa\/wp-json\/wp\/v2\/types\/post"}],"author":[{"embeddable":true,"href":"https:\/\/www.uv.mx\/prensa\/wp-json\/wp\/v2\/users\/1508"}],"replies":[{"embeddable":true,"href":"https:\/\/www.uv.mx\/prensa\/wp-json\/wp\/v2\/comments?post=76941"}],"version-history":[{"count":0,"href":"https:\/\/www.uv.mx\/prensa\/wp-json\/wp\/v2\/posts\/76941\/revisions"}],"wp:featuredmedia":[{"embeddable":true,"href":"https:\/\/www.uv.mx\/prensa\/wp-json\/wp\/v2\/media\/76942"}],"wp:attachment":[{"href":"https:\/\/www.uv.mx\/prensa\/wp-json\/wp\/v2\/media?parent=76941"}],"wp:term":[{"taxonomy":"category","embeddable":true,"href":"https:\/\/www.uv.mx\/prensa\/wp-json\/wp\/v2\/categories?post=76941"},{"taxonomy":"post_tag","embeddable":true,"href":"https:\/\/www.uv.mx\/prensa\/wp-json\/wp\/v2\/tags?post=76941"}],"curies":[{"name":"wp","href":"https:\/\/api.w.org\/{rel}","templated":true}]}}