{"id":76908,"date":"2019-11-20T19:56:19","date_gmt":"2019-11-21T01:56:19","guid":{"rendered":"https:\/\/www.uv.mx\/prensa\/?p=76908"},"modified":"2019-11-20T20:20:42","modified_gmt":"2019-11-21T02:20:42","slug":"uv-impulsa-emprendimiento-en-universitarios","status":"publish","type":"post","link":"https:\/\/www.uv.mx\/prensa\/regiones\/veracruz\/uv-impulsa-emprendimiento-en-universitarios\/","title":{"rendered":"UV impulsa emprendimiento en universitarios"},"content":{"rendered":"<ul>\n<li data-leveltext=\"\uf0b7\" data-font=\"Symbol\" data-listid=\"2\" data-aria-posinset=\"1\" data-aria-level=\"1\"><i><span data-contrast=\"auto\">La cuarta edici\u00f3n de \u201cImagina, innova y emprende\u201d <\/span><\/i><i><span data-contrast=\"auto\">concluye este<\/span><\/i><i><span data-contrast=\"auto\"> 21 de noviembre<\/span><\/i><\/li>\n<\/ul>\n<div id=\"attachment_76904\" style=\"width: 732px\" class=\"wp-caption aligncenter\"><a href=\"https:\/\/www.uv.mx\/prensa\/files\/2019\/11\/201119-veracruz-imagina-1.jpg\"><img loading=\"lazy\" decoding=\"async\" aria-describedby=\"caption-attachment-76904\" class=\"size-full wp-image-76904\" src=\"https:\/\/www.uv.mx\/prensa\/files\/2019\/11\/201119-veracruz-imagina-1.jpg\" alt=\"Importante afluencia de j\u00f3venes al evento \" width=\"722\" height=\"481\" srcset=\"https:\/\/www.uv.mx\/prensa\/files\/2019\/11\/201119-veracruz-imagina-1.jpg 722w, https:\/\/www.uv.mx\/prensa\/files\/2019\/11\/201119-veracruz-imagina-1-300x200.jpg 300w\" sizes=\"auto, (max-width: 722px) 100vw, 722px\" \/><\/a><p id=\"caption-attachment-76904\" class=\"wp-caption-text\">Importante afluencia de j\u00f3venes al evento<\/p><\/div>\n<p><b><i><span data-contrast=\"auto\">20\/11\/2019, Boca del R\u00edo, Ver.-<\/span><\/i><\/b><span data-contrast=\"auto\"> La Direcci\u00f3n General de Vinculaci\u00f3n de <\/span><span data-contrast=\"auto\">la Universidad Veracruzana (UV), <\/span><span data-contrast=\"auto\">a trav\u00e9s de la Coordinaci\u00f3n Regional de V<\/span><span data-contrast=\"auto\">inculaci\u00f3n, <\/span><span data-contrast=\"auto\">impulsa la cultura emprendedora entre los universitarios, con el objetivo de desarrollar sus aptitudes creativas mediante proyectos viables y factibles, en <\/span><span data-contrast=\"auto\">el evento <\/span><span data-contrast=\"auto\">\u201c<\/span><span data-contrast=\"auto\">Imagina, <\/span><span data-contrast=\"auto\">i<\/span><span data-contrast=\"auto\">nnova y <\/span><span data-contrast=\"auto\">e<\/span><span data-contrast=\"auto\">mprende<\/span><span data-contrast=\"auto\">\u201d<\/span><span data-contrast=\"auto\">.<\/span><span data-ccp-props=\"{&quot;134233279&quot;:true,&quot;201341983&quot;:0,&quot;335559685&quot;:720,&quot;335559739&quot;:200,&quot;335559740&quot;:240}\">\u00a0<\/span><\/p>\n<p><span data-contrast=\"auto\">Los d\u00edas 20 y 21 de noviembre, diversos empresarios compart<\/span><span data-contrast=\"auto\">en<\/span><span data-contrast=\"auto\"> sus conocimientos y vivencias con los estudiantes para motivarlos a desarrollar innovaciones que impacten en los diferentes sectores de la sociedad y fortalecer el desarrollo sustentable de la regi\u00f3n.<\/span><span data-ccp-props=\"{&quot;134233279&quot;:true,&quot;201341983&quot;:0,&quot;335559685&quot;:720,&quot;335559731&quot;:708,&quot;335559739&quot;:200,&quot;335559740&quot;:240}\">\u00a0<\/span><\/p>\n<p><span data-contrast=\"auto\">En la ceremonia inaugural, <\/span><span data-contrast=\"auto\">el <\/span><span data-contrast=\"auto\">v<\/span><span data-contrast=\"auto\">icerrector <\/span><span data-contrast=\"auto\">Alfonso Gerardo P\u00e9rez Morales <\/span><span data-contrast=\"auto\">inform\u00f3 <\/span><span data-contrast=\"auto\">que la cuarta edici\u00f3n registr\u00f3 <\/span><span data-contrast=\"auto\">286 asistentes, <\/span><span data-contrast=\"auto\">siete<\/span><span data-contrast=\"auto\"> conferencistas y 12 patrocinadores que confiaron en la UV para fomentar el emprendimiento en los j\u00f3venes.<\/span><span data-ccp-props=\"{&quot;134233279&quot;:true,&quot;201341983&quot;:0,&quot;335559685&quot;:720,&quot;335559731&quot;:708,&quot;335559739&quot;:200,&quot;335559740&quot;:240}\">\u00a0<\/span><\/p>\n<p><span data-contrast=\"auto\">Coment\u00f3 adem\u00e1s que el <\/span><span data-contrast=\"auto\">21 de noviembre, <\/span><span data-contrast=\"auto\">182 estudiantes <\/span><span data-contrast=\"auto\">desarrollar\u00e1<\/span><span data-contrast=\"auto\">n 50 proyectos innovadores <\/span><span data-contrast=\"auto\">que<\/span> <span data-contrast=\"auto\">ser\u00e1n presentados ante nueve<\/span><span data-contrast=\"auto\"> jurados, quienes calificar\u00e1n y reco<\/span><span data-contrast=\"auto\">nocer\u00e1n a los primeros lugares.<\/span><span data-ccp-props=\"{&quot;134233279&quot;:true,&quot;201341983&quot;:0,&quot;335559685&quot;:720,&quot;335559731&quot;:708,&quot;335559739&quot;:200,&quot;335559740&quot;:240}\">\u00a0<\/span><\/p>\n<p><span data-contrast=\"auto\">\u201cLo<\/span><span data-contrast=\"auto\">s felicito j\u00f3venes<\/span><span data-contrast=\"auto\">,<\/span><span data-contrast=\"auto\"> porque este evento es resultado de su entusiasmo\u201d. Subray\u00f3 que en a\u00f1os anteriores varios de los proyectos participantes fueron la base de lo que hoy son empresas productivas<\/span><span data-contrast=\"auto\">.<\/span><\/p>\n<div id='gallery-1' class='gallery galleryid-76908 gallery-columns-3 gallery-size-full'><dl class='gallery-item'>\n\t\t\t<dt class='gallery-icon landscape'>\n\t\t\t\t<a href='https:\/\/www.uv.mx\/prensa\/files\/2019\/11\/201119-veracruz-imagina-2.jpg'><img loading=\"lazy\" decoding=\"async\" width=\"722\" height=\"481\" src=\"https:\/\/www.uv.mx\/prensa\/files\/2019\/11\/201119-veracruz-imagina-2.jpg\" class=\"attachment-full size-full\" alt=\"Con \u00e9xito se realiz\u00f3 la cuarta edici\u00f3n de \u201cImagina, innova y emprende\u201d\" aria-describedby=\"gallery-1-76905\" srcset=\"https:\/\/www.uv.mx\/prensa\/files\/2019\/11\/201119-veracruz-imagina-2.jpg 722w, https:\/\/www.uv.mx\/prensa\/files\/2019\/11\/201119-veracruz-imagina-2-300x200.jpg 300w\" sizes=\"auto, (max-width: 722px) 100vw, 722px\" \/><\/a>\n\t\t\t<\/dt>\n\t\t\t\t<dd class='wp-caption-text gallery-caption' id='gallery-1-76905'>\n\t\t\t\tCon \u00e9xito se realiz\u00f3 la cuarta edici\u00f3n de \u201cImagina, innova y emprende\u201d \n\t\t\t\t<\/dd><\/dl><dl class='gallery-item'>\n\t\t\t<dt class='gallery-icon landscape'>\n\t\t\t\t<a href='https:\/\/www.uv.mx\/prensa\/files\/2019\/11\/201119-veracruz-imagina-3.jpg'><img loading=\"lazy\" decoding=\"async\" width=\"722\" height=\"481\" src=\"https:\/\/www.uv.mx\/prensa\/files\/2019\/11\/201119-veracruz-imagina-3.jpg\" class=\"attachment-full size-full\" alt=\"El vicerrector Alfonso P\u00e9rez durante la inauguraci\u00f3n\" aria-describedby=\"gallery-1-76906\" srcset=\"https:\/\/www.uv.mx\/prensa\/files\/2019\/11\/201119-veracruz-imagina-3.jpg 722w, https:\/\/www.uv.mx\/prensa\/files\/2019\/11\/201119-veracruz-imagina-3-300x200.jpg 300w\" sizes=\"auto, (max-width: 722px) 100vw, 722px\" \/><\/a>\n\t\t\t<\/dt>\n\t\t\t\t<dd class='wp-caption-text gallery-caption' id='gallery-1-76906'>\n\t\t\t\tEl vicerrector Alfonso P\u00e9rez durante la inauguraci\u00f3n \n\t\t\t\t<\/dd><\/dl><dl class='gallery-item'>\n\t\t\t<dt class='gallery-icon landscape'>\n\t\t\t\t<a href='https:\/\/www.uv.mx\/prensa\/files\/2019\/11\/201119-veracruz-imagina-4.jpg'><img loading=\"lazy\" decoding=\"async\" width=\"722\" height=\"481\" src=\"https:\/\/www.uv.mx\/prensa\/files\/2019\/11\/201119-veracruz-imagina-4.jpg\" class=\"attachment-full size-full\" alt=\"Ariel Rivera, director general de Vinculaci\u00f3n\" aria-describedby=\"gallery-1-76907\" srcset=\"https:\/\/www.uv.mx\/prensa\/files\/2019\/11\/201119-veracruz-imagina-4.jpg 722w, https:\/\/www.uv.mx\/prensa\/files\/2019\/11\/201119-veracruz-imagina-4-300x200.jpg 300w\" sizes=\"auto, (max-width: 722px) 100vw, 722px\" \/><\/a>\n\t\t\t<\/dt>\n\t\t\t\t<dd class='wp-caption-text gallery-caption' id='gallery-1-76907'>\n\t\t\t\tAriel Rivera, director general de Vinculaci\u00f3n \n\t\t\t\t<\/dd><\/dl><br style=\"clear: both\" \/>\n\t\t<\/div>\n\n<p><span data-contrast=\"auto\">P\u00e9rez Morales celebr\u00f3 que la regi\u00f3n sea fruct\u00edfera en<\/span><span data-contrast=\"auto\"> el tema de la<\/span><span data-contrast=\"auto\"> innovaci\u00f3n, <\/span><span data-contrast=\"auto\">e hizo \u00e9nfasis en que su <\/span><span data-contrast=\"auto\">entusiasmo <\/span><span data-contrast=\"auto\">se demuestra en resultados<\/span><span data-contrast=\"auto\"> tangibles.<\/span><span data-ccp-props=\"{&quot;134233279&quot;:true,&quot;201341983&quot;:0,&quot;335559685&quot;:720,&quot;335559731&quot;:708,&quot;335559739&quot;:200,&quot;335559740&quot;:240}\">\u00a0<\/span><\/p>\n<p><span data-contrast=\"auto\">Por su parte<\/span><span data-contrast=\"auto\">,<\/span> <span data-contrast=\"auto\">Ariel Rivera Torres<\/span><span data-contrast=\"auto\">,<\/span><span data-contrast=\"auto\"> director <\/span><span data-contrast=\"auto\">g<\/span><span data-contrast=\"auto\">eneral de V<\/span><span data-contrast=\"auto\">inculaci\u00f3n<\/span><span data-contrast=\"auto\">,<\/span><span data-contrast=\"auto\"> coinc<\/span><span data-contrast=\"auto\">idi\u00f3 con el Vicerrector <\/span><span data-contrast=\"auto\">y dijo:<\/span><span data-contrast=\"auto\"> \u201cReconozco que esta regi\u00f3n siempre ha sido punta de lanza y <\/span><span data-contrast=\"auto\">obtenido<\/span><span data-contrast=\"auto\"> premios <\/span><span data-contrast=\"auto\">a nivel internacional en la actividad de la innovaci\u00f3n y del emprendimiento\u201d<\/span><span data-contrast=\"auto\">.<\/span><span data-ccp-props=\"{&quot;201341983&quot;:0,&quot;335559731&quot;:708,&quot;335559739&quot;:200,&quot;335559740&quot;:240}\">\u00a0<\/span><\/p>\n<p><span data-contrast=\"auto\">Adem\u00e1s<\/span><span data-contrast=\"auto\">,<\/span><span data-contrast=\"auto\"> aplaudi\u00f3 el inter\u00e9s de las autoridades regionales para \u201cdetonar la innovaci\u00f3n, la creatividad y el emprendimiento de nuestros j\u00f3venes\u201d.<\/span><span data-ccp-props=\"{&quot;201341983&quot;:0,&quot;335559731&quot;:708,&quot;335559739&quot;:200,&quot;335559740&quot;:240}\">\u00a0<\/span><\/p>\n<p><span data-contrast=\"auto\">En \u201cImagina, innova y emprende\u201d se abordar\u00e1n temas de <\/span><i><span data-contrast=\"auto\">marketing<\/span><\/i><span data-contrast=\"auto\"> digital, <\/span><i><span data-contrast=\"auto\">marketing<\/span><\/i><span data-contrast=\"auto\"> en redes sociales, ecosistema financiero, registro de marca y modelo canvas<\/span><span data-contrast=\"auto\"> (plantillas)<\/span><span data-contrast=\"auto\">.<\/span><span data-ccp-props=\"{&quot;201341983&quot;:0,&quot;335559731&quot;:708,&quot;335559739&quot;:200,&quot;335559740&quot;:240}\">\u00a0<\/span><\/p>\n<p><span data-contrast=\"auto\">La inauguraci\u00f3n fue presidida<\/span><span data-contrast=\"auto\"> por el <\/span><span data-contrast=\"auto\">v<\/span><span data-contrast=\"auto\">icerrector<\/span><span data-contrast=\"auto\"> P\u00e9rez Morales y <\/span><span data-contrast=\"auto\">Ariel Rivera, <\/span><span data-contrast=\"auto\">acompa\u00f1ados de <\/span><span data-contrast=\"auto\">Martha Elena Aguirre Serena,<\/span><span data-contrast=\"auto\"> coordinadora r<\/span><span data-contrast=\"auto\">egional de Desarrollo I<\/span><span data-contrast=\"auto\">nstitucional;<\/span><span data-contrast=\"auto\"> Ricardo Teodoro <\/span><span data-contrast=\"auto\">Alejandrez<\/span><span data-contrast=\"auto\">,<\/span><span data-contrast=\"auto\"> d<\/span><span data-contrast=\"auto\">irector del Centro Las Am\u00e9ricas; Lilia<\/span><span data-contrast=\"auto\">na Barradas Calder\u00f3n<\/span><span data-contrast=\"auto\">,<\/span><span data-contrast=\"auto\"> de <\/span><i><span data-contrast=\"auto\">Tenaris-<\/span><\/i><i><span data-contrast=\"auto\">Tamsa<\/span><\/i><span data-contrast=\"auto\">; Jes\u00fas V\u00e1zquez<\/span><span data-contrast=\"auto\">,<\/span><span data-contrast=\"auto\"> responsable de la <\/span><span data-contrast=\"auto\">O<\/span><span data-contrast=\"auto\">ficina de <\/span><span data-contrast=\"auto\">R<\/span><span data-contrast=\"auto\">epresenta<\/span><span data-contrast=\"auto\">ci\u00f3n en Veracruz de la Secretar\u00ed<\/span><span data-contrast=\"auto\">a de Ec<\/span><span data-contrast=\"auto\">onom\u00eda<\/span><span data-contrast=\"auto\">,<\/span><span data-contrast=\"auto\"> y<\/span> <span data-contrast=\"auto\">Jafed<\/span><span data-contrast=\"auto\"> Rodr\u00edguez<\/span><span data-contrast=\"auto\">, p<\/span><span data-contrast=\"auto\">residente de <\/span><span data-contrast=\"auto\">E<\/span><span data-contrast=\"auto\">mpresarios J<\/span><span data-contrast=\"auto\">\u00f3venes de <\/span><span data-contrast=\"auto\">la <\/span><span data-contrast=\"none\">Confederaci\u00f3n Patronal de la Rep\u00fablica Mexicana<\/span> <span data-contrast=\"none\">(<\/span><i><span data-contrast=\"auto\">Coparmex<\/span><\/i><span data-contrast=\"auto\">)<\/span><span data-contrast=\"auto\">.<\/span><span data-ccp-props=\"{&quot;201341983&quot;:0,&quot;335559731&quot;:708,&quot;335559739&quot;:200,&quot;335559740&quot;:240}\">\u00a0<\/span><\/p>\n","protected":false},"excerpt":{"rendered":"<p>Este jueves 182 estudiantes desarrollar\u00e1n 50 proyectos innovadores <\/p>\n","protected":false},"author":1775,"featured_media":76904,"comment_status":"closed","ping_status":"closed","sticky":false,"template":"","format":"standard","meta":{"footnotes":""},"categories":[55],"tags":[],"class_list":["post-76908","post","type-post","status-publish","format-standard","has-post-thumbnail","hentry","category-veracruz"],"_links":{"self":[{"href":"https:\/\/www.uv.mx\/prensa\/wp-json\/wp\/v2\/posts\/76908","targetHints":{"allow":["GET"]}}],"collection":[{"href":"https:\/\/www.uv.mx\/prensa\/wp-json\/wp\/v2\/posts"}],"about":[{"href":"https:\/\/www.uv.mx\/prensa\/wp-json\/wp\/v2\/types\/post"}],"author":[{"embeddable":true,"href":"https:\/\/www.uv.mx\/prensa\/wp-json\/wp\/v2\/users\/1775"}],"replies":[{"embeddable":true,"href":"https:\/\/www.uv.mx\/prensa\/wp-json\/wp\/v2\/comments?post=76908"}],"version-history":[{"count":0,"href":"https:\/\/www.uv.mx\/prensa\/wp-json\/wp\/v2\/posts\/76908\/revisions"}],"wp:featuredmedia":[{"embeddable":true,"href":"https:\/\/www.uv.mx\/prensa\/wp-json\/wp\/v2\/media\/76904"}],"wp:attachment":[{"href":"https:\/\/www.uv.mx\/prensa\/wp-json\/wp\/v2\/media?parent=76908"}],"wp:term":[{"taxonomy":"category","embeddable":true,"href":"https:\/\/www.uv.mx\/prensa\/wp-json\/wp\/v2\/categories?post=76908"},{"taxonomy":"post_tag","embeddable":true,"href":"https:\/\/www.uv.mx\/prensa\/wp-json\/wp\/v2\/tags?post=76908"}],"curies":[{"name":"wp","href":"https:\/\/api.w.org\/{rel}","templated":true}]}}