{"id":76837,"date":"2019-11-19T16:44:30","date_gmt":"2019-11-19T22:44:30","guid":{"rendered":"https:\/\/www.uv.mx\/prensa\/?p=76837"},"modified":"2019-11-26T09:49:51","modified_gmt":"2019-11-26T15:49:51","slug":"fcq-se-vincula-con-la-unach","status":"publish","type":"post","link":"https:\/\/www.uv.mx\/prensa\/general\/fcq-se-vincula-con-la-unach\/","title":{"rendered":"FCQ se vincula con la UnACh"},"content":{"rendered":"<ul>\n<li data-leveltext=\"\uf0b7\" data-font=\"Symbol\" data-listid=\"1\" data-aria-posinset=\"1\" data-aria-level=\"1\"><i><span data-contrast=\"auto\">A trav\u00e9s de la Facultad de Ciencias Qu\u00edmicas (FCQ)<\/span><\/i><i><span data-contrast=\"auto\">, <\/span><\/i><i><span data-contrast=\"auto\">e<\/span><\/i><i><span data-contrast=\"auto\">l acuerdo promover\u00e1 actividades acad\u00e9micas, cient\u00edficas<\/span><\/i><i><span data-contrast=\"auto\"> y cultural<\/span><\/i><i><span data-contrast=\"auto\">es<\/span><\/i><span data-ccp-props=\"{&quot;134233279&quot;:true,&quot;201341983&quot;:0,&quot;335559739&quot;:160,&quot;335559740&quot;:240}\">\u00a0<\/span><\/li>\n<li data-leveltext=\"\uf0b7\" data-font=\"Symbol\" data-listid=\"1\" data-aria-posinset=\"2\" data-aria-level=\"1\"><i><span data-contrast=\"auto\">Liliana Dom\u00ednguez Ca\u00f1edo, directora de la FCQ<\/span><\/i><i><span data-contrast=\"auto\">,<\/span><\/i><i><span data-contrast=\"auto\"> y Mauricio Comte Donoso<\/span><\/i><i><span data-contrast=\"auto\">, r<\/span><\/i><i><span data-contrast=\"auto\">ector de la <\/span><\/i><span data-contrast=\"auto\">UnACh<\/span><i><span data-contrast=\"auto\">, signaron este<\/span><\/i><i><span data-contrast=\"auto\"> convenio<\/span><\/i><span data-ccp-props=\"{&quot;134233279&quot;:true,&quot;201341983&quot;:0,&quot;335559739&quot;:160,&quot;335559740&quot;:240}\">\u00a0<\/span><\/li>\n<\/ul>\n<div id=\"attachment_76838\" style=\"width: 732px\" class=\"wp-caption aligncenter\"><a href=\"https:\/\/www.uv.mx\/prensa\/files\/2019\/11\/191119-CONVENIO-FCQ-Y-UNIVERSIDAD-ADVENTISTA-DE-CHILE-1.jpg\"><img loading=\"lazy\" decoding=\"async\" aria-describedby=\"caption-attachment-76838\" class=\"size-full wp-image-76838\" src=\"https:\/\/www.uv.mx\/prensa\/files\/2019\/11\/191119-CONVENIO-FCQ-Y-UNIVERSIDAD-ADVENTISTA-DE-CHILE-1.jpg\" alt=\"\" width=\"722\" height=\"481\" srcset=\"https:\/\/www.uv.mx\/prensa\/files\/2019\/11\/191119-CONVENIO-FCQ-Y-UNIVERSIDAD-ADVENTISTA-DE-CHILE-1.jpg 722w, https:\/\/www.uv.mx\/prensa\/files\/2019\/11\/191119-CONVENIO-FCQ-Y-UNIVERSIDAD-ADVENTISTA-DE-CHILE-1-300x200.jpg 300w\" sizes=\"auto, (max-width: 722px) 100vw, 722px\" \/><\/a><p id=\"caption-attachment-76838\" class=\"wp-caption-text\">La UV y la Universidad Adventista de Chile signaron un convenio general de colaboraci\u00f3n<\/p><\/div>\n<p><b><i><span data-contrast=\"auto\">Claudia Peralta V\u00e1zquez<\/span><\/i><\/b><span data-ccp-props=\"{&quot;201341983&quot;:0,&quot;335559739&quot;:160,&quot;335559740&quot;:240}\">\u00a0<\/span><\/p>\n<p><b><i><span data-contrast=\"auto\">19\/11\/<\/span><\/i><\/b><b><i><span data-contrast=\"auto\">20<\/span><\/i><\/b><b><i><span data-contrast=\"auto\">19, Xalapa, Ver.-<\/span><\/i><\/b> <span data-contrast=\"auto\">La Universidad <\/span><span data-contrast=\"auto\">Veracruzana (UV), a trav\u00e9s de la Facultad de Ciencias Qu\u00edmicas (FCQ)<\/span><span data-contrast=\"auto\">, sign\u00f3 el pasado 24 de octubre<\/span><span data-contrast=\"auto\"> un convenio <\/span><span data-contrast=\"auto\">general <\/span><span data-contrast=\"auto\">de colaboraci\u00f3n <\/span><span data-contrast=\"auto\">con la<\/span><span data-contrast=\"auto\"> Universidad Adventista de Chile (<\/span><i><span data-contrast=\"auto\">UnACh<\/span><\/i><span data-contrast=\"auto\">),<\/span><span data-contrast=\"auto\"> que favorecer\u00e1<\/span><span data-contrast=\"auto\"> a ambas instituciones<\/span> <span data-contrast=\"auto\">en<\/span><span data-contrast=\"auto\"> cuanto<\/span><span data-contrast=\"auto\"> el<\/span><span data-contrast=\"auto\"> desarrollo de actividades de docencia, investigaci\u00f3n, ext<\/span><span data-contrast=\"auto\">ensi\u00f3n y difusi\u00f3n de la cultura, as\u00ed como <\/span><span data-contrast=\"auto\">servicios de apoyo t\u00e9cnico y tecnol\u00f3gico.<\/span><span data-ccp-props=\"{&quot;201341983&quot;:0,&quot;335559739&quot;:160,&quot;335559740&quot;:240}\">\u00a0<\/span><\/p>\n<p><span data-contrast=\"auto\">Durante una estancia de investigaci\u00f3n realizada con apoyo del Programa de Fortalecimiento de la Calidad Educativa (PFCE) 2019, Liliana Dom<\/span><span data-contrast=\"auto\">\u00ednguez Ca\u00f1edo, directora de la <\/span><span data-contrast=\"auto\">FCQ<\/span><span data-contrast=\"auto\">, se reuni\u00f3 con el r<\/span><span data-contrast=\"auto\">ector de la <\/span><i><span data-contrast=\"auto\">UnACh<\/span><\/i><span data-contrast=\"auto\">, Mauricio Comte Donoso, <\/span><span data-contrast=\"auto\">para formalizar este acuerdo<\/span><span data-contrast=\"auto\">, en un acto que tuvo lugar <\/span><span data-contrast=\"auto\">en las instalaciones de<\/span><span data-contrast=\"auto\"> esa<\/span><span data-contrast=\"auto\"> universidad<\/span><span data-contrast=\"auto\"> situada en Ch<\/span><span data-contrast=\"auto\">ill\u00e1n, \u00d1uble, Chile.<\/span> <span data-contrast=\"auto\">E<\/span><span data-contrast=\"auto\">stuvieron acompa\u00f1ados por la <\/span><span data-contrast=\"auto\">v<\/span><span data-contrast=\"auto\">icerrectora Loreto Silva.<\/span><span data-ccp-props=\"{&quot;201341983&quot;:0,&quot;335559739&quot;:160,&quot;335559740&quot;:240}\">\u00a0<\/span><\/p>\n<p><span data-contrast=\"auto\">La <\/span><i><span data-contrast=\"auto\">UnACh<\/span><\/i><span data-contrast=\"auto\"> es una instituci\u00f3n privada, cuyo proyecto educativo se fundamenta en una cosmovisi\u00f3n b\u00edblica cristiana que tiene como prop\u00f3sito formar profesionales y graduados competentes, crear y transmitir conocimiento y vincularse con el medio, para contribuir al desarrollo cultural, social y productivo de la regi\u00f3n y del pa\u00eds, as\u00ed como de la Iglesia Adventista.<\/span><span data-ccp-props=\"{&quot;201341983&quot;:0,&quot;335559731&quot;:708,&quot;335559739&quot;:160,&quot;335559740&quot;:240}\">\u00a0<\/span><\/p>\n<p><span data-contrast=\"auto\">L<\/span><span data-contrast=\"auto\">a titular de la FCQ expuso que<\/span> <span data-contrast=\"auto\">la colaboraci\u00f3n <\/span><span data-contrast=\"auto\">acad\u00e9mica, cient\u00edfica y cultural<\/span><span data-contrast=\"auto\"> con este pa\u00eds inici\u00f3<\/span><span data-contrast=\"auto\"> el a\u00f1o pasado <\/span><span data-contrast=\"auto\">cuando cinco estudiantes de la F<\/span><span data-contrast=\"auto\">acultad realizaron una estancia en la <\/span><span data-contrast=\"auto\">Universidad Cat\u00f3lica de Chile (UC)<\/span><span data-contrast=\"auto\">.<\/span><span data-ccp-props=\"{&quot;201341983&quot;:0,&quot;335559731&quot;:708,&quot;335559739&quot;:160,&quot;335559740&quot;:240}\">\u00a0<\/span><\/p>\n<p><span data-contrast=\"auto\">Para <\/span><span data-contrast=\"auto\">enero de 2020, igual n\u00famero de alumnos<\/span><span data-contrast=\"auto\"> (cuatro de Ingenier\u00eda en Alimentos y uno de Ingenier\u00eda Qu\u00edmica) har\u00e1n una estancia semestral, pero ahora en la <\/span><i><span data-contrast=\"auto\">UnACh<\/span><\/i><span data-contrast=\"auto\">, bajo la direcci\u00f3n y supervisi\u00f3n de <\/span><span data-contrast=\"auto\">Sergio Benavides Valenzuela,<\/span><span data-contrast=\"auto\"> acad\u00e9mico de esta instituci\u00f3n<\/span><span data-contrast=\"auto\">.<\/span><span data-ccp-props=\"{&quot;201341983&quot;:0,&quot;335559739&quot;:160,&quot;335559740&quot;:240}\">\u00a0<\/span><\/p>\n<p><span data-contrast=\"auto\">Cabe destacar que tres de estos alumnos son ex becarios del Programa de Movilidad Internacional <\/span><i><span data-contrast=\"auto\">Mexfitec<\/span><\/i><span data-contrast=\"auto\">.<\/span><span data-ccp-props=\"{&quot;201341983&quot;:0,&quot;335559739&quot;:160,&quot;335559740&quot;:240}\">\u00a0<\/span><\/p>\n<p><span data-contrast=\"auto\">Adem\u00e1s, desde junio de este a\u00f1o, <\/span><span data-contrast=\"auto\">otra<\/span><span data-contrast=\"auto\"> alumna de Ing<\/span><span data-contrast=\"auto\">enier\u00eda Qu\u00edmica tambi\u00e9n lleva a cabo una estancia en es<\/span><span data-contrast=\"auto\">a universidad.<\/span><span data-ccp-props=\"{&quot;201341983&quot;:0,&quot;335559739&quot;:160,&quot;335559740&quot;:240}\">\u00a0<\/span><\/p>\n<p><span data-contrast=\"auto\">Dom\u00ednguez Ca\u00f1edo resalt\u00f3 que durante el di\u00e1logo con el Rector de la <\/span><i><span data-contrast=\"auto\">UnACh<\/span><\/i><span data-contrast=\"auto\">, <\/span><span data-contrast=\"auto\">ambos se congratularon por poder convenir acciones que ser\u00e1n de gran b<\/span><span data-contrast=\"auto\">eneficio e impacto para<\/span><span data-contrast=\"auto\"> estudiantes y acad\u00e9micos.<\/span><span data-ccp-props=\"{&quot;201341983&quot;:0,&quot;335559739&quot;:160,&quot;335559740&quot;:240}\">\u00a0<\/span><\/p>\n<p><span data-contrast=\"auto\">Agradeci\u00f3 la colaboraci\u00f3n de la Oficina del Abogado General para agilizar estos acuerdos, tanto con la <\/span><i><span data-contrast=\"auto\">UnACh<\/span><\/i> <span data-contrast=\"auto\">como con la Universidad Polit\u00e9cnica de Morelos y el <\/span><span data-contrast=\"auto\">Colegio de Estudios Cient\u00edficos y Tecnol\u00f3gicos del Estado de Veracruz<\/span><span data-contrast=\"auto\"> (<\/span><i><span data-contrast=\"auto\">Cecytev<\/span><\/i><span data-contrast=\"auto\">).<\/span><span data-ccp-props=\"{&quot;201341983&quot;:0,&quot;335559731&quot;:708,&quot;335559739&quot;:160,&quot;335559740&quot;:240}\">\u00a0<\/span><\/p>\n<p><span data-contrast=\"auto\">Coment\u00f3 que a partir de este convenio, los cinco estudiantes que pronto har\u00e1n estancia en la <\/span><i><span data-contrast=\"auto\">UnACh<\/span><\/i><span data-contrast=\"auto\"> viajar\u00e1n respaldados por la UV a trav\u00e9s del <\/span><span data-contrast=\"auto\">Pro<\/span><span data-contrast=\"auto\"> M<\/span><span data-contrast=\"auto\">ejoras<\/span><span data-contrast=\"auto\">, que cubre traslado (ida y vuelta) y un seguro m\u00e9dico; mientras que la <\/span><i><span data-contrast=\"auto\">UnACh<\/span><\/i><span data-contrast=\"auto\"> financiar\u00e1<\/span><span data-contrast=\"auto\"> el hospedaje.<\/span><span data-ccp-props=\"{&quot;201341983&quot;:0,&quot;335559731&quot;:708,&quot;335559739&quot;:160,&quot;335559740&quot;:240}\">\u00a0<\/span><\/p>\n<p><span data-contrast=\"auto\">Con este <\/span><span data-contrast=\"auto\">convenio<\/span><span data-contrast=\"auto\">,<\/span><span data-contrast=\"auto\"> ambas partes acuerdan f<\/span><span data-contrast=\"auto\">acilitar el intercambio de estudiantes con el fin de realizar pasant\u00edas o estad\u00edas de pregrado; <\/span><span data-contrast=\"auto\">p<\/span><span data-contrast=\"auto\">romover la movilidad estudiantil de licenciatura y posgrado; <\/span><span data-contrast=\"auto\">f<\/span><span data-contrast=\"auto\">avorecer el intercambio de personal acad\u00e9mico para participar en eve<\/span><span data-contrast=\"auto\">ntos de actualizaci\u00f3n acad\u00e9mica.<\/span><span data-ccp-props=\"{&quot;201341983&quot;:0,&quot;335559731&quot;:708,&quot;335559739&quot;:160,&quot;335559740&quot;:240}\">\u00a0<\/span><\/p>\n<p><span data-contrast=\"auto\">Asimismo, r<\/span><span data-contrast=\"auto\">ealizar intercambio de personal acad\u00e9mico en estancias sab\u00e1ticas para desarrollar proyectos conjuntos de docencia, investigaci\u00f3n, posgrado, extensi\u00f3n y difusi\u00f3n de la cultura y consolidar los programas de posgrado;<\/span><span data-contrast=\"auto\"> a<\/span><span data-contrast=\"auto\">poyar y promover la realizaci\u00f3n de actividades conjuntas de investigaci\u00f3n, con<\/span><span data-contrast=\"auto\"> especial inter\u00e9s en aqu\u00e9<\/span><span data-contrast=\"auto\">llas ligadas a los programas de posgrado;<\/span><span data-contrast=\"auto\"> y<\/span><span data-contrast=\"auto\"> actividades de educaci\u00f3n a distancia, entre otras.<\/span><span data-ccp-props=\"{&quot;201341983&quot;:0,&quot;335559731&quot;:708,&quot;335559739&quot;:160,&quot;335559740&quot;:240}\">\u00a0<\/span><\/p>\n<p><span data-contrast=\"auto\">Durante esta gira acad\u00e9mica, Dom\u00ednguez Ca\u00f1edo tambi\u00e9n se reuni\u00f3 con acad\u00e9micos e <\/span><span data-contrast=\"auto\">investigadores de las \u00e1reas de i<\/span><span data-contrast=\"auto\">ngenier\u00eda.<\/span><span data-ccp-props=\"{&quot;201341983&quot;:0,&quot;335559731&quot;:708,&quot;335559739&quot;:160,&quot;335559740&quot;:240}\">\u00a0<\/span><\/p>\n","protected":false},"excerpt":{"rendered":"<p>Liliana Dom\u00ednguez Ca\u00f1edo, directora de la FCQ, se reuni\u00f3 con el rector de la UnACh, Mauricio Comte Donoso, para formalizar este acuerdo<\/p>\n","protected":false},"author":1508,"featured_media":76838,"comment_status":"closed","ping_status":"closed","sticky":false,"template":"","format":"standard","meta":{"footnotes":""},"categories":[1],"tags":[],"class_list":["post-76837","post","type-post","status-publish","format-standard","has-post-thumbnail","hentry","category-general"],"_links":{"self":[{"href":"https:\/\/www.uv.mx\/prensa\/wp-json\/wp\/v2\/posts\/76837","targetHints":{"allow":["GET"]}}],"collection":[{"href":"https:\/\/www.uv.mx\/prensa\/wp-json\/wp\/v2\/posts"}],"about":[{"href":"https:\/\/www.uv.mx\/prensa\/wp-json\/wp\/v2\/types\/post"}],"author":[{"embeddable":true,"href":"https:\/\/www.uv.mx\/prensa\/wp-json\/wp\/v2\/users\/1508"}],"replies":[{"embeddable":true,"href":"https:\/\/www.uv.mx\/prensa\/wp-json\/wp\/v2\/comments?post=76837"}],"version-history":[{"count":0,"href":"https:\/\/www.uv.mx\/prensa\/wp-json\/wp\/v2\/posts\/76837\/revisions"}],"wp:featuredmedia":[{"embeddable":true,"href":"https:\/\/www.uv.mx\/prensa\/wp-json\/wp\/v2\/media\/76838"}],"wp:attachment":[{"href":"https:\/\/www.uv.mx\/prensa\/wp-json\/wp\/v2\/media?parent=76837"}],"wp:term":[{"taxonomy":"category","embeddable":true,"href":"https:\/\/www.uv.mx\/prensa\/wp-json\/wp\/v2\/categories?post=76837"},{"taxonomy":"post_tag","embeddable":true,"href":"https:\/\/www.uv.mx\/prensa\/wp-json\/wp\/v2\/tags?post=76837"}],"curies":[{"name":"wp","href":"https:\/\/api.w.org\/{rel}","templated":true}]}}