{"id":76746,"date":"2019-11-15T16:32:35","date_gmt":"2019-11-15T22:32:35","guid":{"rendered":"https:\/\/www.uv.mx\/prensa\/?p=76746"},"modified":"2019-11-19T12:48:40","modified_gmt":"2019-11-19T18:48:40","slug":"universitarios-recolectaron-residuos-urbanos","status":"publish","type":"post","link":"https:\/\/www.uv.mx\/prensa\/regiones\/veracruz\/universitarios-recolectaron-residuos-urbanos\/","title":{"rendered":"Universitarios recolectaron residuos urbanos"},"content":{"rendered":"<ul>\n<li data-leveltext=\"\uf0b7\" data-font=\"Symbol\" data-listid=\"3\" data-aria-posinset=\"1\" data-aria-level=\"1\"><i><span data-contrast=\"auto\">A<\/span><\/i><i><span data-contrast=\"auto\">paratos electr\u00f3nicos, electrodom\u00e9sticos, pilas, aceite vegetal, papel, cart\u00f3n y PET<\/span><\/i><span data-ccp-props=\"{&quot;134233279&quot;:true,&quot;201341983&quot;:0,&quot;335559739&quot;:160,&quot;335559740&quot;:240}\">\u00a0<\/span><\/li>\n<\/ul>\n<div id=\"attachment_76747\" style=\"width: 732px\" class=\"wp-caption aligncenter\"><a href=\"https:\/\/www.uv.mx\/prensa\/files\/2019\/11\/151119-veracruz-reciclaton-1.jpg\"><img loading=\"lazy\" decoding=\"async\" aria-describedby=\"caption-attachment-76747\" class=\"size-full wp-image-76747\" src=\"https:\/\/www.uv.mx\/prensa\/files\/2019\/11\/151119-veracruz-reciclaton-1.jpg\" alt=\"\" width=\"722\" height=\"481\" srcset=\"https:\/\/www.uv.mx\/prensa\/files\/2019\/11\/151119-veracruz-reciclaton-1.jpg 722w, https:\/\/www.uv.mx\/prensa\/files\/2019\/11\/151119-veracruz-reciclaton-1-300x200.jpg 300w\" sizes=\"auto, (max-width: 722px) 100vw, 722px\" \/><\/a><p id=\"caption-attachment-76747\" class=\"wp-caption-text\">La regi\u00f3n Veracruz realiz\u00f3 un acopio de residuos urbanos<\/p><\/div>\n<p><b><i><span data-contrast=\"auto\">15\/11\/2019, Boca del R\u00edo, Ver.-<\/span><\/i><\/b><span data-contrast=\"auto\"> La<a href=\"https:\/\/www.uv.mx\/veracruz\/\" target=\"_blank\" rel=\"noopener noreferrer\"> regi\u00f3n Veracruz de la Universidad Veracruzana<\/a> (UV) llev\u00f3 a cabo, el jueves 14 de noviembre, el segundo <\/span><span data-contrast=\"auto\">Reciclat\u00f3n<\/span><span data-contrast=\"auto\"> 2019 con la finalidad de acopiar residuos reutilizables y reciclables <\/span><span data-contrast=\"auto\">en desuso<\/span><span data-contrast=\"auto\">, as\u00ed como en las entidades y dependencias universitarias.<\/span><span data-ccp-props=\"{&quot;134233117&quot;:true,&quot;134233118&quot;:true,&quot;201341983&quot;:0,&quot;335559740&quot;:240}\">\u00a0<\/span><\/p>\n<p><span data-contrast=\"auto\">Durante la jornada se acopiaron aproximadamente 14 litros de aceite, <\/span><span data-contrast=\"auto\">cuatro<\/span><span data-contrast=\"auto\"> toneladas de electrodom\u00e9sticos y envases <\/span><span data-contrast=\"auto\">PET<\/span><span data-contrast=\"auto\">, mismos que fueron canalizados a las instancias correspond<\/span><span data-contrast=\"auto\">ientes.<\/span><span data-ccp-props=\"{&quot;134233117&quot;:true,&quot;134233118&quot;:true,&quot;201341983&quot;:0,&quot;335559740&quot;:240}\">\u00a0<\/span><\/p>\n<p><span data-contrast=\"auto\">El <\/span><span data-contrast=\"auto\">Reciclat\u00f3n<\/span><span data-contrast=\"auto\"> 2019 se realiz\u00f3 e<\/span><span data-contrast=\"auto\">n coordinaci\u00f3n con la empresa<\/span> <span data-contrast=\"auto\">Ecolai<\/span> <span data-contrast=\"auto\">M\u00e9xico, <\/span><span data-contrast=\"auto\">la Secretar\u00eda de Medio Ambiente (<\/span><i><span data-contrast=\"auto\">Sedema<\/span><\/i><span data-contrast=\"auto\">)<\/span> <span data-contrast=\"auto\">y <\/span><span data-contrast=\"auto\">Reciclemos y Ayudemos, A.C.<\/span><span data-ccp-props=\"{&quot;134233117&quot;:true,&quot;134233118&quot;:true,&quot;201341983&quot;:0,&quot;335559731&quot;:708,&quot;335559740&quot;:240}\">\u00a0<\/span><\/p>\n<p><span data-contrast=\"auto\">El v<\/span><span data-contrast=\"auto\">icerrector Alfonso P\u00e9rez Morales aplaudi\u00f3 la respuesta de las personas de la comunidad universitaria y p\u00fablico en general que, conscientes con el medio ambiente, llevaron los residuos urbanos para darle un buen destino y reducir la contaminaci\u00f3n.<\/span><span data-ccp-props=\"{&quot;134233117&quot;:true,&quot;134233118&quot;:true,&quot;201341983&quot;:0,&quot;335559731&quot;:708,&quot;335559740&quot;:240}\">\u00a0<\/span><\/p>\n<p><span data-contrast=\"auto\">De 9:00 a 16:00 horas se recibieron<\/span><span data-contrast=\"auto\"> equipos electr\u00f3nicos como <\/span><span data-contrast=\"auto\">televisiones, microo<\/span><span data-contrast=\"auto\">ndas, televisiones, cables, CD y DVD<\/span><span data-contrast=\"auto\">;<\/span> <span data-contrast=\"auto\">t<\/span><span data-contrast=\"auto\">ambi\u00e9n <\/span><span data-contrast=\"auto\">se acopi\u00f3<\/span><span data-contrast=\"auto\"> equipo de c\u00f3mputo, aceite vegetal, pilas, <\/span><span data-contrast=\"auto\">envases <\/span><span data-contrast=\"auto\">PET<\/span><span data-contrast=\"auto\"> y papel.<\/span><span data-ccp-props=\"{&quot;134233117&quot;:true,&quot;134233118&quot;:true,&quot;201341983&quot;:0,&quot;335559731&quot;:708,&quot;335559740&quot;:240}\">\u00a0<\/span><\/p>\n<p><span data-contrast=\"auto\">La jornada de recolecci\u00f3n, manejo y disposici\u00f3n final de residuos urbanos <\/span><span data-contrast=\"auto\">se enmarca en e<\/span><span data-contrast=\"auto\">l Plan Maestro para la Sustentabilidad de la UV y se realiza cada determinado tiempo con el objetivo de promover la educaci\u00f3n ambiental, inform\u00f3 Alicia Urbina, coordinadora regional del Programa de Sustentabilidad.<\/span><span data-ccp-props=\"{&quot;134233117&quot;:true,&quot;134233118&quot;:true,&quot;201341983&quot;:0,&quot;335559731&quot;:708,&quot;335559740&quot;:240}\">\u00a0<\/span><\/p>\n<div id='gallery-1' class='gallery galleryid-76746 gallery-columns-2 gallery-size-full'><dl class='gallery-item'>\n\t\t\t<dt class='gallery-icon landscape'>\n\t\t\t\t<a href='https:\/\/www.uv.mx\/prensa\/files\/2019\/11\/151119-veracruz-reciclaton-2.jpg'><img loading=\"lazy\" decoding=\"async\" width=\"722\" height=\"481\" src=\"https:\/\/www.uv.mx\/prensa\/files\/2019\/11\/151119-veracruz-reciclaton-2.jpg\" class=\"attachment-full size-full\" alt=\"\" aria-describedby=\"gallery-1-76748\" srcset=\"https:\/\/www.uv.mx\/prensa\/files\/2019\/11\/151119-veracruz-reciclaton-2.jpg 722w, https:\/\/www.uv.mx\/prensa\/files\/2019\/11\/151119-veracruz-reciclaton-2-300x200.jpg 300w\" sizes=\"auto, (max-width: 722px) 100vw, 722px\" \/><\/a>\n\t\t\t<\/dt>\n\t\t\t\t<dd class='wp-caption-text gallery-caption' id='gallery-1-76748'>\n\t\t\t\tLa sociedad particip\u00f3 activamente \n\t\t\t\t<\/dd><\/dl><dl class='gallery-item'>\n\t\t\t<dt class='gallery-icon landscape'>\n\t\t\t\t<a href='https:\/\/www.uv.mx\/prensa\/files\/2019\/11\/151119-veracruz-reciclaton-3.jpg'><img loading=\"lazy\" decoding=\"async\" width=\"722\" height=\"481\" src=\"https:\/\/www.uv.mx\/prensa\/files\/2019\/11\/151119-veracruz-reciclaton-3.jpg\" class=\"attachment-full size-full\" alt=\"\" aria-describedby=\"gallery-1-76749\" srcset=\"https:\/\/www.uv.mx\/prensa\/files\/2019\/11\/151119-veracruz-reciclaton-3.jpg 722w, https:\/\/www.uv.mx\/prensa\/files\/2019\/11\/151119-veracruz-reciclaton-3-300x200.jpg 300w\" sizes=\"auto, (max-width: 722px) 100vw, 722px\" \/><\/a>\n\t\t\t<\/dt>\n\t\t\t\t<dd class='wp-caption-text gallery-caption' id='gallery-1-76749'>\n\t\t\t\tSe acopiaron pilas, electrodom\u00e9sticos, aparatos electr\u00f3nicos y papel, entre otros\n\t\t\t\t<\/dd><\/dl><br style=\"clear: both\" \/>\n\t\t<\/div>\n\n","protected":false},"excerpt":{"rendered":"<p>Se acopiaron aproximadamente 14 litros de aceite, cuatro toneladas de electrodom\u00e9sticos y envases PET, mismos que fueron canalizados a las instancias correspondientes<\/p>\n","protected":false},"author":1508,"featured_media":76747,"comment_status":"closed","ping_status":"closed","sticky":false,"template":"","format":"standard","meta":{"footnotes":""},"categories":[55],"tags":[],"class_list":["post-76746","post","type-post","status-publish","format-standard","has-post-thumbnail","hentry","category-veracruz"],"_links":{"self":[{"href":"https:\/\/www.uv.mx\/prensa\/wp-json\/wp\/v2\/posts\/76746","targetHints":{"allow":["GET"]}}],"collection":[{"href":"https:\/\/www.uv.mx\/prensa\/wp-json\/wp\/v2\/posts"}],"about":[{"href":"https:\/\/www.uv.mx\/prensa\/wp-json\/wp\/v2\/types\/post"}],"author":[{"embeddable":true,"href":"https:\/\/www.uv.mx\/prensa\/wp-json\/wp\/v2\/users\/1508"}],"replies":[{"embeddable":true,"href":"https:\/\/www.uv.mx\/prensa\/wp-json\/wp\/v2\/comments?post=76746"}],"version-history":[{"count":0,"href":"https:\/\/www.uv.mx\/prensa\/wp-json\/wp\/v2\/posts\/76746\/revisions"}],"wp:featuredmedia":[{"embeddable":true,"href":"https:\/\/www.uv.mx\/prensa\/wp-json\/wp\/v2\/media\/76747"}],"wp:attachment":[{"href":"https:\/\/www.uv.mx\/prensa\/wp-json\/wp\/v2\/media?parent=76746"}],"wp:term":[{"taxonomy":"category","embeddable":true,"href":"https:\/\/www.uv.mx\/prensa\/wp-json\/wp\/v2\/categories?post=76746"},{"taxonomy":"post_tag","embeddable":true,"href":"https:\/\/www.uv.mx\/prensa\/wp-json\/wp\/v2\/tags?post=76746"}],"curies":[{"name":"wp","href":"https:\/\/api.w.org\/{rel}","templated":true}]}}